{"id":38225,"date":"2025-11-03T01:28:08","date_gmt":"2025-11-03T01:28:08","guid":{"rendered":"https:\/\/www.europesays.com\/lv\/38225\/"},"modified":"2025-11-03T01:28:08","modified_gmt":"2025-11-03T01:28:08","slug":"ka-orbans-izmanto-krievijas-iebrukumu-ukraina-sava-laba","status":"publish","type":"post","link":"https:\/\/www.europesays.com\/lv\/38225\/","title":{"rendered":"K\u0101 Orb\u0101ns izmanto Krievijas iebrukumu Ukrain\u0101 sav\u0101 lab\u0101"},"content":{"rendered":"<p>\u0160o pasaules m\u0113roga demokr\u0101tijas norietu ir veicin\u0101ju\u0161i vair\u0101ki faktori. Autorit\u0101rie re\u017e\u012bmi nostiprina savu varu, pastiprinot kontroles metodes, s\u0101kot no v\u0113l\u0113\u0161anu manipul\u0101cij\u0101m un digit\u0101l\u0101s uzraudz\u012bbas l\u012bdz juridisk\u0101m un institucion\u0101l\u0101m manipul\u0101cij\u0101m. Turkl\u0101t autokr\u0101ti nereti viens otru politiski un ekonomiski atbalsta, k\u0101 to pier\u0101da cie\u0161\u0101s attiec\u012bbas starp \u0136\u012bnas prezidentu Sji Dzji\u0146pinu un Krievijas prezidentu Vladimiru Putinu.<\/p>\n","protected":false},"excerpt":{"rendered":"\u0160o pasaules m\u0113roga demokr\u0101tijas norietu ir veicin\u0101ju\u0161i vair\u0101ki faktori. Autorit\u0101rie re\u017e\u012bmi nostiprina savu varu, pastiprinot kontroles metodes, s\u0101kot&hellip;\n","protected":false},"author":2,"featured_media":38226,"comment_status":"","ping_status":"","sticky":false,"template":"","format":"standard","meta":{"footnotes":""},"categories":[14],"tags":[23,57,3700,11154,28,29,542,32,33,22,4213,234,30,31,35,39,38,36,37,34,40,20,26,27,2381,630,24,25,2380,240,2497,2508,235,54,55,56,21,58],"class_list":{"0":"post-38225","1":"post","2":"type-post","3":"status-publish","4":"format-standard","5":"has-post-thumbnail","7":"category-zinas-no-arvalstim","8":"tag-aktualitates","9":"tag-arvalstim","10":"tag-autoritarisma-ena-par-eiropu","11":"tag-autoritarisms","12":"tag-breaking-news","13":"tag-breakingnews","14":"tag-donalds-tramps","15":"tag-featured-news","16":"tag-featurednews","17":"tag-headlines","18":"tag-kina","19":"tag-krievija","20":"tag-latest-news","21":"tag-latestnews","22":"tag-latvia","23":"tag-latvian","24":"tag-latviesu","25":"tag-latviesu-valoda","26":"tag-latviesuvaloda","27":"tag-latvija","28":"tag-lv","29":"tag-news","30":"tag-popularakas-zinas","31":"tag-popularakaszinas","32":"tag-redzeps-tajips-erdogans","33":"tag-sji-dzjinpins","34":"tag-top-stories","35":"tag-topstories","36":"tag-turcija","37":"tag-tvnet-viedokli","38":"tag-ungarija","39":"tag-viktors-orbans","40":"tag-vladimirs-putins","41":"tag-world","42":"tag-world-news","43":"tag-worldnews","44":"tag-zinas","45":"tag-zinas-no-arvalstim"},"share_on_mastodon":{"url":"","error":"Validation failed: Text character limit of 500 exceeded"},"_links":{"self":[{"href":"https:\/\/www.europesays.com\/lv\/wp-json\/wp\/v2\/posts\/38225","targetHints":{"allow":["GET"]}}],"collection":[{"href":"https:\/\/www.europesays.com\/lv\/wp-json\/wp\/v2\/posts"}],"about":[{"href":"https:\/\/www.europesays.com\/lv\/wp-json\/wp\/v2\/types\/post"}],"author":[{"embeddable":true,"href":"https:\/\/www.europesays.com\/lv\/wp-json\/wp\/v2\/users\/2"}],"replies":[{"embeddable":true,"href":"https:\/\/www.europesays.com\/lv\/wp-json\/wp\/v2\/comments?post=38225"}],"version-history":[{"count":0,"href":"https:\/\/www.europesays.com\/lv\/wp-json\/wp\/v2\/posts\/38225\/revisions"}],"wp:featuredmedia":[{"embeddable":true,"href":"https:\/\/www.europesays.com\/lv\/wp-json\/wp\/v2\/media\/38226"}],"wp:attachment":[{"href":"https:\/\/www.europesays.com\/lv\/wp-json\/wp\/v2\/media?parent=38225"}],"wp:term":[{"taxonomy":"category","embeddable":true,"href":"https:\/\/www.europesays.com\/lv\/wp-json\/wp\/v2\/categories?post=38225"},{"taxonomy":"post_tag","embeddable":true,"href":"https:\/\/www.europesays.com\/lv\/wp-json\/wp\/v2\/tags?post=38225"}],"curies":[{"name":"wp","href":"https:\/\/api.w.org\/{rel}","templated":true}]}}