{"id":38231,"date":"2025-11-03T01:37:07","date_gmt":"2025-11-03T01:37:07","guid":{"rendered":"https:\/\/www.europesays.com\/lv\/38231\/"},"modified":"2025-11-03T01:37:07","modified_gmt":"2025-11-03T01:37:07","slug":"viltiga-manipulativa-sieviete-kas-aprij-viriesus-lente-lv","status":"publish","type":"post","link":"https:\/\/www.europesays.com\/lv\/38231\/","title":{"rendered":"\u201cVilt\u012bga, manipulat\u012bva sieviete, kas aprij v\u012brie\u0161us\u201d\u00a0\u2014\u00a0Lente.lv"},"content":{"rendered":"<p>Psiholo\u0123es skat\u012bjums uz Annas Sedokovas person\u012bbu: manipul\u0101cija un hist\u0113rija<\/p>\n<p>Psiholo\u0123e Veronika Stepanova ir veikusi padzi\u013cin\u0101tu anal\u012bzi dzied\u0101t\u0101jas Annas Sedokovas person\u012bbai, pied\u0101v\u0101jot negaid\u012btu un skarbu skat\u012bjumu. P\u0113c vi\u0146as dom\u0101m, Sedakova iemieso klasisku hist\u0113ri\u0137es tipu, kura savus partnerus destrukt\u012bvi ietekm\u0113, sal\u012bdzinot vi\u0146as uzved\u012bbu ar skorpiona dabai rakstur\u012bgo nosl\u0113pumaino un reiz\u0113m b\u012bstamo dabu. \u0160\u012b anal\u012bze ir izrais\u012bjusi pla\u0161as diskusijas sabiedr\u012bb\u0101, liekot aizdom\u0101ties par publisk\u0101s personas t\u0113la un paties\u0101s person\u012bbas at\u0161\u0137ir\u012bb\u0101m.<\/p>\n<p>Stepanova sav\u0101 anal\u012bz\u0113 nor\u0101da, ka Sedakova sp\u0113jot b\u016bt \u013coti manipulat\u012bva un valdon\u012bga sieviete, kura sav\u0101 ce\u013c\u0101 it k\u0101 \u201caprijot v\u012brie\u0161us\u201d. \u0160is sp\u0113c\u012bgais izteikums atspogu\u013co psiholo\u0123es uzskatu, ka dzied\u0101t\u0101ja izmanto savas person\u012bbas \u012bpa\u0161\u012bbas, lai kontrol\u0113tu apk\u0101rt\u0113jos, \u012bpa\u0161i attiec\u012bb\u0101s ar v\u012brie\u0161iem. Tiek pat izteikts sal\u012bdzin\u0101jums ar \u201cseksa lelli\u201d, kas uzsver \u0161\u0137ietamo \u0101r\u0113jo pievilc\u012bbu, aiz kuras sl\u0113pjas potenci\u0101li kait\u012bgas psiholo\u0123iskas tendences.<\/p>\n<p>Hist\u0113ri\u0137es paz\u012bmes un skorpionam l\u012bdz\u012bg\u0101 daba<\/p>\n<p>Psiholo\u0123e Veronika Stepanova sav\u0101 anal\u012bz\u0113 ir identific\u0113jusi vair\u0101kas Annas Sedakovas person\u012bbai rakstur\u012bgas iez\u012bmes, kas atbilst hist\u0113riska tipa person\u012bbai. \u0160\u0101ds person\u012bbas tips bie\u017ei vien izpau\u017eas k\u0101 emocion\u0101la nestabilit\u0101te, pastiprin\u0101ta uzman\u012bbas mekl\u0113\u0161ana un tieksme uz dramatiz\u0113\u0161anu. Stepanova uzsver, ka Sedakovas uzved\u012bba var\u0113tu b\u016bt saist\u012bta ar nepiecie\u0161am\u012bbu past\u0101v\u012bgi b\u016bt uzman\u012bbas centr\u0101, kas savuk\u0101rt var ietekm\u0113t vi\u0146as attiec\u012bbas ar apk\u0101rt\u0113jiem.<\/p>\n<p>\u0160o tendenci papildina sal\u012bdzin\u0101jums ar skorpionu. \u0160is zodiaka z\u012bmols bie\u017ei vien tiek asoci\u0113ts ar intensit\u0101ti, kaisli, bet ar\u012b ar sp\u0113ju manipul\u0113t un pat atriebties. Stepanova nor\u0101da, ka Sedakovas gad\u012bjum\u0101 \u0161\u012bs skorpionam rakstur\u012bg\u0101s \u012bpa\u0161\u012bbas var\u0113tu izpausties k\u0101 tendence \u201capriet\u201d v\u012brie\u0161us, proti, izmantot vi\u0146us savt\u012bgos nol\u016bkos vai emocion\u0101lai gandar\u012b\u0161anai, neatdodot neko pret\u012b. Tas veido iespaidu par sievieti, kura ir gan kaisl\u012bga, gan potenci\u0101li b\u012bstama attiec\u012bb\u0101s.<\/p>\n<p>Annas Sedakovas lab\u0101s \u012bpa\u0161\u012bbas un kompleks\u0101 person\u012bba<\/p>\n<p>Neskatoties uz skarbo anal\u012bzi, psiholo\u0123e Veronika Stepanova atz\u012bst, ka Annai Sedakovai piem\u012bt ar\u012b virkne pozit\u012bvu \u012bpa\u0161\u012bbu. \u0160\u012bs \u012bpa\u0161\u012bbas pal\u012bdz veidot daudzpus\u012bgu priek\u0161statu par dzied\u0101t\u0101ju, atkl\u0101jot, ka aiz ekscentrisk\u0101s un reiz\u0113m manipulat\u012bv\u0101s fas\u0101des sl\u0113pjas ar\u012b sieviete ar dzi\u013c\u0101k\u0101m emocij\u0101m un sp\u0113j\u0101m. Detaliz\u0113t\u0101ka inform\u0101cija par \u0161\u012bm labaj\u0101m \u012bpa\u0161\u012bb\u0101m gan netiek sniegta, ta\u010du pats fakts, ka t\u0101s tiek piemin\u0113tas, nor\u0101da uz kompleksu person\u012bbu, nevis viennoz\u012bm\u012bgu negat\u012bvu t\u0113lu.<\/p>\n<p>\u0160\u0101da div\u0113j\u0101da pieeja \u2013 uzsverot gan negat\u012bv\u0101s, gan pozit\u012bv\u0101s iez\u012bmes \u2013 ir rakstur\u012bga profesion\u0101lai psiholo\u0123iskai anal\u012bzei. T\u0101 \u013cauj izvair\u012bties no vienk\u0101r\u0161otiem spriedumiem un par\u0101da, ka cilv\u0113ka person\u012bba ir daudzsl\u0101\u0146aina. Sedakovas gad\u012bjum\u0101 tas noz\u012bm\u0113, ka vi\u0146a ir sp\u0113j\u012bga gan uz destrukt\u012bvu uzved\u012bbu, gan uz pozit\u012bv\u0101m izpausm\u0113m, atkar\u012bb\u0101 no situ\u0101cijas un iesaist\u012btaj\u0101m person\u0101m. \u0160\u012b anal\u012bze var\u0113tu mudin\u0101t klaus\u012bt\u0101jus un skat\u012bt\u0101jus piev\u0113rst uzman\u012bbu ne tikai dzied\u0101t\u0101jas publiskajam t\u0113lam, bet ar\u012b dzi\u013c\u0101k izprast vi\u0146as k\u0101 cilv\u0113ka sare\u017e\u0123\u012bt\u012bbu.<\/p>\n<p>Sabiedr\u012bbas reakcija un publisk\u0101s personas anal\u012bzes noz\u012bme<\/p>\n<p>Psiholo\u0123es Veronikas Stepanovas publiskais viedoklis par dzied\u0101t\u0101ju Annu Sedakovu ir izrais\u012bjis iev\u0113rojamu rezonansi sabiedr\u012bb\u0101. Daudzi ir p\u0101rsteigti par tik tie\u0161u un nekompromit\u0113jo\u0161u v\u0113rt\u0113jumu, kas attiecas uz publiski zin\u0101mu personu. \u0160\u0101das anal\u012bzes bie\u017ei vien liek cilv\u0113kiem aizdom\u0101ties par robe\u017eu starp priv\u0101to un publisko dz\u012bvi, k\u0101 ar\u012b par to, cik liel\u0101 m\u0113r\u0101 sabiedr\u012bbas ir ties\u012bbas kritiz\u0113t un analiz\u0113t slaven\u012bbu person\u012bbas.<\/p>\n<p>Savuk\u0101rt citi uzskata, ka \u0161\u0101da veida kritika ir gan pamatota, gan nepiecie\u0161ama, it \u012bpa\u0161i, ja t\u0101 n\u0101k no profesion\u0101\u013ca. Psiholo\u0123isk\u0101 anal\u012bze, pat ja t\u0101 ir kritiska, var pal\u012bdz\u0113t sabiedr\u012bbai lab\u0101k izprast sare\u017e\u0123\u012btas person\u012bbas un to ietekmi uz apk\u0101rt\u0113jiem. T\u0101pat \u0161\u0101das diskusijas var mudin\u0101t pa\u0161as publisk\u0101s personas apzin\u0101ties savu r\u012bc\u012bbu un t\u0101s sekas. T\u0101pat svar\u012bgi ir atcer\u0113ties, ka \u0161\u0101di publiski v\u0113rt\u0113jumi ir tikai viena perspekt\u012bva, un katram indiv\u012bdam ir ties\u012bbas uz savu interpret\u0101ciju un viedokli.<\/p>\n","protected":false},"excerpt":{"rendered":"Psiholo\u0123es skat\u012bjums uz Annas Sedokovas person\u012bbu: manipul\u0101cija un hist\u0113rija Psiholo\u0123e Veronika Stepanova ir veikusi padzi\u013cin\u0101tu anal\u012bzi dzied\u0101t\u0101jas Annas&hellip;\n","protected":false},"author":2,"featured_media":38232,"comment_status":"","ping_status":"","sticky":false,"template":"","format":"standard","meta":{"footnotes":""},"categories":[19],"tags":[1155,89,11159,90,35,39,38,36,37,34,40,11158,11157,11156],"class_list":{"0":"post-38231","1":"post","2":"type-post","3":"status-publish","4":"format-standard","5":"has-post-thumbnail","7":"category-izklaide","8":"tag-anna-sedokova","9":"tag-entertainment","10":"tag-histerike","11":"tag-izklaide","12":"tag-latvia","13":"tag-latvian","14":"tag-latviesu","15":"tag-latviesu-valoda","16":"tag-latviesuvaloda","17":"tag-latvija","18":"tag-lv","19":"tag-manipulativa-sieviete","20":"tag-psihologiska-analize","21":"tag-veronika-stepanova"},"share_on_mastodon":{"url":"https:\/\/pubeurope.com\/@lv\/115483210162932572","error":""},"_links":{"self":[{"href":"https:\/\/www.europesays.com\/lv\/wp-json\/wp\/v2\/posts\/38231","targetHints":{"allow":["GET"]}}],"collection":[{"href":"https:\/\/www.europesays.com\/lv\/wp-json\/wp\/v2\/posts"}],"about":[{"href":"https:\/\/www.europesays.com\/lv\/wp-json\/wp\/v2\/types\/post"}],"author":[{"embeddable":true,"href":"https:\/\/www.europesays.com\/lv\/wp-json\/wp\/v2\/users\/2"}],"replies":[{"embeddable":true,"href":"https:\/\/www.europesays.com\/lv\/wp-json\/wp\/v2\/comments?post=38231"}],"version-history":[{"count":0,"href":"https:\/\/www.europesays.com\/lv\/wp-json\/wp\/v2\/posts\/38231\/revisions"}],"wp:featuredmedia":[{"embeddable":true,"href":"https:\/\/www.europesays.com\/lv\/wp-json\/wp\/v2\/media\/38232"}],"wp:attachment":[{"href":"https:\/\/www.europesays.com\/lv\/wp-json\/wp\/v2\/media?parent=38231"}],"wp:term":[{"taxonomy":"category","embeddable":true,"href":"https:\/\/www.europesays.com\/lv\/wp-json\/wp\/v2\/categories?post=38231"},{"taxonomy":"post_tag","embeddable":true,"href":"https:\/\/www.europesays.com\/lv\/wp-json\/wp\/v2\/tags?post=38231"}],"curies":[{"name":"wp","href":"https:\/\/api.w.org\/{rel}","templated":true}]}}