{"id":38275,"date":"2025-11-03T02:34:07","date_gmt":"2025-11-03T02:34:07","guid":{"rendered":"https:\/\/www.europesays.com\/lv\/38275\/"},"modified":"2025-11-03T02:34:07","modified_gmt":"2025-11-03T02:34:07","slug":"tramps-noliedz-asv-triecienus-venecuelai-neskatoties-uz-militaro-klatbutni-karibu-jura-lente-lv","status":"publish","type":"post","link":"https:\/\/www.europesays.com\/lv\/38275\/","title":{"rendered":"Tramps noliedz ASV triecienus Venecu\u0113lai, neskatoties uz milit\u0101ro kl\u0101tb\u016btni Kar\u012bbu j\u016br\u0101\u00a0\u2014\u00a0Lente.lv"},"content":{"rendered":"<p>ASV prezidents noliedz milit\u0101ras r\u012bc\u012bbas pl\u0101nus Venecu\u0113las virzien\u0101<\/p>\n<p>ASV prezidents Donalds Tramps ir kategoriski noraid\u012bjis jebk\u0101das runas par iesp\u0113jamiem milit\u0101riem triecieniem Venecu\u0113lai. \u0160is pazi\u0146ojums izskan\u0113jis laik\u0101, kad re\u0123ion\u0101 nov\u0113rojama pieaugo\u0161a Amerikas Savienoto Valstu milit\u0101r\u0101 kl\u0101tb\u016btne, kas raisa ba\u017eas Karakas\u0101 par iesp\u0113jamu re\u017e\u012bma mai\u0146u. Tramps \u0161o jaut\u0101jumu koment\u0113jis \u012bsi un tie\u0161i, atbildot uz \u017eurn\u0101lista jaut\u0101jumu prezidenta lidma\u0161\u012bn\u0101 &#8220;Air Force One&#8221;, pazi\u0146ojot &#8220;N\u0113&#8221;.<\/p>\n<p>Venecu\u0113las vald\u012bba jau iepriek\u0161 paudusi nopietnas ba\u017eas, ka ASV pastiprin\u0101t\u0101 milit\u0101r\u0101 aktivit\u0101te Kar\u012bbu j\u016br\u0101 var\u0113tu b\u016bt v\u0113rsta uz m\u0113\u0123in\u0101jumu g\u0101zt pa\u0161reiz\u0113jo politisko eliti. \u0160\u012bs ba\u017eas nav bez pamata, jo p\u0113d\u0113j\u0101s ned\u0113\u013c\u0101s ASV ir disloc\u0113ju\u0161as Kar\u012bbu re\u0123ion\u0101 asto\u0146us kara flotes ku\u0123us, nos\u016bt\u012bju\u0161as modern\u0101s F-35 izn\u012bcin\u0101t\u0101jas uz Puertoriko un uz re\u0123ionu dodas ar\u012b avi\u0101cijas b\u0101zes ku\u0123u trieciengrupa.<\/p>\n<p>Ofici\u0101lais skaidrojums un ba\u017eas<\/p>\n<p>Va\u0161ingtonas ofici\u0101lais skaidrojums \u0161ai sp\u0113ku demonstr\u0101cijai ir c\u012b\u0146a pret narkotiku kontrabandu. ASV valsts sekret\u0101rs Marko Rubio ir publiski noraid\u012bjis medijos izskan\u0113ju\u0161\u0101s spekul\u0101cijas par gatavo\u0161anos uzbrukumam Venecu\u0113lai, uzsverot, ka \u0161\u0101di apgalvojumi ir nepatiesa inform\u0101cija. Vi\u0146\u0161 platform\u0101 &#8220;X&#8221; (agr\u0101k paz\u012bstama k\u0101 Twitter) rakst\u012bjis: &#8220;J\u016bsu &#8216;avoti&#8217; pavedin\u0101ja j\u016bs uzrakst\u012bt viltus st\u0101stu.&#8221;<\/p>\n<p>Neskatoties uz \u0161iem skaidrojumiem, Venecu\u0113las prezidents Nikolas Maduro bie\u017ei aps\u016bdz\u0113jis ASV par &#8220;kara fabric\u0113\u0161anu&#8221; un centieniem vi\u0146u g\u0101zt no amata. P\u0113d\u0113jo m\u0113ne\u0161u laik\u0101 ASV ir pastiprin\u0101ju\u0161as spiedienu pret Maduro re\u017e\u012bmu, uzs\u0101kot pla\u0161u milit\u0101ru kampa\u0146u pret narkotiku kontrabandistiem Kar\u012bbu j\u016br\u0101 un Klus\u0101 oke\u0101na austrumos. \u0160\u012bs oper\u0101cijas rezult\u0101t\u0101 ir izn\u012bcin\u0101ti vair\u0101ki ku\u0123i un nogalin\u0101ti desmitiem cilv\u0113ku, kas tiek vainoti narkotiku p\u0101rvad\u0101\u0161an\u0101.<\/p>\n<p>ASV milit\u0101r\u0101s kl\u0101tb\u016btnes v\u0113sture re\u0123ion\u0101<\/p>\n<p>ASV ir demonstr\u0113jusi savu milit\u0101ro sp\u0113ku ar\u012b ar bumbved\u0113ju B-52 un B-1B p\u0101rlidojumiem net\u0101lu no Venecu\u0113las krastiem. \u0160\u0101da milit\u0101r\u0101 aktivit\u0101te, lai ar\u012b ofici\u0101li skaidrota k\u0101 c\u012b\u0146a pret narkobiznesu, rada dzi\u013cas ba\u017eas Venecu\u0113l\u0101 un cit\u0101s re\u0123iona valst\u012bs. Apskatnieki bie\u017ei nor\u0101da, ka \u0161\u0101ds sp\u0113ku demonstr\u0113jums ir p\u0101r\u0101k liels, lai b\u016btu dom\u0101ts tikai narkotiku kontrabandas apkaro\u0161anai, un dr\u012bz\u0101k liecina par pla\u0161\u0101ku politisko m\u0113r\u0137u sasnieg\u0161anu. Lai gan Trampa administr\u0101cija uzst\u0101j, ka t\u0101s m\u0113r\u0137is ir narkotiku apkaro\u0161ana, Venecu\u0113la \u0161\u012bs darb\u012bbas uztver k\u0101 draudus savai suverenit\u0101tei un gatavo\u0161anos iesp\u0113jamai milit\u0101rai intervencei.<\/p>\n<p>ASV ir jau iepriek\u0161 paudu\u0161as stingru nost\u0101ju pret Maduro re\u017e\u012bmu, pat pied\u0101v\u0101jot iev\u0113rojamu atl\u012bdz\u012bbu par vi\u0146a aiztur\u0113\u0161anu, aps\u016bdzot vi\u0146u narkotiku tirdzniec\u012bb\u0101. Tom\u0113r, \u0146emot v\u0113r\u0101 Trampa p\u0113d\u0113jo pazi\u0146ojumu, \u0161obr\u012bd spekul\u0101cijas par tie\u0161u milit\u0101ru uzbrukumu Venecu\u0113lai tiek klied\u0113tas, un ASV pagaid\u0101m izskat\u0101s, ka turpin\u0101sies diplom\u0101tiskie centieni un re\u0123iona dro\u0161\u012bbas stiprin\u0101\u0161ana, \u012bpa\u0161i c\u012b\u0146\u0101 pret kontrabandu.<\/p>\n","protected":false},"excerpt":{"rendered":"ASV prezidents noliedz milit\u0101ras r\u012bc\u012bbas pl\u0101nus Venecu\u0113las virzien\u0101 ASV prezidents Donalds Tramps ir kategoriski noraid\u012bjis jebk\u0101das runas par&hellip;\n","protected":false},"author":2,"featured_media":38276,"comment_status":"","ping_status":"","sticky":false,"template":"","format":"standard","meta":{"footnotes":""},"categories":[14],"tags":[23,57,11176,28,29,542,32,33,22,8038,30,31,35,39,38,36,37,34,40,7392,20,26,27,24,25,358,54,55,56,21,58],"class_list":{"0":"post-38275","1":"post","2":"type-post","3":"status-publish","4":"format-standard","5":"has-post-thumbnail","7":"category-zinas-no-arvalstim","8":"tag-aktualitates","9":"tag-arvalstim","10":"tag-asv-militara-klatbutne","11":"tag-breaking-news","12":"tag-breakingnews","13":"tag-donalds-tramps","14":"tag-featured-news","15":"tag-featurednews","16":"tag-headlines","17":"tag-karibu-jura","18":"tag-latest-news","19":"tag-latestnews","20":"tag-latvia","21":"tag-latvian","22":"tag-latviesu","23":"tag-latviesu-valoda","24":"tag-latviesuvaloda","25":"tag-latvija","26":"tag-lv","27":"tag-narkotiku-kontrabanda","28":"tag-news","29":"tag-popularakas-zinas","30":"tag-popularakaszinas","31":"tag-top-stories","32":"tag-topstories","33":"tag-venecuela","34":"tag-world","35":"tag-world-news","36":"tag-worldnews","37":"tag-zinas","38":"tag-zinas-no-arvalstim"},"share_on_mastodon":{"url":"","error":"Validation failed: Text character limit of 500 exceeded"},"_links":{"self":[{"href":"https:\/\/www.europesays.com\/lv\/wp-json\/wp\/v2\/posts\/38275","targetHints":{"allow":["GET"]}}],"collection":[{"href":"https:\/\/www.europesays.com\/lv\/wp-json\/wp\/v2\/posts"}],"about":[{"href":"https:\/\/www.europesays.com\/lv\/wp-json\/wp\/v2\/types\/post"}],"author":[{"embeddable":true,"href":"https:\/\/www.europesays.com\/lv\/wp-json\/wp\/v2\/users\/2"}],"replies":[{"embeddable":true,"href":"https:\/\/www.europesays.com\/lv\/wp-json\/wp\/v2\/comments?post=38275"}],"version-history":[{"count":0,"href":"https:\/\/www.europesays.com\/lv\/wp-json\/wp\/v2\/posts\/38275\/revisions"}],"wp:featuredmedia":[{"embeddable":true,"href":"https:\/\/www.europesays.com\/lv\/wp-json\/wp\/v2\/media\/38276"}],"wp:attachment":[{"href":"https:\/\/www.europesays.com\/lv\/wp-json\/wp\/v2\/media?parent=38275"}],"wp:term":[{"taxonomy":"category","embeddable":true,"href":"https:\/\/www.europesays.com\/lv\/wp-json\/wp\/v2\/categories?post=38275"},{"taxonomy":"post_tag","embeddable":true,"href":"https:\/\/www.europesays.com\/lv\/wp-json\/wp\/v2\/tags?post=38275"}],"curies":[{"name":"wp","href":"https:\/\/api.w.org\/{rel}","templated":true}]}}