{"id":38279,"date":"2025-11-03T02:38:07","date_gmt":"2025-11-03T02:38:07","guid":{"rendered":"https:\/\/www.europesays.com\/lv\/38279\/"},"modified":"2025-11-03T02:38:07","modified_gmt":"2025-11-03T02:38:07","slug":"tarakanova-anderlecht-sakauj-kaunas-zalgiri-un-tiek-cl-astotdalfinala-futbols-sportacentrs-com","status":"publish","type":"post","link":"https:\/\/www.europesays.com\/lv\/38279\/","title":{"rendered":"Tarakanova &#8220;Anderlecht&#8221; sakauj Kau\u0146as &#8220;\u017dalgiri&#8221; un tiek \u010cL astotda\u013cfin\u0101l\u0101 \u2013 Futbols \u2013 Sportacentrs.com"},"content":{"rendered":"<p>22 gadus vecais futz\u0101lists pa Lietuvas \u010dempiones v\u0101rtiem sita divas reizes, sestaj\u0101 un 13. min\u016bt\u0113 vi\u0146a raid\u012bto bumbu atvairot braz\u012blie\u0161u v\u0101rtsargam \u017dordanam. Neilgi pirms sava pirm\u0101 sitiena Tarakanovs p\u0101rk\u0101pa noteikumus. 34. min\u016bt\u0113 Latvijas telpu futbolistam neprec\u012bzs sitiens.<\/p>\n<p>Iepriek\u0161\u0113jos due\u013cos &#8220;Anderlecht&#8221;, kuras lab\u0101 \u0161odien dublis braz\u012blietim Darlanam Enriki, ar 1:2 piek\u0101p\u0101s grupas saimniecei Glivices &#8220;Piast&#8221; un ar 0:4 kapitul\u0113ja Sp\u0101nijas \u010dempionei &#8220;Cartagena&#8221;. &#8220;\u017dalgiris&#8221; sp\u0101\u0146iem zaud\u0113ja ar 0:5, bet pret po\u013ciem \u2013 1:3. &#8220;Piast&#8221; un &#8220;Cartagena&#8221; savstarp\u0113j\u0101 c\u012b\u0146\u0101 0:0.<\/p>\n<p>Turn\u012bra turpin\u0101jum\u0101 16 vien\u012bbas, tostarp &#8220;Riga&#8221;, sp\u0113kosies astotda\u013cfin\u0101l\u0101.<\/p>\n<p>UEFA \u010cempionu l\u012bgas astotda\u013cfin\u0101la dal\u012bbnieces<\/p>\n<tr>Pirm\u0101 vietaOtr\u0101 vietaTre\u0161\u0101 vietaPapildus*<\/tr>\n<tr class=\"even\">\n<td>Cartagena (Sp\u0101nija)<\/td>\n<td>Piast Gliwice (Polija)<\/td>\n<td>Anderlecht (Be\u013c\u0123ija)<\/td>\n<td>AEK Athens (Grie\u0137ija)<\/td>\n<\/tr>\n<tr class=\"odd\">\n<td>Palma Futsal (Sp\u0101nija)<\/td>\n<td>\u00c9toile Lavalloise (Francija)<\/td>\n<td>Semey (Kazahst\u0101na)<\/td>\n<td>Hj\u00f8rring (D\u0101nija)<\/td>\n<\/tr>\n<tr class=\"even\">\n<td>Benfica Lisboa (Portug\u0101le)<\/td>\n<td>Riga (Latvija)<\/td>\n<td>Luxol St. Andrews (Malta)<\/td>\n<td>Araz Nax\u00e7\u0131van (Azerbaid\u017e\u0101na)<\/td>\n<\/tr>\n<tr class=\"odd\">\n<td>Sporting Lisboa (Portug\u0101le)<\/td>\n<td>Kairat Almaty (Kazahst\u0101na)<\/td>\n<td>Prishtina (Kosova)<\/td>\n<td>HIT Kyiv (Ukraina)<\/td>\n<\/tr>\n<p>* \u2013 v\u0101j\u0101ko klubu grupu uzvar\u0113t\u0101jas.<\/p>\n<p>Sacens\u012bbu vietne:<br \/><a target=\"_blank\" href=\"https:\/\/www.uefa.com\/uefafutsalchampionsleague\/\" rel=\"nofollow noopener\">https:\/\/www.uefa.com\/uefafutsalcham&#8230;<\/a><\/p>\n","protected":false},"excerpt":{"rendered":"22 gadus vecais futz\u0101lists pa Lietuvas \u010dempiones v\u0101rtiem sita divas reizes, sestaj\u0101 un 13. min\u016bt\u0113 vi\u0146a raid\u012bto bumbu&hellip;\n","protected":false},"author":2,"featured_media":38280,"comment_status":"","ping_status":"","sticky":false,"template":"","format":"standard","meta":{"footnotes":""},"categories":[17],"tags":[676,35,39,38,36,37,34,40,67],"class_list":{"0":"post-38279","1":"post","2":"type-post","3":"status-publish","4":"format-standard","5":"has-post-thumbnail","7":"category-sports","8":"tag-futbols","9":"tag-latvia","10":"tag-latvian","11":"tag-latviesu","12":"tag-latviesu-valoda","13":"tag-latviesuvaloda","14":"tag-latvija","15":"tag-lv","16":"tag-sports"},"share_on_mastodon":{"url":"https:\/\/pubeurope.com\/@lv\/115483449952270095","error":""},"_links":{"self":[{"href":"https:\/\/www.europesays.com\/lv\/wp-json\/wp\/v2\/posts\/38279","targetHints":{"allow":["GET"]}}],"collection":[{"href":"https:\/\/www.europesays.com\/lv\/wp-json\/wp\/v2\/posts"}],"about":[{"href":"https:\/\/www.europesays.com\/lv\/wp-json\/wp\/v2\/types\/post"}],"author":[{"embeddable":true,"href":"https:\/\/www.europesays.com\/lv\/wp-json\/wp\/v2\/users\/2"}],"replies":[{"embeddable":true,"href":"https:\/\/www.europesays.com\/lv\/wp-json\/wp\/v2\/comments?post=38279"}],"version-history":[{"count":0,"href":"https:\/\/www.europesays.com\/lv\/wp-json\/wp\/v2\/posts\/38279\/revisions"}],"wp:featuredmedia":[{"embeddable":true,"href":"https:\/\/www.europesays.com\/lv\/wp-json\/wp\/v2\/media\/38280"}],"wp:attachment":[{"href":"https:\/\/www.europesays.com\/lv\/wp-json\/wp\/v2\/media?parent=38279"}],"wp:term":[{"taxonomy":"category","embeddable":true,"href":"https:\/\/www.europesays.com\/lv\/wp-json\/wp\/v2\/categories?post=38279"},{"taxonomy":"post_tag","embeddable":true,"href":"https:\/\/www.europesays.com\/lv\/wp-json\/wp\/v2\/tags?post=38279"}],"curies":[{"name":"wp","href":"https:\/\/api.w.org\/{rel}","templated":true}]}}