{"id":38295,"date":"2025-11-03T02:59:10","date_gmt":"2025-11-03T02:59:10","guid":{"rendered":"https:\/\/www.europesays.com\/lv\/38295\/"},"modified":"2025-11-03T02:59:10","modified_gmt":"2025-11-03T02:59:10","slug":"cilveks-kurs-sleseram-izteica-naves-draudus-nogadats-arstniecibas-iestade","status":"publish","type":"post","link":"https:\/\/www.europesays.com\/lv\/38295\/","title":{"rendered":"Cilv\u0113ks, kur\u0161 \u0160leseram izteica n\u0101ves draudus, nog\u0101d\u0101ts \u0101rstniec\u012bbas iest\u0101d\u0113"},"content":{"rendered":"<p>Veicot turpm\u0101kas darb\u012bbas krimin\u0101lproces\u0101, saska\u0146ojot ar prokurat\u016bru un \u0101rstniec\u012bbas iest\u0101di, konkr\u0113t\u0101 persona saska\u0146\u0101 ar \u0100rstniec\u012bbas likumu nog\u0101d\u0101ta \u0101rstniec\u012bbas iest\u0101d\u0113. Personai noz\u012bm\u0113tas ekspert\u012bzes.<\/p>\n<p>Pla\u0161\u0101kus koment\u0101rus VP \u0161obr\u012bd nesniegs.<\/p>\n<p>K\u0101 zi\u0146ots, VP sestdien aiztur\u0113ja \u0160leseram n\u0101ves draudus izteiku\u0161o cilv\u0113ku, un t\u0101 atrad\u0101s \u012bslaic\u012bgas aiztur\u0113\u0161anas viet\u0101.<\/p>\n<p>Par notiku\u0161o ir s\u0101kts krimin\u0101lprocess p\u0113c Krimin\u0101llikuma 132.panta par draudiem izdar\u012bt slepkav\u012bbu un nodar\u012bt smagu miesas boj\u0101jumu, ja ir bijis pamats baid\u012bties, ka \u0161ie <a href=\"https:\/\/www.apollo.lv\/term\/724026\/draudi\" class=\"topicLink\" target=\"_blank\" rel=\"nofollow noopener\">draudi<\/a> var tikt izpild\u012bti. Par \u0161\u0101du noziegumu, ja t\u0101ds tiek konstat\u0113ts, Krimin\u0101llikum\u0101 paredz\u0113ts sods ar br\u012bv\u012bbas at\u0146em\u0161anu uz laiku l\u012bdz vienam gadam vai ar \u012bslaic\u012bgu br\u012bv\u012bbas at\u0146em\u0161anu, vai ar prob\u0101cijas uzraudz\u012bbu.<\/p>\n<p>Policij\u0101 skaidro, ka izmekl\u0113\u0161ana turpin\u0101s prokurat\u016bras uzraudz\u012bb\u0101, lai saprastu t\u0101l\u0101ku procesa virz\u012bbu un perspekt\u012bvu.<\/p>\n<p>\u0145emot v\u0113r\u0101 personas datu aizsardz\u012bbu, policija nevar koment\u0113t personas darb\u012bbu mot\u012bvus, lai gan tie esot saprotami, jo cilv\u0113ks iepriek\u0161 jau ir non\u0101cis gan policijas, gan medi\u0137u redzeslok\u0101.<\/p>\n<p>Veikti pas\u0101kumi, lai noskaidrotu personas atra\u0161an\u0101s vietu, jo policijai netika sniegta inform\u0101cija, ka persona ir izlaista no medic\u012bnas iest\u0101des, kur iepriek\u0161 tika nog\u0101d\u0101ta.<\/p>\n","protected":false},"excerpt":{"rendered":"Veicot turpm\u0101kas darb\u012bbas krimin\u0101lproces\u0101, saska\u0146ojot ar prokurat\u016bru un \u0101rstniec\u012bbas iest\u0101di, konkr\u0113t\u0101 persona saska\u0146\u0101 ar \u0100rstniec\u012bbas likumu nog\u0101d\u0101ta \u0101rstniec\u012bbas&hellip;\n","protected":false},"author":2,"featured_media":38296,"comment_status":"","ping_status":"","sticky":false,"template":"","format":"standard","meta":{"footnotes":""},"categories":[12],"tags":[1255,23,28,29,4407,32,33,22,30,31,35,39,38,36,37,34,40,20,26,27,24,25,138,21],"class_list":{"0":"post-38295","1":"post","2":"type-post","3":"status-publish","4":"format-standard","5":"has-post-thumbnail","7":"category-latvija","8":"tag-ainars-slesers","9":"tag-aktualitates","10":"tag-breaking-news","11":"tag-breakingnews","12":"tag-draudi","13":"tag-featured-news","14":"tag-featurednews","15":"tag-headlines","16":"tag-latest-news","17":"tag-latestnews","18":"tag-latvia","19":"tag-latvian","20":"tag-latviesu","21":"tag-latviesu-valoda","22":"tag-latviesuvaloda","23":"tag-latvija","24":"tag-lv","25":"tag-news","26":"tag-popularakas-zinas","27":"tag-popularakaszinas","28":"tag-top-stories","29":"tag-topstories","30":"tag-valsts-policija","31":"tag-zinas"},"share_on_mastodon":{"url":"https:\/\/pubeurope.com\/@lv\/115483532540296745","error":""},"_links":{"self":[{"href":"https:\/\/www.europesays.com\/lv\/wp-json\/wp\/v2\/posts\/38295","targetHints":{"allow":["GET"]}}],"collection":[{"href":"https:\/\/www.europesays.com\/lv\/wp-json\/wp\/v2\/posts"}],"about":[{"href":"https:\/\/www.europesays.com\/lv\/wp-json\/wp\/v2\/types\/post"}],"author":[{"embeddable":true,"href":"https:\/\/www.europesays.com\/lv\/wp-json\/wp\/v2\/users\/2"}],"replies":[{"embeddable":true,"href":"https:\/\/www.europesays.com\/lv\/wp-json\/wp\/v2\/comments?post=38295"}],"version-history":[{"count":0,"href":"https:\/\/www.europesays.com\/lv\/wp-json\/wp\/v2\/posts\/38295\/revisions"}],"wp:featuredmedia":[{"embeddable":true,"href":"https:\/\/www.europesays.com\/lv\/wp-json\/wp\/v2\/media\/38296"}],"wp:attachment":[{"href":"https:\/\/www.europesays.com\/lv\/wp-json\/wp\/v2\/media?parent=38295"}],"wp:term":[{"taxonomy":"category","embeddable":true,"href":"https:\/\/www.europesays.com\/lv\/wp-json\/wp\/v2\/categories?post=38295"},{"taxonomy":"post_tag","embeddable":true,"href":"https:\/\/www.europesays.com\/lv\/wp-json\/wp\/v2\/tags?post=38295"}],"curies":[{"name":"wp","href":"https:\/\/api.w.org\/{rel}","templated":true}]}}