{"id":38299,"date":"2025-11-03T03:05:11","date_gmt":"2025-11-03T03:05:11","guid":{"rendered":"https:\/\/www.europesays.com\/lv\/38299\/"},"modified":"2025-11-03T03:05:11","modified_gmt":"2025-11-03T03:05:11","slug":"par-nelegalo-elektribas-pieslegumu-rosina-apsudzet-daugavpils-mera-sievastevu","status":"publish","type":"post","link":"https:\/\/www.europesays.com\/lv\/38299\/","title":{"rendered":"Par neleg\u0101lo elektr\u012bbas piesl\u0113gumu rosina aps\u016bdz\u0113t Daugavpils m\u0113ra sievast\u0113vu"},"content":{"rendered":"<p>Priv\u0101tm\u0101ju rajon\u0101 Daugavpil\u012b \u0160u\u0146ezera krast\u0101 atrodas m\u0113ra Andreja Elksni\u0146a \u0123imenei piedero\u0161a villa. Gandr\u012bz 1000 kvadr\u0101tmetru pla\u0161\u0101 \u0113ka slejas divos st\u0101vos. Ir ar\u012b peldbaseins. Agr\u0101k \u012bpa\u0161ums pieder\u0113jis Anatolijam Volodarskim, bet \u0161obr\u012bd t\u0101 ofici\u0101l\u0101s saimnieces ir Elksni\u0146a m\u0101te Bro\u0146isvala un sieva Jekaterina.<\/p>\n<p>25.mart\u0101 m\u0101ju apciemoja nel\u016bgti viesi. Tie bija \u201cSadales t\u012bkla\u201d inspektori, kam bija radu\u0161\u0101s aizdomas par nelikum\u012bgu elektr\u012bbas piesl\u0113gumu \u012bpa\u0161um\u0101. M\u0101j\u0101s atrad\u0101s Anatolijs Volodarskis, kur\u0161 darbiniekiem centies dot m\u0101jienus, lai p\u0101rbaudi neveic. Ierad\u0101s ar\u012b policija un Elksni\u0146a sieva.<\/p>\n<p>\u201cSadales t\u012bkla\u201d darbinieki \u012bpa\u0161um\u0101 atkl\u0101ja zem\u0113 ieraktu neleg\u0101lu ier\u012bci. Ar magn\u0113tiskiem palaid\u0113jiem, t\u0101 \u013c\u0101va p\u0101rsl\u0113gties no leg\u0101la uz neleg\u0101lu piesl\u0113gumu, ko priv\u0101tm\u0101jas saimnieki att\u0101lin\u0101ti kontrol\u0113ja ar releja sl\u0113dzi, kas atrad\u0101s m\u0101j\u0101 katlu telp\u0101. To \u201cSadales t\u012bkls\u201d darbiniekiem, saska\u0146\u0101 ar protokol\u0101 rakst\u012bto, uzr\u0101d\u012bjis Anatolijs Volodarskis.<\/p>\n<p>\u012apa\u0161um\u0101 k\u0101du laiku dz\u012bvojis ar\u012b m\u0113rs, kur\u0161 apgalvo, ka par notiku\u0161o neesot zin\u0101jis. \u201cSadales t\u012bkla\u201d r\u0113\u0137inos un l\u012bgum\u0101 pie ofici\u0101lajiem kontaktiem gan bija nor\u0101d\u012bts Elksni\u0146a epasts, ko vi\u0146\u0161 izmantoja sav\u0101 zv\u0113rin\u0101ta advok\u0101ta praks\u0113.<\/p>\n","protected":false},"excerpt":{"rendered":"Priv\u0101tm\u0101ju rajon\u0101 Daugavpil\u012b \u0160u\u0146ezera krast\u0101 atrodas m\u0113ra Andreja Elksni\u0146a \u0123imenei piedero\u0161a villa. Gandr\u012bz 1000 kvadr\u0101tmetru pla\u0161\u0101 \u0113ka slejas&hellip;\n","protected":false},"author":2,"featured_media":38300,"comment_status":"","ping_status":"","sticky":false,"template":"","format":"standard","meta":{"footnotes":""},"categories":[12],"tags":[23,10480,28,29,168,32,33,22,30,31,35,39,38,36,37,34,40,20,26,27,24,25,21],"class_list":{"0":"post-38299","1":"post","2":"type-post","3":"status-publish","4":"format-standard","5":"has-post-thumbnail","7":"category-latvija","8":"tag-aktualitates","9":"tag-andrejs-elksnins","10":"tag-breaking-news","11":"tag-breakingnews","12":"tag-daugavpils","13":"tag-featured-news","14":"tag-featurednews","15":"tag-headlines","16":"tag-latest-news","17":"tag-latestnews","18":"tag-latvia","19":"tag-latvian","20":"tag-latviesu","21":"tag-latviesu-valoda","22":"tag-latviesuvaloda","23":"tag-latvija","24":"tag-lv","25":"tag-news","26":"tag-popularakas-zinas","27":"tag-popularakaszinas","28":"tag-top-stories","29":"tag-topstories","30":"tag-zinas"},"share_on_mastodon":{"url":"https:\/\/pubeurope.com\/@lv\/115483556131409612","error":""},"_links":{"self":[{"href":"https:\/\/www.europesays.com\/lv\/wp-json\/wp\/v2\/posts\/38299","targetHints":{"allow":["GET"]}}],"collection":[{"href":"https:\/\/www.europesays.com\/lv\/wp-json\/wp\/v2\/posts"}],"about":[{"href":"https:\/\/www.europesays.com\/lv\/wp-json\/wp\/v2\/types\/post"}],"author":[{"embeddable":true,"href":"https:\/\/www.europesays.com\/lv\/wp-json\/wp\/v2\/users\/2"}],"replies":[{"embeddable":true,"href":"https:\/\/www.europesays.com\/lv\/wp-json\/wp\/v2\/comments?post=38299"}],"version-history":[{"count":0,"href":"https:\/\/www.europesays.com\/lv\/wp-json\/wp\/v2\/posts\/38299\/revisions"}],"wp:featuredmedia":[{"embeddable":true,"href":"https:\/\/www.europesays.com\/lv\/wp-json\/wp\/v2\/media\/38300"}],"wp:attachment":[{"href":"https:\/\/www.europesays.com\/lv\/wp-json\/wp\/v2\/media?parent=38299"}],"wp:term":[{"taxonomy":"category","embeddable":true,"href":"https:\/\/www.europesays.com\/lv\/wp-json\/wp\/v2\/categories?post=38299"},{"taxonomy":"post_tag","embeddable":true,"href":"https:\/\/www.europesays.com\/lv\/wp-json\/wp\/v2\/tags?post=38299"}],"curies":[{"name":"wp","href":"https:\/\/api.w.org\/{rel}","templated":true}]}}