{"id":38305,"date":"2025-11-03T03:10:09","date_gmt":"2025-11-03T03:10:09","guid":{"rendered":"https:\/\/www.europesays.com\/lv\/38305\/"},"modified":"2025-11-03T03:10:09","modified_gmt":"2025-11-03T03:10:09","slug":"dzufres-pecnaves-memuari-atdzivina-skandalu-lente-lv","status":"publish","type":"post","link":"https:\/\/www.europesays.com\/lv\/38305\/","title":{"rendered":"D\u017eufres p\u0113cn\u0101ves memu\u0101ri atdz\u012bvina skand\u0101lu\u00a0\u2014\u00a0Lente.lv"},"content":{"rendered":"<p>Kad \u0161\u0137ita, ka viens no visnepat\u012bkam\u0101kajiem skand\u0101liem britu monarhijas v\u0113stur\u0113 pamaz\u0101m noklust, prin\u010da Endr\u016b v\u0101rds atkal par\u0101d\u012bjies zi\u0146u virsrakstos vis\u0101 pasaul\u0113. P\u0113c vair\u0101kiem relat\u012bva klusuma gadiem jaut\u0101jumi par vi\u0146a saist\u012bbu ar noties\u0101to amerik\u0101\u0146u dzimumnoziedznieku D\u017eefriju Epst\u012bnu ir atgriezu\u0161ies. Vird\u017e\u012bnija D\u017eufre \u2013 sieviete, kura aps\u016bdz\u0113ja princi vi\u0146as k\u0101 nepilngad\u012bgas meitenes seksu\u0101l\u0101 izmanto\u0161an\u0101 \u2013 apr\u012bl\u012b izdar\u012bja pa\u0161n\u0101v\u012bbu, ta\u010du vi\u0146as \u0161om\u0113nes public\u0113tie p\u0113cn\u0101ves memu\u0101ri &#8220;Nobody\u2019s Girl&#8221; atkl\u0101j jaunas deta\u013cas un atg\u0101dina, ka \u0161aj\u0101 liet\u0101 paties\u012bb\u0101 nekas v\u0113l nav noskaidrots.<\/p>\n<p>D\u017eufres memu\u0101ru atkl\u0101t\u012bbas vilnis<\/p>\n<p>Vird\u017e\u012bnijas D\u017eufres autobiogr\u0101fija \u201cNobody&#8217;s Girl: A Memoir of Surviving Abuse and Fighting for Justice\u201d tika izdota \u0161\u012b gada oktobr\u012b ASV, se\u0161us m\u0113ne\u0161us p\u0113c vi\u0146as pa\u0161n\u0101v\u012bbas. Gr\u0101mata, kas pabeigta aptuveni gadu pirms D\u017eufres n\u0101ves, jau pirms izn\u0101k\u0161anas izrais\u012bja pla\u0161u rezonansi, atkl\u0101jot jaunas deta\u013cas par vi\u0146as pieredzi D\u017eefrija Epst\u012bna un vi\u0146a ietekm\u012bgo sabiedroto lok\u0101. Izdevniec\u012bbas \u201cKnopf\u201d p\u0101rst\u0101vji nor\u0101d\u012bju\u0161i, ka gr\u0101mata satur gan int\u012bmas, gan satrauco\u0161as atkl\u0101smes, kas met jaunu gaismu uz notikumiem, kas saist\u012bti ar princi Endr\u016b. E-pasta sarakste ar gr\u0101matas redaktori Eimiju Vollesu, kas iek\u013cauta izdevniec\u012bbas pazi\u0146ojum\u0101, uzsver gr\u0101matas noz\u012bm\u012bgumu sist\u0113misko k\u013c\u016bdu atkl\u0101\u0161an\u0101, kas \u013cauj tirgot ievainojamus cilv\u0113kus, un aicina izprast paties\u012bbu un risin\u0101t \u0161o jaut\u0101jumu taisn\u012bguma un sabiedr\u012bbas inform\u0113t\u012bbas v\u0101rd\u0101. D\u017eufre sav\u0101 p\u0113d\u0113j\u0101 e-past\u0101, kas dat\u0113ts ar 1. apr\u012bli, tr\u012bs ned\u0113\u013cas pirms savas n\u0101ves, bija paudusi v\u0113lmi, lai gr\u0101mata tiktu izdota neatkar\u012bgi no t\u0101, kas ar vi\u0146u notiek, jo tic\u0113ja t\u0101s potenci\u0101lam main\u012bt pasauli.<\/p>\n<p>Princis Endr\u016b \u2013 skand\u0101la centr\u0101<\/p>\n<p>Prin\u010da Endr\u016b v\u0101rds pasaules mediju virsrakstos par\u0101d\u0101s regul\u0101ri kop\u0161 D\u017eefrija Epst\u012bna skand\u0101la uzplaiksn\u012bjuma. Lai gan vi\u0146\u0161 nekad nav ticis aps\u016bdz\u0113ts nevien\u0101 krimin\u0101lproces\u0101, aps\u016bdz\u012bbas par seksu\u0101lu nepilngad\u012bgas meitenes izmanto\u0161anu, ko izvirz\u012bja Vird\u017e\u012bnija D\u017eufre, ir metu\u0161as \u0113nu uz vi\u0146a publisko t\u0113lu. \u0160\u012bs aps\u016bdz\u012bbas aizs\u0101ka Jorkas hercoga publisk\u0101s dz\u012bves norietu, kulmin\u0113jot ar pla\u0161\u0101k paz\u012bstamo \u201cNewsnight\u201d interviju, kur\u0101 princis noliedza jebk\u0101du paz\u012b\u0161anos ar D\u017eufri vai seksu\u0101las attiec\u012bbas ar vi\u0146u. Neskatoties uz prin\u010da noliegumiem, skand\u0101ls piespieda vi\u0146u 2019. gad\u0101 atteikties no visiem valstiskajiem pien\u0101kumiem. V\u0113l\u0101k, kara\u013ca \u010c\u0101rlza III spiediena ietekm\u0113, vi\u0146\u0161 atteic\u0101s ar\u012b no Jorkas hercoga titula. Pat vi\u0146a bijus\u012b sieva S\u0101ra F\u0113rgusone vairs nelieto Jorkas hercogienes titulu. Princis Endr\u016b ir piedz\u012bvojis vair\u0101kus triecienus, tostarp vi\u0146am tika at\u0146emti visi milit\u0101rie goda tituli un goda patrona lomas labdar\u012bbas organiz\u0101cij\u0101s. Vi\u0146\u0161 ar\u012b zaud\u0113jis ties\u012bbas lietot titulu &#8220;vi\u0146a karalisk\u0101 augst\u012bba&#8221; ofici\u0101l\u0101 vid\u0113. Lai gan vi\u0146\u0161 turpina b\u016bt princis k\u0101 karalienes Elizabetes II d\u0113ls, vi\u0146a publisk\u0101 loma ir iev\u0113rojami samazin\u0101ta. Pat princis Viljams, \u0161\u0137iet, pl\u0101no att\u0101lin\u0101ties no sava onku\u013ca, piedz\u012bvojot arvien liel\u0101ku spiedienu uz karalisko \u0123imeni.<\/p>\n<p>Epst\u012bna t\u012bkls un t\u0101 upuru st\u0101sti<\/p>\n<p>D\u017eefrijs Epst\u012bns, b\u0113d\u012bgi slavens finansists un noties\u0101ts seksu\u0101lais noziedznieks, tika vainots cilv\u0113ku tirdzniec\u012bb\u0101 un nepilngad\u012bgu meite\u0146u verv\u0113\u0161an\u0101 seksu\u0101liem pakalpojumiem. Vi\u0146a ietekm\u012bgais loks un pla\u0161ais sakaru t\u012bkls \u013c\u0101va vi\u0146am izvair\u012bties no atbild\u012bbas gadiem ilgi. Epst\u012bna upuri, kuru vid\u016b bija ar\u012b Vird\u017e\u012bnija D\u017eufre, ir n\u0101ku\u0161i klaj\u0101 ar \u0161ok\u0113jo\u0161iem st\u0101stiem par izmanto\u0161anu un sp\u012bdzin\u0101\u0161anu. Vi\u0146u liec\u012bbas, kas tagad atspogu\u013cojas ar\u012b D\u017eufres memu\u0101ros, atkl\u0101j sist\u0113misku varas \u013caunpr\u0101t\u012bgu izmanto\u0161anu un dzi\u013ci sak\u0146oju\u0161os probl\u0113mas sabiedr\u012bb\u0101. Vird\u017e\u012bnijas D\u017eufres piemineklis ir ne tikai vi\u0146as gr\u0101mata, bet ar\u012b daudzo citu upuru balsis, kas turpina c\u012bn\u012bties par taisn\u012bgumu. Vi\u0146as apgalvojumi, ka 17 gadu vecum\u0101 vi\u0146a tr\u012bs reizes tika nodota seksu\u0101lai izmanto\u0161anai ar princi Endr\u016b, iez\u012bm\u0113ja Jorkas hercoga publisk\u0101s dz\u012bves norieta s\u0101kumu. \u0160\u012bs aps\u016bdz\u012bbas, kas tika izvirz\u012btas 2000. gadu s\u0101kum\u0101, dzi\u013ci satricin\u0101ja britu karalisko \u0123imeni.<\/p>\n<p>Neatbild\u0113tie jaut\u0101jumi un n\u0101kotnes perspekt\u012bvas<\/p>\n<p>Neskatoties uz D\u017eufres memu\u0101ru public\u0113\u0161anu un prin\u010da Endr\u016b atteik\u0161anos no titula, daudzi jaut\u0101jumi joproj\u0101m paliek neatbild\u0113ti. Vai prin\u010da Endr\u016b saist\u012bba ar Epst\u012bna lietu tika piln\u012bb\u0101 izmekl\u0113ta? Vai vi\u0146a noliegumi ir patiesi? K\u0101da b\u016bs \u0161o atkl\u0101smju ietekme uz britu monarhijas reput\u0101ciju n\u0101kotn\u0113? Lai gan princis Endr\u016b ir pan\u0101cis mierizl\u012bgumu civilliet\u0101 ar Vird\u017e\u012bniju D\u017eufri, samaks\u0101jot tai miljonus, vi\u0146\u0161 joproj\u0101m noliedz jebk\u0101du vainu. \u0160\u012b situ\u0101cija atg\u0101dina par sare\u017e\u0123\u012bto robe\u017eu starp vainu un tiesu, un par to, cik viegli var tikt manipul\u0113ts ar sabiedrisko domu. D\u017eufres memu\u0101ru izn\u0101k\u0161ana ir k\u0101 atg\u0101din\u0101jums, ka pat p\u0113c pa\u0161n\u0101v\u012bbas, upuru balsis var turpin\u0101t skan\u0113t un atkl\u0101t paties\u012bbu, kurai citi cen\u0161as aizv\u0113rties. Vai \u0161\u012b skaidr\u012bba tiks pan\u0101kta, vai ar\u012b princis Endr\u016b un karalisk\u0101 \u0123imene turpin\u0101s sl\u0113pties aiz sazv\u0113rest\u012bbas un klusuma? Tikai laiks r\u0101d\u012bs, vai paties\u012bba galu gal\u0101 uzvar\u0113s.<\/p>\n","protected":false},"excerpt":{"rendered":"Kad \u0161\u0137ita, ka viens no visnepat\u012bkam\u0101kajiem skand\u0101liem britu monarhijas v\u0113stur\u0113 pamaz\u0101m noklust, prin\u010da Endr\u016b v\u0101rds atkal par\u0101d\u012bjies zi\u0146u&hellip;\n","protected":false},"author":2,"featured_media":38306,"comment_status":"","ping_status":"","sticky":false,"template":"","format":"standard","meta":{"footnotes":""},"categories":[14],"tags":[23,57,28,29,7438,32,33,22,30,31,35,39,38,36,37,34,40,1440,11182,20,26,27,11180,24,25,11181,54,55,56,21,58],"class_list":{"0":"post-38305","1":"post","2":"type-post","3":"status-publish","4":"format-standard","5":"has-post-thumbnail","7":"category-zinas-no-arvalstim","8":"tag-aktualitates","9":"tag-arvalstim","10":"tag-breaking-news","11":"tag-breakingnews","12":"tag-dzefrijs-epstins","13":"tag-featured-news","14":"tag-featurednews","15":"tag-headlines","16":"tag-latest-news","17":"tag-latestnews","18":"tag-latvia","19":"tag-latvian","20":"tag-latviesu","21":"tag-latviesu-valoda","22":"tag-latviesuvaloda","23":"tag-latvija","24":"tag-lv","25":"tag-memuari","26":"tag-monarhija","27":"tag-news","28":"tag-popularakas-zinas","29":"tag-popularakaszinas","30":"tag-princis-endrju","31":"tag-top-stories","32":"tag-topstories","33":"tag-virdzinija-dzufre","34":"tag-world","35":"tag-world-news","36":"tag-worldnews","37":"tag-zinas","38":"tag-zinas-no-arvalstim"},"share_on_mastodon":{"url":"https:\/\/pubeurope.com\/@lv\/115483575799285726","error":""},"_links":{"self":[{"href":"https:\/\/www.europesays.com\/lv\/wp-json\/wp\/v2\/posts\/38305","targetHints":{"allow":["GET"]}}],"collection":[{"href":"https:\/\/www.europesays.com\/lv\/wp-json\/wp\/v2\/posts"}],"about":[{"href":"https:\/\/www.europesays.com\/lv\/wp-json\/wp\/v2\/types\/post"}],"author":[{"embeddable":true,"href":"https:\/\/www.europesays.com\/lv\/wp-json\/wp\/v2\/users\/2"}],"replies":[{"embeddable":true,"href":"https:\/\/www.europesays.com\/lv\/wp-json\/wp\/v2\/comments?post=38305"}],"version-history":[{"count":0,"href":"https:\/\/www.europesays.com\/lv\/wp-json\/wp\/v2\/posts\/38305\/revisions"}],"wp:featuredmedia":[{"embeddable":true,"href":"https:\/\/www.europesays.com\/lv\/wp-json\/wp\/v2\/media\/38306"}],"wp:attachment":[{"href":"https:\/\/www.europesays.com\/lv\/wp-json\/wp\/v2\/media?parent=38305"}],"wp:term":[{"taxonomy":"category","embeddable":true,"href":"https:\/\/www.europesays.com\/lv\/wp-json\/wp\/v2\/categories?post=38305"},{"taxonomy":"post_tag","embeddable":true,"href":"https:\/\/www.europesays.com\/lv\/wp-json\/wp\/v2\/tags?post=38305"}],"curies":[{"name":"wp","href":"https:\/\/api.w.org\/{rel}","templated":true}]}}