{"id":38311,"date":"2025-11-03T03:28:13","date_gmt":"2025-11-03T03:28:13","guid":{"rendered":"https:\/\/www.europesays.com\/lv\/38311\/"},"modified":"2025-11-03T03:28:13","modified_gmt":"2025-11-03T03:28:13","slug":"vacija-izcelies-skandals-saistiba-ar-merca-teikto-par-migrantiem-bb-lv","status":"publish","type":"post","link":"https:\/\/www.europesays.com\/lv\/38311\/","title":{"rendered":"V\u0101cij\u0101 izc\u0113lies skand\u0101ls saist\u012bb\u0101 ar Mer\u010da teikto par migrantiem &#8211; bb.lv"},"content":{"rendered":"<ol>\n<li><a href=\"https:\/\/news.google.com\/rss\/articles\/CBMitAFBVV95cUxQYldZWGZYU2M0YzY1V1hGOW83Y2tMZW5fWEJGUUtuUElkVHJIMUJwVUpyWFZwUy1GQzJQR2hPVzZSUDhjYmhmemFmMkhLSmpDX0MySkZFT2ctX0dTRXVCM2RvdnFkTnNidG10bEt0Q012d0hTNHlHV19xOFJnV3VwQjA4dURrUWxsWXBWYW83OHBkY2pDRl9OQjNBUkRPbXFRQzd2Rjk0OUdJYVlxZnJiSlBuc0LSAboBQVVfeXFMTnM0RklVVVhyT3B2b3FkMWpTcjM0NDJ1QlU5NTRKN2hfUmx4RUlEZm9PYVlLYklDZFNBaEVaX2NGU0l5OG9EN0JpZE1Db1pEbUZJUjhPVFhSSmV2Sy1TeDNubUZfQTc5NkxHc05HTjlURU45c0lOdjBpcTZsNk83QnpsZ25zem53OU1DZW10X0J3SHBLdHE2dnNmQzVISEM5NmpBQlBxR2xDWFZlMTNIa2h5VG1iTVZuZ3ZR?oc=5\" target=\"_blank\" rel=\"nofollow noopener\">V\u0101cij\u0101 izc\u0113lies skand\u0101ls saist\u012bb\u0101 ar Mer\u010da teikto par migrantiem<\/a>&nbsp;&nbsp;bb.lv<\/li>\n<li><a href=\"https:\/\/news.google.com\/rss\/articles\/CBMibkFVX3lxTE11VEU4UmJiSUYxd1NKbGpoYll0d18zU1lzRk9PejEwa0YzSHZIT2x5MXcybmpkaUxKbkFxc2R3RHZTdEl5RENXUmFZZElmVDB4MFA4RFAxakVtcTR4cURtSDBrVFF1aFdmQUlibjJn?oc=5\" target=\"_blank\" rel=\"nofollow noopener\">V\u0101cijas kanclers Mercs grib\u0113ja padz\u012bt migrantus, bet padz\u012bs vi\u0146u pa\u0161u<\/a>&nbsp;&nbsp;NRA<\/li>\n<li><a href=\"https:\/\/news.google.com\/rss\/articles\/CBMisAFBVV95cUxPc3VYTkdaaXZjdE5XZWduUTF1RkRyZzFCVFJqQkY1NUlmR2V4NXY4aHNzYU5naFRoX1BOR2RtUVpsU3JRWVJjNURhazdlNVotcHRLdU5mbXJZQzdHVjRTYklIWENJSWY4ajh3THdTUWhjSUd6ZWdESFNHYWl1bVBCcWJDMlJnbXdHeVRnUWdwZzZkSDk5a2U4akJ2WjJpRnk5SFBieGdYeUNMR2tGczdwTA?oc=5\" target=\"_blank\" rel=\"nofollow noopener\">V\u0101cij\u0101 t\u016bksto\u0161iem protest\u0113 pret kanclera izteikumiem par imigrantiem<\/a>&nbsp;&nbsp;Lente.lv<\/li>\n<li><a href=\"https:\/\/news.google.com\/rss\/articles\/CBMiuAFBVV95cUxPUUxKREU3MUZCRzhCMWVEUVNLM0lPdThhQmR0TElfVUttYjIwTW8teHN6TFByZHVVQnF3bWZtZlMtOHhXX0R3WU5lQURjR05RaGlMMWQ3S0VqejNQeHFqUVBPRGJMYkVjdHBmN1duazZmVnFLWTVlYzZ2Mmo1UHZJeDROZEo1NGxpc01kLUhZQW5oaUV4RG4xUFpyeWQwVlAwTEk3VF9FbHoxby1KdDN4bGF1b0tHbnMw0gG-AUFVX3lxTE0zeXVTUmo4M0ROSTUxVjUxRjc5b0FqODRSTkh3bW9EMm1MTGp2ZmVSQy1ZRWEycG5hR2xUbTd6OTVzWjNGSnVlUEp6UE1KX1hqWk43V3B2Rmd4SkFpbFpDQ0hrbThRTDhBOENTZnk4Z2E4RjRMYXlKSGJ1R2oydHB0RGpWUzFBbjkyRS0wOE1GRFVKWWtNVEdpcS1YWTRTN0psOXNlVjhSQmVsRDlobVJOSkR0SWt6QUhzNG1KbUE?oc=5\" target=\"_blank\" rel=\"nofollow noopener\">K\u0101p\u0113c V\u0101cijas kanclers Mercs ir spiests atk\u0101rtot ultralabo retoriku<\/a>&nbsp;&nbsp;bb.lv<\/li>\n<\/ol>\n","protected":false},"excerpt":{"rendered":"V\u0101cij\u0101 izc\u0113lies skand\u0101ls saist\u012bb\u0101 ar Mer\u010da teikto par migrantiem&nbsp;&nbsp;bb.lv V\u0101cijas kanclers Mercs grib\u0113ja padz\u012bt migrantus, bet padz\u012bs vi\u0146u&hellip;\n","protected":false},"author":2,"featured_media":38312,"comment_status":"","ping_status":"","sticky":false,"template":"","format":"standard","meta":{"footnotes":""},"categories":[14],"tags":[23,57,28,29,32,33,22,30,31,35,39,38,36,37,34,40,20,26,27,24,25,54,55,56,21,58],"class_list":{"0":"post-38311","1":"post","2":"type-post","3":"status-publish","4":"format-standard","5":"has-post-thumbnail","7":"category-zinas-no-arvalstim","8":"tag-aktualitates","9":"tag-arvalstim","10":"tag-breaking-news","11":"tag-breakingnews","12":"tag-featured-news","13":"tag-featurednews","14":"tag-headlines","15":"tag-latest-news","16":"tag-latestnews","17":"tag-latvia","18":"tag-latvian","19":"tag-latviesu","20":"tag-latviesu-valoda","21":"tag-latviesuvaloda","22":"tag-latvija","23":"tag-lv","24":"tag-news","25":"tag-popularakas-zinas","26":"tag-popularakaszinas","27":"tag-top-stories","28":"tag-topstories","29":"tag-world","30":"tag-world-news","31":"tag-worldnews","32":"tag-zinas","33":"tag-zinas-no-arvalstim"},"share_on_mastodon":{"url":"https:\/\/pubeurope.com\/@lv\/115483646588437886","error":""},"_links":{"self":[{"href":"https:\/\/www.europesays.com\/lv\/wp-json\/wp\/v2\/posts\/38311","targetHints":{"allow":["GET"]}}],"collection":[{"href":"https:\/\/www.europesays.com\/lv\/wp-json\/wp\/v2\/posts"}],"about":[{"href":"https:\/\/www.europesays.com\/lv\/wp-json\/wp\/v2\/types\/post"}],"author":[{"embeddable":true,"href":"https:\/\/www.europesays.com\/lv\/wp-json\/wp\/v2\/users\/2"}],"replies":[{"embeddable":true,"href":"https:\/\/www.europesays.com\/lv\/wp-json\/wp\/v2\/comments?post=38311"}],"version-history":[{"count":0,"href":"https:\/\/www.europesays.com\/lv\/wp-json\/wp\/v2\/posts\/38311\/revisions"}],"wp:featuredmedia":[{"embeddable":true,"href":"https:\/\/www.europesays.com\/lv\/wp-json\/wp\/v2\/media\/38312"}],"wp:attachment":[{"href":"https:\/\/www.europesays.com\/lv\/wp-json\/wp\/v2\/media?parent=38311"}],"wp:term":[{"taxonomy":"category","embeddable":true,"href":"https:\/\/www.europesays.com\/lv\/wp-json\/wp\/v2\/categories?post=38311"},{"taxonomy":"post_tag","embeddable":true,"href":"https:\/\/www.europesays.com\/lv\/wp-json\/wp\/v2\/tags?post=38311"}],"curies":[{"name":"wp","href":"https:\/\/api.w.org\/{rel}","templated":true}]}}