{"id":38316,"date":"2025-11-03T04:02:10","date_gmt":"2025-11-03T04:02:10","guid":{"rendered":"https:\/\/www.europesays.com\/lv\/38316\/"},"modified":"2025-11-03T04:02:10","modified_gmt":"2025-11-03T04:02:10","slug":"telpu-futbola-cempionu-liga-benfica-parliecinosi-uzveic-latvijas-cempionus-riga-lente-lv","status":"publish","type":"post","link":"https:\/\/www.europesays.com\/lv\/38316\/","title":{"rendered":"Telpu futbola \u010cempionu l\u012bg\u0101 &#8220;Benfica&#8221; p\u0101rliecino\u0161i uzveic Latvijas \u010dempionus &#8220;Riga&#8221;\u00a0\u2014\u00a0Lente.lv"},"content":{"rendered":"<p>UEFA Futsal Champions League: &#8220;Benfica&#8221; P\u0101rsp\u0113j &#8220;Riga&#8221; Ar Spilgtiem V\u0101rtiem<\/p>\n<p>Lisabonas &#8220;Benfica&#8221;, kas ir Portug\u0101les telpu futbola sp\u0113kav\u012brs, ir p\u0101rliecino\u0161i uzvar\u0113jis Latvijas \u010dempionvien\u012bbu &#8220;Riga&#8221; UEFA Futsal Champions League pamatk\u0101rtas sp\u0113l\u0113 Malt\u0101. Ma\u010d\u0101, kas nosl\u0113dz\u0101s ar rezult\u0101tu 1:6, Portug\u0101les grandiem izdev\u0101s demonstr\u0113t savu p\u0101r\u0101kumu, nodro\u0161inot sev vietu n\u0101kamaj\u0101 k\u0101rt\u0101.<\/p>\n<p>Sp\u0113les gaita un atsl\u0113gas momenti<\/p>\n<p>Sp\u0113le s\u0101k\u0101s \u013coti dinamiski, un jau sp\u0113les s\u0101kum\u0101 &#8220;Benfica&#8221; izvirz\u012bj\u0101s vad\u012bb\u0101. Portug\u0101les klubs demonstr\u0113ja iespaid\u012bgu uzbrukuma sp\u0113li, g\u016bstot v\u0101rtus gan pirmaj\u0101, gan otraj\u0101 puslaik\u0101. V\u0101rti tika g\u016bti jau otraj\u0101 min\u016bt\u0113, kad izc\u0113l\u0101s Silvestrs Ferreira, bet sept\u012btaj\u0101 min\u016bt\u0113 rezult\u0101tu dubultoja Pasaules kausa ieguv\u0113js Arturs. Pirm\u0101 puslaika beig\u0101s &#8220;Benfica&#8221; guva v\u0113l divus v\u0101rtus, pan\u0101kot p\u0101rsvaru 4:0. Otraj\u0101 puslaik\u0101 portug\u0101\u013cu p\u0101rsvars turpin\u0101j\u0101s, un vi\u0146i guva v\u0113l divus v\u0101rtus, nosl\u0113dzot sp\u0113li ar p\u0101rliecino\u0161u uzvaru 6:1. Latvijas komandas lab\u0101 vien\u012bgos, goda v\u0101rtus, pamatlaika p\u0113d\u0113j\u0101 min\u016bt\u0113 guva Dilans Vargass.<\/p>\n<p>&#8220;Benfica&#8221; \u2013 Eiropas elite<\/p>\n<p>Lisabonas &#8220;Benfica&#8221; ir atz\u012bts Eiropas telpu futbola sp\u0113kav\u012brs, kas apliecin\u0101jis savu meistar\u012bbu gan nacion\u0101laj\u0101 \u010dempion\u0101t\u0101, gan starptautiskaj\u0101 ar\u0113n\u0101. Klubs lepojas ar vair\u0101kk\u0101rt\u0113jiem Portug\u0101les \u010dempionu tituliem un pan\u0101kumiem Eiropas klubu turn\u012bros, ieskaitot dal\u012bbu UEFA Futsal Champions League elites k\u0101rt\u0101 un fin\u0101lturn\u012bros. Tas ar\u012b izskaidro sp\u0113les rezult\u0101tu, jo &#8220;Benfica&#8221; sast\u0101v\u0101 ir vair\u0101ki Portug\u0101les izlases sp\u0113l\u0113t\u0101ji un pat FIFA Pasaules kausa ieguv\u0113ji.<\/p>\n<p>&#8220;Riga&#8221; \u2013 ce\u013c\u0161 uz priek\u0161u<\/p>\n<p>Lai gan \u0161\u012b sp\u0113le nebija veiksm\u012bga Latvijas \u010dempionei &#8220;Riga&#8221;, komandai izdev\u0101s nodro\u0161in\u0101t vietu UEFA Futsal Champions League astotda\u013cfin\u0101l\u0101, uzvarot Serbijas \u010dempionus &#8220;Loznica-Grad 2018&#8221; ar 2:0. Tas apliecina, ka Latvijas komandai ir potenci\u0101ls un sp\u0113jas konkur\u0113t Eiropas l\u012bmen\u012b. &#8220;Riga&#8221; ie\u0146em sept\u012bto vietu UEFA rang\u0101, kas \u013c\u0101va izlaist priek\u0161sac\u012bk\u0161u k\u0101rtu un uzreiz kvalific\u0113ties pamatturn\u012bram. Klubs tre\u0161o reizi p\u0113c k\u0101rtas ir triumf\u0113jis Latvijas \u010dempion\u0101t\u0101, kas liecina par stabilit\u0101ti un izaugsmi nacion\u0101laj\u0101 l\u012bmen\u012b.<\/p>\n","protected":false},"excerpt":{"rendered":"UEFA Futsal Champions League: &#8220;Benfica&#8221; P\u0101rsp\u0113j &#8220;Riga&#8221; Ar Spilgtiem V\u0101rtiem Lisabonas &#8220;Benfica&#8221;, kas ir Portug\u0101les telpu futbola sp\u0113kav\u012brs,&hellip;\n","protected":false},"author":2,"featured_media":38317,"comment_status":"","ping_status":"","sticky":false,"template":"","format":"standard","meta":{"footnotes":""},"categories":[17],"tags":[11187,35,39,38,36,37,34,11153,40,172,67,2313,11186],"class_list":{"0":"post-38316","1":"post","2":"type-post","3":"status-publish","4":"format-standard","5":"has-post-thumbnail","7":"category-sports","8":"tag-benfica","9":"tag-latvia","10":"tag-latvian","11":"tag-latviesu","12":"tag-latviesu-valoda","13":"tag-latviesuvaloda","14":"tag-latvija","15":"tag-latvijas-cempionvieniba","16":"tag-lv","17":"tag-riga","18":"tag-sports","19":"tag-telpu-futbols","20":"tag-uefa-futsal-champions-league"},"share_on_mastodon":{"url":"https:\/\/pubeurope.com\/@lv\/115483780228905023","error":""},"_links":{"self":[{"href":"https:\/\/www.europesays.com\/lv\/wp-json\/wp\/v2\/posts\/38316","targetHints":{"allow":["GET"]}}],"collection":[{"href":"https:\/\/www.europesays.com\/lv\/wp-json\/wp\/v2\/posts"}],"about":[{"href":"https:\/\/www.europesays.com\/lv\/wp-json\/wp\/v2\/types\/post"}],"author":[{"embeddable":true,"href":"https:\/\/www.europesays.com\/lv\/wp-json\/wp\/v2\/users\/2"}],"replies":[{"embeddable":true,"href":"https:\/\/www.europesays.com\/lv\/wp-json\/wp\/v2\/comments?post=38316"}],"version-history":[{"count":0,"href":"https:\/\/www.europesays.com\/lv\/wp-json\/wp\/v2\/posts\/38316\/revisions"}],"wp:featuredmedia":[{"embeddable":true,"href":"https:\/\/www.europesays.com\/lv\/wp-json\/wp\/v2\/media\/38317"}],"wp:attachment":[{"href":"https:\/\/www.europesays.com\/lv\/wp-json\/wp\/v2\/media?parent=38316"}],"wp:term":[{"taxonomy":"category","embeddable":true,"href":"https:\/\/www.europesays.com\/lv\/wp-json\/wp\/v2\/categories?post=38316"},{"taxonomy":"post_tag","embeddable":true,"href":"https:\/\/www.europesays.com\/lv\/wp-json\/wp\/v2\/tags?post=38316"}],"curies":[{"name":"wp","href":"https:\/\/api.w.org\/{rel}","templated":true}]}}