{"id":38332,"date":"2025-11-03T04:38:07","date_gmt":"2025-11-03T04:38:07","guid":{"rendered":"https:\/\/www.europesays.com\/lv\/38332\/"},"modified":"2025-11-03T04:38:07","modified_gmt":"2025-11-03T04:38:07","slug":"nujorkas-viriesu-maratonu-izskir-fotofiniss-damam-sacensibu-rekords-vieglatletika-sportacentrs-com","status":"publish","type":"post","link":"https:\/\/www.europesays.com\/lv\/38332\/","title":{"rendered":"\u0145ujorkas v\u012brie\u0161u maratonu iz\u0161\u0137ir fotofini\u0161s, d\u0101m\u0101m sacens\u012bbu rekords \u2013 Vieglatl\u0113tika \u2013 Sportacentrs.com"},"content":{"rendered":"<p>Obiri, kura \u0145ujorkas maraton\u0101 triumf\u0113ja ar\u012b 2023. gad\u0101, fini\u0161u sasniedza p\u0113c div\u0101m stund\u0101m 19 min\u016bt\u0113m un 51 sekundes. Kenijiete liel\u0101ko da\u013cu distances pavad\u012bja kop\u0101 ar tautieti \u0160aronu Lokedi, ta\u010du atr\u0101v\u0101s nedaudz vair\u0101k k\u0101 kilometru l\u012bdz fini\u0161am, labojot iepriek\u0161\u0113jo rekordu par teju tr\u012bs min\u016bt\u0113m.<\/p>\n<p>Lokedi atpalika no uzvar\u0113t\u0101jas 15 sekundes, bet lab\u0101ko trijnieku nosl\u0113dza pag\u0101ju\u0161\u0101 gada \u0145ujorkas maratona uzvar\u0113t\u0101ja kenijiete \u0160eila \u010cepkirui, piek\u0101pjoties Obiri 32 sekundes.<\/p>\n<p>V\u012brie\u0161u konkurenc\u0113 par uzvaru c\u012bn\u012bj\u0101s Kipruto un kenijietis Aleksandrs Mutiso, kuri fini\u0161u \u0161\u0137\u0113rsoja teju vienlaic\u012bgi, ta\u010du fotofini\u0161\u0101 Kipruto bija par 0,03 sekund\u0113m \u0101tr\u0101ks. Kipruto fini\u0161\u0113ja div\u0101s stund\u0101s asto\u0146\u0101s min\u016bt\u0113s un devi\u0146\u0101s sekund\u0113s. Tre\u0161ais, zaud\u0113jot 48 sekundes, bija v\u0113l viens Kenijas p\u0101rst\u0101vis Alberts Korirs.<\/p>\n<p>Sv\u0113tdien notiku\u0161ais \u0145ujorkas maratons bija \u0161\u012bs sezonas p\u0113d\u0113j\u0101s sacens\u012bbas &#8220;World Marathon Majors&#8221; seri\u0101l\u0101.<\/p>\n<p>Izmantotie resursi:<br \/>LETA<\/p>\n","protected":false},"excerpt":{"rendered":"Obiri, kura \u0145ujorkas maraton\u0101 triumf\u0113ja ar\u012b 2023. gad\u0101, fini\u0161u sasniedza p\u0113c div\u0101m stund\u0101m 19 min\u016bt\u0113m un 51 sekundes.&hellip;\n","protected":false},"author":2,"featured_media":38333,"comment_status":"","ping_status":"","sticky":false,"template":"","format":"standard","meta":{"footnotes":""},"categories":[17],"tags":[35,39,38,36,37,34,40,67,434],"class_list":{"0":"post-38332","1":"post","2":"type-post","3":"status-publish","4":"format-standard","5":"has-post-thumbnail","7":"category-sports","8":"tag-latvia","9":"tag-latvian","10":"tag-latviesu","11":"tag-latviesu-valoda","12":"tag-latviesuvaloda","13":"tag-latvija","14":"tag-lv","15":"tag-sports","16":"tag-vieglatletika"},"share_on_mastodon":{"url":"https:\/\/pubeurope.com\/@lv\/115483921794052143","error":""},"_links":{"self":[{"href":"https:\/\/www.europesays.com\/lv\/wp-json\/wp\/v2\/posts\/38332","targetHints":{"allow":["GET"]}}],"collection":[{"href":"https:\/\/www.europesays.com\/lv\/wp-json\/wp\/v2\/posts"}],"about":[{"href":"https:\/\/www.europesays.com\/lv\/wp-json\/wp\/v2\/types\/post"}],"author":[{"embeddable":true,"href":"https:\/\/www.europesays.com\/lv\/wp-json\/wp\/v2\/users\/2"}],"replies":[{"embeddable":true,"href":"https:\/\/www.europesays.com\/lv\/wp-json\/wp\/v2\/comments?post=38332"}],"version-history":[{"count":0,"href":"https:\/\/www.europesays.com\/lv\/wp-json\/wp\/v2\/posts\/38332\/revisions"}],"wp:featuredmedia":[{"embeddable":true,"href":"https:\/\/www.europesays.com\/lv\/wp-json\/wp\/v2\/media\/38333"}],"wp:attachment":[{"href":"https:\/\/www.europesays.com\/lv\/wp-json\/wp\/v2\/media?parent=38332"}],"wp:term":[{"taxonomy":"category","embeddable":true,"href":"https:\/\/www.europesays.com\/lv\/wp-json\/wp\/v2\/categories?post=38332"},{"taxonomy":"post_tag","embeddable":true,"href":"https:\/\/www.europesays.com\/lv\/wp-json\/wp\/v2\/tags?post=38332"}],"curies":[{"name":"wp","href":"https:\/\/api.w.org\/{rel}","templated":true}]}}