{"id":3834,"date":"2025-09-24T14:03:12","date_gmt":"2025-09-24T14:03:12","guid":{"rendered":"https:\/\/www.europesays.com\/lv\/3834\/"},"modified":"2025-09-24T14:03:12","modified_gmt":"2025-09-24T14:03:12","slug":"pasvaldibam-garantes-iin-ienemumus-atbilstosi-prognozei-zino-finansu-ministrs","status":"publish","type":"post","link":"https:\/\/www.europesays.com\/lv\/3834\/","title":{"rendered":"Pa\u0161vald\u012bb\u0101m garant\u0113s IIN ie\u0146\u0113mumus atbilsto\u0161i prognozei, zi\u0146o finan\u0161u ministrs"},"content":{"rendered":"<p>Sarun\u0101s \u012bpa\u0161a uzman\u012bba esot piev\u0113rsta pa\u0161vald\u012bbu ie\u0146\u0113mumiem un aiz\u0146em\u0161an\u0101s iesp\u0113j\u0101m. FM inform\u0113, ka pa\u0161vald\u012bbu nodok\u013cu ie\u0146\u0113mumi turpin\u0101s augt un 2026.gad\u0101 pieaugums prognoz\u0113ts par vair\u0101k nek\u0101 150 miljoniem eiro jeb 6,1%. Vald\u012bba garant\u0113, ka <a href=\"https:\/\/www.tvnet.lv\/term\/803389\/iin\" class=\"topicLink\" target=\"_blank\" rel=\"nofollow noopener\">IIN<\/a> prognoze, kas ir galvenais vietvaru ien\u0101kumu avots, tiks nodro\u0161in\u0101ta piln\u0101 apm\u0113r\u0101.<\/p>\n<p>Sarun\u0101s finan\u0161u ministrs apliecin\u0101jis, ka pa\u0161vald\u012bb\u0101m b\u016bs garant\u0113ti IIN ie\u0146\u0113mumi atbilsto\u0161i prognozei. Turkl\u0101t ie\u0146\u0113mumi, kas p\u0101rsniegs garant\u0113to apm\u0113ru, tiks novirz\u012bti pa\u0161vald\u012bbu aiz\u0146\u0113mumu saist\u012bbu dz\u0113\u0161anai, t\u0101d\u0113j\u0101di stiprinot finan\u0161u ilgtsp\u0113ju. Prognozes r\u0101da, ka pie nemain\u012bgas politikas 2026.gad\u0101 IIN ie\u0146\u0113mumi pieaugs par 6,7% un turpm\u0101kajos gados &#8211; vid\u0113ji par 5%.<\/p>\n<p>T\u0101pat FM nor\u0101da, ka 2025.gad\u0101 pa\u0161vald\u012bbu st\u0101voklis v\u0113rt\u0113jams k\u0101 stabils, jo izl\u012bdzin\u0101tie ie\u0146\u0113mumi pieaugu\u0161i par vair\u0101k nek\u0101 10% jeb 228 miljoniem eiro, un nevienai pa\u0161vald\u012bbai pieaugums nav maz\u0101ks par 7%.<\/p>\n<p>Ar\u012b n\u0101kamgad valsts bud\u017eet\u0101 paredz\u0113ts piln\u012bb\u0101 kompens\u0113t darbasp\u0113ka nodok\u013cu reformas ietekmi. \u0145emot v\u0113r\u0101, ka reforma ir \u012bstenota ar lab\u0101kiem rezult\u0101tiem, nek\u0101 tika s\u0101kotn\u0113ji prognoz\u0113ts, tad valsts bud\u017eeta kompens\u0101cija pa\u0161vald\u012bb\u0101m b\u016bs nepiecie\u0161ama maz\u0101k\u0101 apm\u0113r\u0101, skaidro FM.<\/p>\n<p>Vid\u0113j\u0101 termi\u0146a galven\u0101 aiz\u0146em\u0161an\u0101s priorit\u0101te aizvien b\u016b\u0161ot Eiropas Savien\u012bbas (ES) fondu, Atvese\u013co\u0161an\u0101s fonda (AF) un Emisijas kvotu izsol\u012b\u0161anas instrumenta l\u012bdzfinans\u0113ti projekti. Valsts noteikt\u0101s invest\u012bciju priorit\u0101tes ir dro\u0161\u012bba, piem\u0113ram, patvert\u0146u izveide, demogr\u0101fija, piem\u0113ram, pirmsskolas izgl\u012bt\u012bbas iest\u0101\u017eu b\u016bvniec\u012bba un papla\u0161in\u0101\u0161ana, lai mazin\u0101tu rindas uz viet\u0101m pirmsskolas iest\u0101d\u0113s, un izgl\u012bt\u012bba, piem\u0113ram, skolu t\u012bkla sak\u0101rto\u0161ana un ilgtsp\u0113j\u012bgas izgl\u012bt\u012bbas funkcijas nodro\u0161in\u0101\u0161ana.<\/p>\n","protected":false},"excerpt":{"rendered":"Sarun\u0101s \u012bpa\u0161a uzman\u012bba esot piev\u0113rsta pa\u0161vald\u012bbu ie\u0146\u0113mumiem un aiz\u0146em\u0161an\u0101s iesp\u0113j\u0101m. FM inform\u0113, ka pa\u0161vald\u012bbu nodok\u013cu ie\u0146\u0113mumi turpin\u0101s augt&hellip;\n","protected":false},"author":2,"featured_media":3835,"comment_status":"","ping_status":"","sticky":false,"template":"","format":"standard","meta":{"footnotes":""},"categories":[5],"tags":[23,28,29,32,33,438,22,1862,1861,30,31,35,39,38,36,37,34,40,20,1860,26,27,24,25,21],"class_list":{"0":"post-3834","1":"post","2":"type-post","3":"status-publish","4":"format-standard","5":"has-post-thumbnail","7":"category-aktualitates","8":"tag-aktualitates","9":"tag-breaking-news","10":"tag-breakingnews","11":"tag-featured-news","12":"tag-featurednews","13":"tag-finansu-ministrija","14":"tag-headlines","15":"tag-iedzivotaju-ienakuma-nodoklis","16":"tag-iin","17":"tag-latest-news","18":"tag-latestnews","19":"tag-latvia","20":"tag-latvian","21":"tag-latviesu","22":"tag-latviesu-valoda","23":"tag-latviesuvaloda","24":"tag-latvija","25":"tag-lv","26":"tag-news","27":"tag-pasvaldibas","28":"tag-popularakas-zinas","29":"tag-popularakaszinas","30":"tag-top-stories","31":"tag-topstories","32":"tag-zinas"},"share_on_mastodon":{"url":"","error":""},"_links":{"self":[{"href":"https:\/\/www.europesays.com\/lv\/wp-json\/wp\/v2\/posts\/3834","targetHints":{"allow":["GET"]}}],"collection":[{"href":"https:\/\/www.europesays.com\/lv\/wp-json\/wp\/v2\/posts"}],"about":[{"href":"https:\/\/www.europesays.com\/lv\/wp-json\/wp\/v2\/types\/post"}],"author":[{"embeddable":true,"href":"https:\/\/www.europesays.com\/lv\/wp-json\/wp\/v2\/users\/2"}],"replies":[{"embeddable":true,"href":"https:\/\/www.europesays.com\/lv\/wp-json\/wp\/v2\/comments?post=3834"}],"version-history":[{"count":0,"href":"https:\/\/www.europesays.com\/lv\/wp-json\/wp\/v2\/posts\/3834\/revisions"}],"wp:featuredmedia":[{"embeddable":true,"href":"https:\/\/www.europesays.com\/lv\/wp-json\/wp\/v2\/media\/3835"}],"wp:attachment":[{"href":"https:\/\/www.europesays.com\/lv\/wp-json\/wp\/v2\/media?parent=3834"}],"wp:term":[{"taxonomy":"category","embeddable":true,"href":"https:\/\/www.europesays.com\/lv\/wp-json\/wp\/v2\/categories?post=3834"},{"taxonomy":"post_tag","embeddable":true,"href":"https:\/\/www.europesays.com\/lv\/wp-json\/wp\/v2\/tags?post=3834"}],"curies":[{"name":"wp","href":"https:\/\/api.w.org\/{rel}","templated":true}]}}