{"id":38357,"date":"2025-11-03T05:14:08","date_gmt":"2025-11-03T05:14:08","guid":{"rendered":"https:\/\/www.europesays.com\/lv\/38357\/"},"modified":"2025-11-03T05:14:08","modified_gmt":"2025-11-03T05:14:08","slug":"vel-tikai-viena-spelu-karta-vairs-tikai-viens-jautajums","status":"publish","type":"post","link":"https:\/\/www.europesays.com\/lv\/38357\/","title":{"rendered":"V\u0113l tikai viena sp\u0113\u013cu k\u0101rta, vairs tikai viens jaut\u0101jums"},"content":{"rendered":"<p>N\u0101kamsezon virsl\u012bg\u0101 b\u016bs 12 komandas?<\/p>\n<p>T\u0101das runas ir dzird\u0113tas. Laikam tom\u0113r nav korekti par to publiski run\u0101t, kam\u0113r komandas sp\u0113kojas par palik\u0161anu un vajag tom\u0113r r\u016bp\u012bg\u0101k izsv\u0113rt, cik tas b\u016bs lietder\u012bgi. T\u0101 saukt\u0101 Solidarit\u0101tes fonda naudas ien\u0101k\u0161ana futbol\u0101 ir viens, bet virsl\u012bgas kop\u0113jais l\u012bmenis un intriga turn\u012bra tabul\u0101 \u2013 pavisam kas cits. Vai mums ir pietiekami daudz pa\u0161m\u0101ju sp\u0113l\u0113t\u0101ju, kas atbilst virsl\u012bgas l\u012bmenim? Vair\u0101k\u0101s komand\u0101s ir vair\u0101ki aizdoti sp\u0113l\u0113t\u0101ji (plus v\u0113l t\u0101 saukt\u0101s sl\u0113pt\u0101s aizdo\u0161anas&#8230;), bet \u2013 no otras puses \u2013 k\u0101p\u0113c laist gar\u0101m naudu, kas ien\u0101ks Latvijas futbol\u0101 no Solidarit\u0101tes fonda? Ne jau no komandu skaita palielin\u0101\u0161anas virsl\u012bg\u0101 p\u0113k\u0161\u0146i augs viet\u0113jo sp\u0113l\u0113t\u0101ju meistar\u012bba un l\u012bmenis (b\u016bs iesp\u0113ja liel\u0101kam pa\u0161m\u0101ju sp\u0113l\u0113t\u0101ju skaitam sp\u0113l\u0113t virsl\u012bg\u0101 \u2013 to nevar noliegt), tas b\u016bs atkar\u012bgs no darba ar b\u0113rniem un jaunie\u0161iem, no darba klubu akad\u0113mij\u0101s, no pa\u0161u jauno sp\u0113l\u0113t\u0101ju m\u0113r\u0137tiec\u012bbas un cent\u012bbas, no t\u0101, cik prasm\u012bgi un t\u0101lredz\u012bgi l\u012bdzek\u013ci tiks izmantoti. Horv\u0101tij\u0101, piem\u0113ram, kuras izlase p\u0113d\u0113jos divos Pasaules kausa fin\u0101lturn\u012bros bija otraj\u0101 un tre\u0161aj\u0101 viet\u0101, virsl\u012bg\u0101 ar\u012b ir desmit komandas. T\u0101 ka, pirms pie\u0146emt l\u0113mumu, der\u0113tu vispus\u0113ja un pla\u0161a anal\u012bze. Katrai sist\u0113mai ir plusi un m\u012bnusi, j\u0101izv\u0113las t\u0101, kas mums ir visnoder\u012bg\u0101k\u0101 pa\u0161reiz. \u017d\u0113l b\u016bs jebkuras komandas, kas pamet\u012bs virsl\u012bgu, ta\u010du t\u0101ds pa\u0161reiz ir nolikums.<\/p>\n<p>Praktiski zin\u0101ms lab\u0101kais v\u0101rtu guv\u0113js \u2013 Darko Lemaji\u010dam no RFS ir 28 g\u016bti v\u0101rti un vi\u0146\u0161 tre\u0161o reizi ac\u012bmredzot k\u013c\u016bs par lab\u0101ko v\u0101rtu guv\u0113ju. Tuv\u0101kajiem sekot\u0101jiem D\u017eibrilam Gejam \u2013 19, bet J\u0101nim Ikauniekam (RFS) un Ingaram P\u016blim \u2013 pa 18 v\u0101rtiem, turkl\u0101t P\u016blis noraid\u012bjuma d\u0113\u013c p\u0113d\u0113j\u0101 sp\u0113l\u0113 nepiedal\u012bsies. Vai Lamaji\u010dam izdosies sasniegt 30 v\u0101rtu robe\u017eu? L\u012bdz \u0161im p\u0113d\u0113jo reizi 30 v\u0101rtus vien\u0101 virsl\u012bgas \u010dempion\u0101t\u0101 2009. gad\u0101 guva Kristaps Grebis no &#8220;Liep\u0101jas metalurga&#8221;.<\/p>\n","protected":false},"excerpt":{"rendered":"N\u0101kamsezon virsl\u012bg\u0101 b\u016bs 12 komandas? T\u0101das runas ir dzird\u0113tas. Laikam tom\u0113r nav korekti par to publiski run\u0101t, kam\u0113r&hellip;\n","protected":false},"author":2,"featured_media":38358,"comment_status":"","ping_status":"","sticky":false,"template":"","format":"standard","meta":{"footnotes":""},"categories":[17],"tags":[35,39,38,36,37,34,40,1939,67],"class_list":{"0":"post-38357","1":"post","2":"type-post","3":"status-publish","4":"format-standard","5":"has-post-thumbnail","7":"category-sports","8":"tag-latvia","9":"tag-latvian","10":"tag-latviesu","11":"tag-latviesu-valoda","12":"tag-latviesuvaloda","13":"tag-latvija","14":"tag-lv","15":"tag-optibet-futbola-virsliga","16":"tag-sports"},"share_on_mastodon":{"url":"https:\/\/pubeurope.com\/@lv\/115484063386050840","error":""},"_links":{"self":[{"href":"https:\/\/www.europesays.com\/lv\/wp-json\/wp\/v2\/posts\/38357","targetHints":{"allow":["GET"]}}],"collection":[{"href":"https:\/\/www.europesays.com\/lv\/wp-json\/wp\/v2\/posts"}],"about":[{"href":"https:\/\/www.europesays.com\/lv\/wp-json\/wp\/v2\/types\/post"}],"author":[{"embeddable":true,"href":"https:\/\/www.europesays.com\/lv\/wp-json\/wp\/v2\/users\/2"}],"replies":[{"embeddable":true,"href":"https:\/\/www.europesays.com\/lv\/wp-json\/wp\/v2\/comments?post=38357"}],"version-history":[{"count":0,"href":"https:\/\/www.europesays.com\/lv\/wp-json\/wp\/v2\/posts\/38357\/revisions"}],"wp:featuredmedia":[{"embeddable":true,"href":"https:\/\/www.europesays.com\/lv\/wp-json\/wp\/v2\/media\/38358"}],"wp:attachment":[{"href":"https:\/\/www.europesays.com\/lv\/wp-json\/wp\/v2\/media?parent=38357"}],"wp:term":[{"taxonomy":"category","embeddable":true,"href":"https:\/\/www.europesays.com\/lv\/wp-json\/wp\/v2\/categories?post=38357"},{"taxonomy":"post_tag","embeddable":true,"href":"https:\/\/www.europesays.com\/lv\/wp-json\/wp\/v2\/tags?post=38357"}],"curies":[{"name":"wp","href":"https:\/\/api.w.org\/{rel}","templated":true}]}}