{"id":38379,"date":"2025-11-03T05:30:07","date_gmt":"2025-11-03T05:30:07","guid":{"rendered":"https:\/\/www.europesays.com\/lv\/38379\/"},"modified":"2025-11-03T05:30:07","modified_gmt":"2025-11-03T05:30:07","slug":"video-meistarigais-vienradzis-porzingis-piespele-gulot-uz-gridas-un-uzliek-jumtu-moblijam-tv3-lv","status":"publish","type":"post","link":"https:\/\/www.europesays.com\/lv\/38379\/","title":{"rendered":"VIDEO: Meistar\u012bgais Vienradzis &#8211; Porzi\u0146\u0123is piesp\u0113l\u0113 gu\u013cot uz gr\u012bdas un uzliek jumtu Moblijam &#8211; tv3.lv"},"content":{"rendered":"<ol>\n<li><a href=\"https:\/\/news.google.com\/rss\/articles\/CBMivgFBVV95cUxQVThBdmlKNm0xdF9oLUlaaWhTMmZ6aWVsY3Q0UzhNcWY0ektmV05VWGk2cGp6b3RkWllKUE1LX2Y3WDZSOWVRd3lRMF9yYlpuNV9sbFViQnJ1a2dPUXFfLWlBYmltN0FmTG11bno5aFlZRVIxNlloX0lNUUsyUVFCNlpWdFNuaGVvWkpEZ2lUNHdHT1VuQVQxNlphSXAzYXgwcFZiRU1kdGhIVHBWTmc3UTZsWjhDQTBXd05zSXBn?oc=5\" target=\"_blank\" rel=\"nofollow noopener\">VIDEO: Meistar\u012bgais Vienradzis &#8211; Porzi\u0146\u0123is piesp\u0113l\u0113 gu\u013cot uz gr\u012bdas un uzliek jumtu Moblijam<\/a>&nbsp;&nbsp;tv3.lv<\/li>\n<li><a href=\"https:\/\/news.google.com\/rss\/articles\/CBMirgFBVV95cUxOMDhOeS1jZ0pDUHNWOVFqM19hdkV1U3cxTzV4N3VUWFZ4eWNhRDdQRnpqOGxWZjBtelFnWDlvTm9hVnZqZnZINDM5TjdwWU9OWm9zWUxHODZONHRrek5NNzJSSGtKTnF5YllxZkdHaFFHS1NDNTh6OFc0UTFIYzk2Q2dNRll1V21wNnBKVHN3WkZQd3dxN3V1N3V4ZjI5dkRJZGpDNnpJUUdSYjJmbFE?oc=5\" target=\"_blank\" rel=\"nofollow noopener\">Video: Porzi\u0146\u0123is efekt\u012bgi asist\u0113 un kr\u0101j punktus groza tuvum\u0101, sekm\u0113jot uzvaru \u2013 Basketbols<\/a>&nbsp;&nbsp;Sportacentrs.com<\/li>\n<li><a href=\"https:\/\/news.google.com\/rss\/articles\/CBMitAFBVV95cUxNcVM1aThUYXlFdEFIaHEwbGpjRkd1V2UxUUVvWkZPQU16N0pEWk9wZUdXLXRQV05EMVl1U014ZG9CdkN2aWZraFEzdzlPUlhPNWYzWmpuWlN3WVJ2QTQ0Qkw1a1dZLUd5ZFBzTVFVWnB4YlBfaDUxOHU2dzhwVkpTSjYyRThpUkRXSGJ4UDJ5U1RVelA5eDZMeG1BRUtKRTk4VXppLWZ0eGJ0ajlEM2lvYXlzT3E?oc=5\" target=\"_blank\" rel=\"nofollow noopener\">&#8220;Hawks&#8221; bez l\u012bdera Janga b\u016bs j\u0101iztiek vismaz viens m\u0113nesis<\/a>&nbsp;&nbsp;Delfi<\/li>\n<li><a href=\"https:\/\/news.google.com\/rss\/articles\/CBMiigFBVV95cUxQb2gwWUFUdFlsQXRKWVNRa1R2SS1SVVN4LUpZdHRxWlQ3R3BqeThkSGUzSnk5M1A5VnV5TldPUE1ZOEJYTF9YX0xUZmxfS0xmcDlTMHBhdnFtdHZ0UXBwTlowZS1Fc0ZVNmNjaVM4VVJneGRPZnJkOHM0NUtFUXhJelhoOGZBcTVPQkE?oc=5\" target=\"_blank\" rel=\"nofollow noopener\">Porzi\u0146\u0123is nopelna \u0161osezon savu pirmo &#8220;double-double&#8221;<\/a>&nbsp;&nbsp;TVNET Sports<\/li>\n<li><a href=\"https:\/\/news.google.com\/rss\/articles\/CBMi1gFBVV95cUxQRDZMZGF2V3oyOHVtSjdGdV9FM2NVSWRIblhaUU5VVUxlZDhDdktMTzFGUzRBckIyb1dwUFMyT0wyVEgxNkdfU1JtLTdmRDBJNGFGYngtR2Z4bGpQS18tdDA3TGZUdmpwX2V1cU5RS3hadVdILVZ5b1JQVkxxRTNwdmxRUXY4M0lZNUtRcTdINkJ0ZjJna01tUENFR2haRjBxX05BcTI4WXpjWHJKNEdYVHZXYThycVhKR01XbFV4RF9ncVlfSmdjRld1VG00dWp1NEpyLXFn?oc=5\" target=\"_blank\" rel=\"nofollow noopener\">Porzi\u0146\u0123is iekr\u0101j 15 punktus \u00abHawks\u00bb uzvar\u0101 p\u0101r p\u0113rn\u0101s sezonas NBA fin\u0101listiem \/ Raksts<\/a>&nbsp;&nbsp;LSM<\/li>\n<\/ol>\n","protected":false},"excerpt":{"rendered":"VIDEO: Meistar\u012bgais Vienradzis &#8211; Porzi\u0146\u0123is piesp\u0113l\u0113 gu\u013cot uz gr\u012bdas un uzliek jumtu Moblijam&nbsp;&nbsp;tv3.lv Video: Porzi\u0146\u0123is efekt\u012bgi asist\u0113 un&hellip;\n","protected":false},"author":2,"featured_media":38380,"comment_status":"","ping_status":"","sticky":false,"template":"","format":"standard","meta":{"footnotes":""},"categories":[5],"tags":[23,11199,28,29,32,33,22,30,31,35,39,38,36,37,34,40,20,26,27,24,25,21],"class_list":{"0":"post-38379","1":"post","2":"type-post","3":"status-publish","4":"format-standard","5":"has-post-thumbnail","7":"category-aktualitates","8":"tag-aktualitates","9":"tag-atlantas-hawksklivlendas-cavalierskristaps-porzingisnba","10":"tag-breaking-news","11":"tag-breakingnews","12":"tag-featured-news","13":"tag-featurednews","14":"tag-headlines","15":"tag-latest-news","16":"tag-latestnews","17":"tag-latvia","18":"tag-latvian","19":"tag-latviesu","20":"tag-latviesu-valoda","21":"tag-latviesuvaloda","22":"tag-latvija","23":"tag-lv","24":"tag-news","25":"tag-popularakas-zinas","26":"tag-popularakaszinas","27":"tag-top-stories","28":"tag-topstories","29":"tag-zinas"},"share_on_mastodon":{"url":"https:\/\/pubeurope.com\/@lv\/115484126296821811","error":""},"_links":{"self":[{"href":"https:\/\/www.europesays.com\/lv\/wp-json\/wp\/v2\/posts\/38379","targetHints":{"allow":["GET"]}}],"collection":[{"href":"https:\/\/www.europesays.com\/lv\/wp-json\/wp\/v2\/posts"}],"about":[{"href":"https:\/\/www.europesays.com\/lv\/wp-json\/wp\/v2\/types\/post"}],"author":[{"embeddable":true,"href":"https:\/\/www.europesays.com\/lv\/wp-json\/wp\/v2\/users\/2"}],"replies":[{"embeddable":true,"href":"https:\/\/www.europesays.com\/lv\/wp-json\/wp\/v2\/comments?post=38379"}],"version-history":[{"count":0,"href":"https:\/\/www.europesays.com\/lv\/wp-json\/wp\/v2\/posts\/38379\/revisions"}],"wp:featuredmedia":[{"embeddable":true,"href":"https:\/\/www.europesays.com\/lv\/wp-json\/wp\/v2\/media\/38380"}],"wp:attachment":[{"href":"https:\/\/www.europesays.com\/lv\/wp-json\/wp\/v2\/media?parent=38379"}],"wp:term":[{"taxonomy":"category","embeddable":true,"href":"https:\/\/www.europesays.com\/lv\/wp-json\/wp\/v2\/categories?post=38379"},{"taxonomy":"post_tag","embeddable":true,"href":"https:\/\/www.europesays.com\/lv\/wp-json\/wp\/v2\/tags?post=38379"}],"curies":[{"name":"wp","href":"https:\/\/api.w.org\/{rel}","templated":true}]}}