{"id":38389,"date":"2025-11-03T05:40:13","date_gmt":"2025-11-03T05:40:13","guid":{"rendered":"https:\/\/www.europesays.com\/lv\/38389\/"},"modified":"2025-11-03T05:40:13","modified_gmt":"2025-11-03T05:40:13","slug":"normali-jebkura-vecuma-but-dzive-ieinteresetam-saruna-ar-gunaru-krolli","status":"publish","type":"post","link":"https:\/\/www.europesays.com\/lv\/38389\/","title":{"rendered":"Norm\u0101li jebkur\u0101 vecum\u0101 b\u016bt dz\u012bv\u0113 ieinteres\u0113tam. Saruna ar Gun\u0101ru Krolli"},"content":{"rendered":"<p>\u2013 B\u016bs krolliski\u2026 (Pasmaida.) Citk\u0101rt vilki man\u0101s glezn\u0101s ir atradu\u0161i savu vietu, bet politik\u0101 neiedzi\u013cinos.<\/p>\n<p>\u2013 T\u0101 k\u0101 Nacion\u0101laj\u0101 m\u0101kslas muzej\u0101 atkl\u0101jam\u0101s izst\u0101des nosaukums ir \u201cKontrastviela\u201d, gribu vaic\u0101t l\u012bdz\u012bb\u0101s \u2013 vai ar\u012b j\u016bsu dz\u012bv\u0113 ir bijis daudz kontrastu?<\/p>\n<p>\u2013 Nevaru teikt, ka daudz. K\u0101 spilgt\u0101kais pr\u0101t\u0101 laiks, kad m\u0113s, no da\u017e\u0101diem Latvijas nost\u016briem n\u0101ku\u0161ie tr\u012bs pui\u0161i \u2013 Indulis Ranka, J\u0101zeps P\u012bgoznis un es \u2013, bie\u017ei b\u016bdami tuk\u0161iem v\u0113deriem, bet ideju p\u0101rpiln\u0101m galv\u0101m m\u0101c\u012bj\u0101mies un stud\u0113j\u0101m elit\u0101r\u0101s skol\u0101s \u2013 Ja\u0146a Rozent\u0101la vidusskol\u0101, p\u0113c tam M\u0101kslas akad\u0113mij\u0101, tikai da\u017e\u0101d\u0101s fakult\u0101t\u0113s. L\u012bdzek\u013cu tr\u016bkuma d\u0113\u013c vienu laiku n\u0101c\u0101s pat dz\u012bvot vien\u0101 istab\u0101. Kop\u0101 str\u0101d\u0101j\u0101m, z\u012bm\u0113j\u0101m, gleznoj\u0101m nakt\u012bs, \u013c\u0101v\u0101mies v\u0113lmei sevi att\u012bst\u012bt un veidot, un katru mirkli velt\u012bt tam, lai dz\u012bv\u0113 ko rado\u0161i sasniegtu.<\/p>\n<p>\u2013 Tagad par dz\u012bv\u0113 sasniegto esat gandar\u012bts?<\/p>\n<p>\u2013 J\u0101, ne\u0161\u0137iroju, kas labi un kas ne tik veiksm\u012bgi san\u0101cis. T\u0101 ir mana re\u0101l\u0101 dz\u012bve. Izlikta uz pap\u012bra. Vai varu ko main\u012bt? N\u0113. Pievilc\u012bg\u0101kais man alla\u017e bijis rado\u0161ais process.<\/p>\n<p>\u2013 Kur sl\u0113pjas grafikas pievilc\u012bba?<\/p>\n<p>\u2013 Man ir kaifs str\u0101d\u0101t ar melnbalto. Bet paiet zin\u0101ms laiks, un atkal rodas nepiecie\u0161am\u012bba izteikties kr\u0101s\u0101s. Tad tu str\u0101d\u0101 ar akvareli, akrilu vai e\u013c\u013cas kr\u0101s\u0101s.<\/p>\n<p>\u2013 Vai j\u016bs ieteiktu jaunam cilv\u0113kam k\u013c\u016bt par grafi\u0137i?<\/p>\n<p>\u2013 Ja vi\u0146am ir talants, es teiktu, j\u0101. Talantu var just p\u0113c darbiem, p\u0113c attieksmes, p\u0113c t\u0101, vai str\u0101d\u0101ts no sirds vai ne. Talantam vajag pal\u012bdz\u0113t. Visgr\u016bt\u0101kais jau m\u016bsdien\u0101s ir c\u012bni\u0146\u0161 ar dz\u012bvi. Grafika ir sare\u017e\u0123\u012bta lieta. Man m\u0101j\u0101s ir prese, bez kuras grafik\u0101 nevar izdar\u012bt neko. M\u0101kslas akad\u0113mij\u0101 ar\u012b ir \u0161is nepiecie\u0161amais instruments. Bet t\u0101l\u0101k? Par laimi, M\u0101kslinieku savien\u012bbas darbn\u012bc\u0101 \u0161is agreg\u0101ts ir v\u0113l liel\u0101ks, un tur str\u0101d\u0101jo\u0161ie ar\u012b att\u012bsta un virza grafiku. Daudz vair\u0101k rado\u0161am darbam var\u0113ju nodoties, kad vairs nestr\u0101d\u0101ju par m\u0101c\u012bbsp\u0113ku M\u0101kslas akad\u0113mij\u0101. Darbs taj\u0101 tom\u0113r pras\u012bja \u013coti daudz ener\u0123ijas un laika. Ta\u010du daudz sa\u0146\u0113mu ar\u012b pretim.<\/p>\n<p>\u2013 Kas rado\u0161am cilv\u0113kam dz\u012bv\u0113 ir liel\u0101k\u0101s v\u0113rt\u012bbas?<\/p>\n<p>\u2013 B\u016bt patst\u0101v\u012bgam. Un neiespaidoties. Bet tas nav viegli. Ja atver savas iek\u0161\u0113j\u0101s rado\u0161\u0101s pat\u012bbas v\u0101rtus un \u0146em no visiem, kas pagad\u0101s, paz\u016bd person\u012bba. Var jau pasmelties, bet j\u0101atrod savs.<\/p>\n<p><img decoding=\"async\" src=\"https:\/\/www.europesays.com\/lv\/wp-content\/uploads\/2025\/11\/2025110307210869083bc465d8e.JPG\" alt=\"Gun\u0101rs Krollis.\" loading=\"lazy\"\/><\/p>\n<p>Gun\u0101rs Krollis.<\/p>\n<p>Foto:\u00a0Timurs Subhankulovs\u00a0\/ Latvijas Mediji<\/p>\n<p>\u2013 T\u0101 k\u0101 \u0123imen\u0113 esat tr\u012bs m\u0101kslinieki, vai m\u0101j\u0101s run\u0101jat par m\u0101kslu?<\/p>\n<p>\u2013 Protams, visliel\u0101k\u0101 uztic\u0113\u0161an\u0101s ir tie\u0161i \u0123imenei. Un \u0161\u012b uztic\u012bba ir v\u0113l t\u0101ds blakus dzinulis m\u0101ksl\u0101. Da\u017ereiz kritiski v\u0101rdi ir r\u016bgti un nepat\u012bkami, tad k\u013c\u016bstu dusm\u012bgs, bet paiet br\u012bti\u0146\u0161, un redzu, ka otrai pusei bijusi taisn\u012bba.<\/p>\n<p>\u2013 Jums ir asto\u0146desmit pieci gadi. Nav ko sl\u0113pt, daudzus \u0161aj\u0101 cien\u012bjam\u0101 vecum\u0101 interes\u0113 tikai visikdieni\u0161\u0137\u0101kais. Kas ir j\u016bsu ener\u0123ijas avots?<\/p>\n<p>\u2013 Man jau liekas, ir tikai norm\u0101li jebkur\u0101 vecum\u0101 b\u016bt dz\u012bv\u0113 ieinteres\u0113tam. Bet ener\u0123iju dod ne jau rado\u0161ais, bet fiziskais darbs. Vasar\u0101 m\u016bsu \u0123imene brauc uz m\u016bsu laukiem Madonas pus\u0113. Darba pietiek visiem, ar\u012b mazmeitai. Kam\u0113r p\u013cauj z\u0101li, ar dom\u0101m un idej\u0101m vari klejot pa visu pasauli. Lauki, vide, M\u0113trienas daba un cilv\u0113ki ir m\u016bsu akumulators. Ruden\u012b atgrie\u017eoties R\u012bg\u0101, esam atkal zirg\u0101, s\u0101kam jaunu rado\u0161u apli.<\/p>\n<p>RADO\u0160\u0100 VIZ\u012aTKARTE<\/p>\n<p>GUN\u0100RS KROLLIS (1932)<\/p>\n<p>* Grafi\u0137is, profesors emeritus, Latvijas M\u0101kslas akad\u0113mijas profesors un Grafikas katedras Oforta darbn\u012bcas pasniedz\u0113js, vad\u012bt\u0101js (1974\u20132006).<\/p>\n<p>* Kop\u0161 pirm\u0101s izst\u0101des 1956. gad\u0101 sar\u012bkojis vair\u0101k nek\u0101 40 person\u0101lizst\u0101des Latvij\u0101 un \u0101rzem\u0113s, \u012bstenojis simtiem izst\u0101\u017eu projektu Latvij\u0101 un \u0101rzem\u0113s Eirop\u0101, ASV un Tuvajos Austrumos.<\/p>\n<p>* Vi\u0146a darbi atrodas Marka Rotko m\u0101kslas centr\u0101 Daugavpil\u012b, Liel\u0101ko Latvijas muzeju, Tretjakova galerijas un Pu\u0161kina m\u0101kslas muzeja kr\u0101jumos, k\u0101 ar\u012b daudz\u0101s priv\u0101tkolekcij\u0101s.<\/p>\n<p>* Veidojis gr\u0101matu dizainu un rad\u012bjis ilustr\u0101cijas vair\u0101k nek\u0101 200 gr\u0101mat\u0101m.<\/p>\n<p>* Ir ar\u012b dzejnieks, tekstu autors Raimonda Paula dziesmu ciklam \u201cMelnais kliedziens\u201d, veidojis \u0161\u0101 cikla vizualiz\u0101cijas Maestro 75 gadu jubilejas koncert\u0101 (2011).<\/p>\n<p>* Daudzu profesion\u0101lu apbalvojumu laure\u0101ts.<\/p>\n<p class=\"paragraph-muted\">Izv\u0113lies savu soct\u012bklu platformu, lai sekotu LASI.LV: <a href=\"https:\/\/www.facebook.com\/portals.lasi.lv\" target=\"_blank\" rel=\"noopener noreferrer nofollow\">Facebook<\/a>, <a href=\"https:\/\/twitter.com\/lasilvportals\" target=\"_blank\" rel=\"noopener noreferrer nofollow\">X<\/a>, <a href=\"https:\/\/bsky.app\/profile\/lasilv.bsky.social\" target=\"_blank\" rel=\"noopener noreferrer nofollow\">Bluesky<\/a>, <a href=\"https:\/\/www.draugiem.lv\/lasilv\/?pg=4\" target=\"_blank\" rel=\"noopener noreferrer nofollow\">Draugiem<\/a> vai ar\u012b <a href=\"https:\/\/www.instagram.com\/lasilv_zinas\/\" target=\"_blank\" rel=\"noopener noreferrer nofollow\">Instagram<\/a>. Pievienojies m\u016bsu las\u012bt\u0101ju pulkam, lai sa\u0146emtu \u012bpa\u0161i tev atlas\u012btu noder\u012bgu, praktisku un aktu\u0101lu saturu.\u00a0<\/p>\n<p><a href=\"https:\/\/lasi.lv\/abonesana\" rel=\"nofollow noopener\" target=\"_blank\">Abon\u0113<\/a>\u00a0LASI.LV gadam\u00a0vai k\u0101du no\u00a0&#8220;Latvijas Mediju&#8221; periodiskajiem izdevumiem 2026. gadam, un laim\u0113 1500 eiro vai Philips kafijas autom\u0101tu. Loterijas at\u013caujas nr. 8744.<\/p>\n<p><img decoding=\"async\" src=\"https:\/\/www.europesays.com\/lv\/wp-content\/uploads\/2025\/10\/1760568371_496_2025100311425268df8c8c1572e.jpg\" alt=\"\" loading=\"lazy\"\/><\/p>\n<p style=\"margin-left:auto;\">Pieraksties LASI.LV redaktora v\u0113stkopai <a href=\"https:\/\/lasi.lv\/vestkopa\/lasi-lv-galvena-redaktora-vestkopa\" rel=\"nofollow noopener\" target=\"_blank\">\u0161eit<\/a>.<\/p>\n<p>Pieraksties v\u0113stkopai un divas reizes ned\u0113\u013c\u0101 sa\u0146em padzi\u013cin\u0101tu LASI.LV galven\u0101 redaktora aktu\u0101lo zi\u0146u, kompetentu viedok\u013cu un interesant\u0101ko interviju apkopojumu.<\/p>\n<p>Ko tu sa\u0146emsi:<\/p>\n<ul>\n<li>Daudzveid\u012bgus koment\u0101rus un kompetentus Latvijas Mediju \u017eurn\u0101listu un autoru viedok\u013cus par aktu\u0101lo<\/li>\n<li>Ekspertu koment\u0101rus par da\u017e\u0101diem praktiskiem, noder\u012bgiem tematiem<\/li>\n<li>Aizraujo\u0161us materi\u0101lus par v\u0113sturi, psiholo\u0123iju, kult\u016bru<\/li>\n<li>Gata \u0160\u013c\u016bkas karikat\u016bru<\/li>\n<li>Tav\u0101 e-pasta kast\u012bt\u0113 katru ceturtdienu<\/li>\n<\/ul>\n<p style=\"margin-left:auto;\">\u00a0<\/p>\n<p><script async src=\"https:\/\/platform.twitter.com\/widgets.js\" charset=\"utf-8\"><\/script><script async src=\"\/\/www.instagram.com\/embed.js\"><\/script><\/p>\n","protected":false},"excerpt":{"rendered":"\u2013 B\u016bs krolliski\u2026 (Pasmaida.) Citk\u0101rt vilki man\u0101s glezn\u0101s ir atradu\u0161i savu vietu, bet politik\u0101 neiedzi\u013cinos. \u2013 T\u0101 k\u0101&hellip;\n","protected":false},"author":2,"featured_media":38390,"comment_status":"","ping_status":"","sticky":false,"template":"","format":"standard","meta":{"footnotes":""},"categories":[14],"tags":[23,57,28,29,32,33,22,30,31,35,39,38,36,37,34,40,20,26,27,24,25,54,55,56,21,58],"class_list":{"0":"post-38389","1":"post","2":"type-post","3":"status-publish","4":"format-standard","5":"has-post-thumbnail","7":"category-zinas-no-arvalstim","8":"tag-aktualitates","9":"tag-arvalstim","10":"tag-breaking-news","11":"tag-breakingnews","12":"tag-featured-news","13":"tag-featurednews","14":"tag-headlines","15":"tag-latest-news","16":"tag-latestnews","17":"tag-latvia","18":"tag-latvian","19":"tag-latviesu","20":"tag-latviesu-valoda","21":"tag-latviesuvaloda","22":"tag-latvija","23":"tag-lv","24":"tag-news","25":"tag-popularakas-zinas","26":"tag-popularakaszinas","27":"tag-top-stories","28":"tag-topstories","29":"tag-world","30":"tag-world-news","31":"tag-worldnews","32":"tag-zinas","33":"tag-zinas-no-arvalstim"},"share_on_mastodon":{"url":"https:\/\/pubeurope.com\/@lv\/115484165638158767","error":""},"_links":{"self":[{"href":"https:\/\/www.europesays.com\/lv\/wp-json\/wp\/v2\/posts\/38389","targetHints":{"allow":["GET"]}}],"collection":[{"href":"https:\/\/www.europesays.com\/lv\/wp-json\/wp\/v2\/posts"}],"about":[{"href":"https:\/\/www.europesays.com\/lv\/wp-json\/wp\/v2\/types\/post"}],"author":[{"embeddable":true,"href":"https:\/\/www.europesays.com\/lv\/wp-json\/wp\/v2\/users\/2"}],"replies":[{"embeddable":true,"href":"https:\/\/www.europesays.com\/lv\/wp-json\/wp\/v2\/comments?post=38389"}],"version-history":[{"count":0,"href":"https:\/\/www.europesays.com\/lv\/wp-json\/wp\/v2\/posts\/38389\/revisions"}],"wp:featuredmedia":[{"embeddable":true,"href":"https:\/\/www.europesays.com\/lv\/wp-json\/wp\/v2\/media\/38390"}],"wp:attachment":[{"href":"https:\/\/www.europesays.com\/lv\/wp-json\/wp\/v2\/media?parent=38389"}],"wp:term":[{"taxonomy":"category","embeddable":true,"href":"https:\/\/www.europesays.com\/lv\/wp-json\/wp\/v2\/categories?post=38389"},{"taxonomy":"post_tag","embeddable":true,"href":"https:\/\/www.europesays.com\/lv\/wp-json\/wp\/v2\/tags?post=38389"}],"curies":[{"name":"wp","href":"https:\/\/api.w.org\/{rel}","templated":true}]}}