{"id":38391,"date":"2025-11-03T05:42:08","date_gmt":"2025-11-03T05:42:08","guid":{"rendered":"https:\/\/www.europesays.com\/lv\/38391\/"},"modified":"2025-11-03T05:42:08","modified_gmt":"2025-11-03T05:42:08","slug":"afganistanu-satricina-63-magnitudu-zemestrice","status":"publish","type":"post","link":"https:\/\/www.europesays.com\/lv\/38391\/","title":{"rendered":"Afganist\u0101nu satricina 6,3 magnit\u016bdu zemestr\u012bce"},"content":{"rendered":"<p><a href=\"https:\/\/www.tvnet.lv\/term\/555946\/zemestrice\" class=\"topicLink\" target=\"_blank\" rel=\"nofollow noopener\">Zemestr\u012bce<\/a> notika 28 kilometru dzi\u013cum\u0101, un t\u0101s epicentrs atrad\u0101s net\u0101lu no Mazari\u0161ar\u012bfas, v\u0113sta ASV \u0122eolo\u0123iskais dienests.<\/p>\n<p>Balhas provinc\u0113 g\u0101ju\u0161i boj\u0101 \u010detri cilv\u0113ki un 120 cilv\u0113ki nog\u0101d\u0101ti slimn\u012bc\u0101, inform\u0113jis vesel\u012bbas departamenta p\u0101rst\u0101vis Kamals Hanzadrans.<\/p>\n<p>Savuk\u0101rt Katastrofu p\u0101rvald\u012bbas centra p\u0101rst\u0101vis Mohammadull\u0101hs Hamads pav\u0113st\u012bjis, ka Samang\u0101nas provinc\u0113 net\u0101lu no zemestr\u012bces epicentra g\u0101ju\u0161i boj\u0101 pieci cilv\u0113ki un ievainoti 143 cilv\u0113ki, ta\u010du daudzi p\u0113c medic\u012bnisk\u0101s pal\u012bdz\u012bbas sa\u0146em\u0161anas atgriezu\u0161ies m\u0101j\u0101s.<\/p>\n<p>V\u0101jie sakari un infrastrukt\u016bra iepriek\u0161 kav\u0113ju\u0161i rea\u0123\u0113\u0161anu uz katastrof\u0101m kalnainaj\u0101 apvid\u016b, ne\u013caujot varas iest\u0101d\u0113m stund\u0101m vai pat dien\u0101m nok\u013c\u016bt att\u0101los ciematos, lai nov\u0113rt\u0113tu post\u012bjumu apm\u0113ru.<\/p>\n<p>August\u0101 se\u0161u magnit\u016bdu stipr\u0101 zemestr\u012bc\u0113 Afganist\u0101nas austrumos g\u0101ja boj\u0101 vair\u0101k nek\u0101 2200 cilv\u0113ku.<\/p>\n<p>T\u0101 bija tre\u0161\u0101 posto\u0161\u0101k\u0101 zemestr\u012bce, kas satricin\u0101jusi Afganist\u0101nu kop\u0161 talibu atgrie\u0161an\u0101s pie varas 2021. gad\u0101.<\/p>\n<p>ANO un pal\u012bdz\u012bbas organiz\u0101cijas br\u012bdin\u0101ju\u0161as, ka Afganist\u0101n\u0101 pieaug bads un izol\u0113taj\u0101 valst\u012b ir hum\u0101n\u0101 kr\u012bze, ko pastiprina sausums, ekonomikas banku sektora ierobe\u017eojumi un miljoniem afg\u0101\u0146u nos\u016bt\u012b\u0161ana atpaka\u013c uz dzimteni no kaimi\u0146os eso\u0161\u0101s Ir\u0101nas un Pakist\u0101nas.<\/p>\n<p>Zemestr\u012bces Afganist\u0101n\u0101 notiek bie\u017ei, jo \u012bpa\u0161i pie Hinduku\u0161a kalnu gr\u0113das Eir\u0101zijas un Indijas tektonisko pl\u0101t\u0146u saskares viet\u0101.<\/p>\n","protected":false},"excerpt":{"rendered":"Zemestr\u012bce notika 28 kilometru dzi\u013cum\u0101, un t\u0101s epicentrs atrad\u0101s net\u0101lu no Mazari\u0161ar\u012bfas, v\u0113sta ASV \u0122eolo\u0123iskais dienests. Balhas provinc\u0113&hellip;\n","protected":false},"author":2,"featured_media":38392,"comment_status":"","ping_status":"","sticky":false,"template":"","format":"standard","meta":{"footnotes":""},"categories":[5],"tags":[872,23,28,29,3005,32,33,22,30,31,35,39,38,36,37,34,40,20,26,27,24,25,3012,21],"class_list":{"0":"post-38391","1":"post","2":"type-post","3":"status-publish","4":"format-standard","5":"has-post-thumbnail","7":"category-aktualitates","8":"tag-afganistana","9":"tag-aktualitates","10":"tag-breaking-news","11":"tag-breakingnews","12":"tag-dabas-katastrofas","13":"tag-featured-news","14":"tag-featurednews","15":"tag-headlines","16":"tag-latest-news","17":"tag-latestnews","18":"tag-latvia","19":"tag-latvian","20":"tag-latviesu","21":"tag-latviesu-valoda","22":"tag-latviesuvaloda","23":"tag-latvija","24":"tag-lv","25":"tag-news","26":"tag-popularakas-zinas","27":"tag-popularakaszinas","28":"tag-top-stories","29":"tag-topstories","30":"tag-zemestrice","31":"tag-zinas"},"share_on_mastodon":{"url":"https:\/\/pubeurope.com\/@lv\/115484173471474285","error":""},"_links":{"self":[{"href":"https:\/\/www.europesays.com\/lv\/wp-json\/wp\/v2\/posts\/38391","targetHints":{"allow":["GET"]}}],"collection":[{"href":"https:\/\/www.europesays.com\/lv\/wp-json\/wp\/v2\/posts"}],"about":[{"href":"https:\/\/www.europesays.com\/lv\/wp-json\/wp\/v2\/types\/post"}],"author":[{"embeddable":true,"href":"https:\/\/www.europesays.com\/lv\/wp-json\/wp\/v2\/users\/2"}],"replies":[{"embeddable":true,"href":"https:\/\/www.europesays.com\/lv\/wp-json\/wp\/v2\/comments?post=38391"}],"version-history":[{"count":0,"href":"https:\/\/www.europesays.com\/lv\/wp-json\/wp\/v2\/posts\/38391\/revisions"}],"wp:featuredmedia":[{"embeddable":true,"href":"https:\/\/www.europesays.com\/lv\/wp-json\/wp\/v2\/media\/38392"}],"wp:attachment":[{"href":"https:\/\/www.europesays.com\/lv\/wp-json\/wp\/v2\/media?parent=38391"}],"wp:term":[{"taxonomy":"category","embeddable":true,"href":"https:\/\/www.europesays.com\/lv\/wp-json\/wp\/v2\/categories?post=38391"},{"taxonomy":"post_tag","embeddable":true,"href":"https:\/\/www.europesays.com\/lv\/wp-json\/wp\/v2\/tags?post=38391"}],"curies":[{"name":"wp","href":"https:\/\/api.w.org\/{rel}","templated":true}]}}