{"id":38443,"date":"2025-11-03T06:40:12","date_gmt":"2025-11-03T06:40:12","guid":{"rendered":"https:\/\/www.europesays.com\/lv\/38443\/"},"modified":"2025-11-03T06:40:12","modified_gmt":"2025-11-03T06:40:12","slug":"labdaribas-organizacija-es-tev-palidzesu-pazino-par-darbibas-partrauksanu-vairaki-cilveki-kuri-ludza-atbalstu-to-neesot-sanemusi","status":"publish","type":"post","link":"https:\/\/www.europesays.com\/lv\/38443\/","title":{"rendered":"Labdar\u012bbas organiz\u0101cija \u201cEs Tev pal\u012bdz\u0113\u0161u\u201d pazi\u0146o par darb\u012bbas p\u0101rtrauk\u0161anu \u2013 vair\u0101ki cilv\u0113ki, kuri l\u016bdza atbalstu, to neesot sa\u0146\u0113mu\u0161i"},"content":{"rendered":"<p>    <img decoding=\"async\" src=\"https:\/\/www.europesays.com\/lv\/wp-content\/uploads\/2025\/11\/Noformejums-bez-nosaukuma-28-1024x640.jpg\" alt=\"&#10;\"\/><\/p>\n<p>Neviens negaida to br\u012bdi, kad dz\u012bve apgriez\u012bsies k\u0101j\u0101m gais\u0101 un n\u0101ksies l\u016bgt l\u012bdzcilv\u0113ku pal\u012bdz\u012bbu. Bet ko dar\u012bt situ\u0101cij\u0101s, kad \u012bsti nav kam l\u016bgt pal\u012bdz\u012bbu, vai v\u0113l slikt\u0101k, ja esi to l\u016bdzis ofici\u0101lai labdar\u012bbas organiz\u0101cijai, ta\u010du pret\u012b sa\u0146\u0113mies vien tuk\u0161us sol\u012bjumus?<\/p>\n<p>St\u0101sts par dv\u012b\u0146u mammu<\/p>\n<p>        Las\u012bt\u0101kie<br \/>\n        <a data-imagesrc=\"{&quot;300&quot;:&quot;https:\\\/\\\/lastatic.ams3.cdn.digitaloceanspaces.com\\\/2021\\\/11\\\/kakis6-300x199.jpg&quot;,&quot;1024&quot;:&quot;https:\\\/\\\/lastatic.ams3.cdn.digitaloceanspaces.com\\\/2021\\\/11\\\/kakis6-1024x680.jpg&quot;,&quot;768&quot;:&quot;https:\\\/\\\/lastatic.ams3.cdn.digitaloceanspaces.com\\\/2021\\\/11\\\/kakis6-768x510.jpg&quot;,&quot;200&quot;:&quot;https:\\\/\\\/lastatic.ams3.cdn.digitaloceanspaces.com\\\/2021\\\/11\\\/kakis6-200x133.jpg&quot;,&quot;400&quot;:&quot;https:\\\/\\\/lastatic.ams3.cdn.digitaloceanspaces.com\\\/2021\\\/11\\\/kakis6-400x265.jpg&quot;,&quot;500&quot;:&quot;https:\\\/\\\/lastatic.ams3.cdn.digitaloceanspaces.com\\\/2021\\\/11\\\/kakis6-500x332.jpg&quot;,&quot;800&quot;:&quot;https:\\\/\\\/lastatic.ams3.cdn.digitaloceanspaces.com\\\/2021\\\/11\\\/kakis6-800x531.jpg&quot;,&quot;1000&quot;:&quot;https:\\\/\\\/lastatic.ams3.cdn.digitaloceanspaces.com\\\/2021\\\/11\\\/kakis6-1000x664.jpg&quot;,&quot;1252&quot;:&quot;https:\\\/\\\/lastatic.ams3.cdn.digitaloceanspaces.com\\\/2021\\\/11\\\/kakis6.jpg&quot;}\" data-focuspoint=\"&quot;&quot;\" data-p=\"2459691\" href=\"https:\/\/www.la.lv\/berzesanas-gar-kajam-gulesana-virsu-astes-kustinasana-iemacies-saprast-ko-kakis-tev-sadi-saka\" class=\"content-item lazy-load\" wp_automatic_readability=\"28\" rel=\"nofollow noopener\" target=\"_blank\"><\/p>\n<p>                                <img decoding=\"async\" src=\"\" alt=\"\" style=\"\" data-imageid=\"\"\/><\/p>\n<p>                                M\u0101jas<\/p>\n<p>\n                                                Berz\u0113\u0161an\u0101s gar k\u0101j\u0101m, gul\u0113\u0161ana virs\u016b, astes kustin\u0101\u0161ana \u2013 iem\u0101cies saprast, ko ka\u0137is tev \u0161\u0101di \u201csaka\u201d\n                            <\/p>\n<p><\/a><a data-imagesrc=\"{&quot;300&quot;:&quot;https:\\\/\\\/lastatic.ams3.cdn.digitaloceanspaces.com\\\/2019\\\/09\\\/shutterstock_1394650529-300x200.jpg&quot;,&quot;768&quot;:&quot;https:\\\/\\\/lastatic.ams3.cdn.digitaloceanspaces.com\\\/2019\\\/09\\\/shutterstock_1394650529-768x513.jpg&quot;,&quot;200&quot;:&quot;https:\\\/\\\/lastatic.ams3.cdn.digitaloceanspaces.com\\\/2019\\\/09\\\/shutterstock_1394650529-200x134.jpg&quot;,&quot;400&quot;:&quot;https:\\\/\\\/lastatic.ams3.cdn.digitaloceanspaces.com\\\/2019\\\/09\\\/shutterstock_1394650529-400x267.jpg&quot;,&quot;500&quot;:&quot;https:\\\/\\\/lastatic.ams3.cdn.digitaloceanspaces.com\\\/2019\\\/09\\\/shutterstock_1394650529-500x334.jpg&quot;,&quot;800&quot;:&quot;https:\\\/\\\/lastatic.ams3.cdn.digitaloceanspaces.com\\\/2019\\\/09\\\/shutterstock_1394650529.jpg&quot;}\" data-focuspoint=\"&quot;&quot;\" data-p=\"2455909\" href=\"https:\/\/www.la.lv\/7-produkti-kurus-ieklaujot-uztura-katru-dienu-sanemsiet-teju-visas-organismam-nepieciesamas-baribas-vielas\" class=\"content-item lazy-load\" wp_automatic_readability=\"27.5\" rel=\"nofollow noopener\" target=\"_blank\"><\/p>\n<p>                                <img decoding=\"async\" src=\"\" alt=\"\" style=\"\" data-imageid=\"\"\/><\/p>\n<p>                                Veselam<\/p>\n<p>\n                                                7 produkti, kurus iek\u013caujot uztur\u0101 katru dienu, sa\u0146emsiet teju visas organismam nepiecie\u0161am\u0101s bar\u012bbas vielas\n                            <\/p>\n<p><\/a><a data-imagesrc=\"{&quot;300&quot;:&quot;https:\\\/\\\/lastatic.ams3.cdn.digitaloceanspaces.com\\\/2022\\\/11\\\/shutterstock_368979269-300x200.jpg&quot;,&quot;768&quot;:&quot;https:\\\/\\\/lastatic.ams3.cdn.digitaloceanspaces.com\\\/2022\\\/11\\\/shutterstock_368979269-768x513.jpg&quot;,&quot;200&quot;:&quot;https:\\\/\\\/lastatic.ams3.cdn.digitaloceanspaces.com\\\/2022\\\/11\\\/shutterstock_368979269-200x134.jpg&quot;,&quot;400&quot;:&quot;https:\\\/\\\/lastatic.ams3.cdn.digitaloceanspaces.com\\\/2022\\\/11\\\/shutterstock_368979269-400x267.jpg&quot;,&quot;500&quot;:&quot;https:\\\/\\\/lastatic.ams3.cdn.digitaloceanspaces.com\\\/2022\\\/11\\\/shutterstock_368979269-500x334.jpg&quot;,&quot;800&quot;:&quot;https:\\\/\\\/lastatic.ams3.cdn.digitaloceanspaces.com\\\/2022\\\/11\\\/shutterstock_368979269.jpg&quot;}\" data-focuspoint=\"&quot;&quot;\" data-p=\"2459221\" href=\"https:\/\/www.la.lv\/3-zodiaka-zimem-novembris-bus-ists-parmainu-menesis-dzive-sagriezisies-kajam-gaisa\" class=\"content-item lazy-load\" wp_automatic_readability=\"26.5\" rel=\"nofollow noopener\" target=\"_blank\"><\/p>\n<p>                                <img decoding=\"async\" src=\"\" alt=\"\" style=\"\" data-imageid=\"\"\/><\/p>\n<p>                                Kokteilis<\/p>\n<p>\n                                                3 horoskopa z\u012bm\u0113m novembris b\u016bs \u012bsts p\u0101rmai\u0146u m\u0113nesis \u2013 dz\u012bve sagriez\u012bsies k\u0101j\u0101m gais\u0101\n                            <\/p>\n<p><\/a><br \/>\n        <a class=\"read-more\" href=\"https:\/\/www.la.lv\/top\" rel=\"nofollow noopener\" target=\"_blank\">Las\u012bt citas zi\u0146as<\/a><\/p>\n<p>\u0160oruden \u0161\u0101d\u0101 situ\u0101cij\u0101 non\u0101ca k\u0101da sieviete no Jelgavas, kura priek\u0161laikus pasaul\u0113 laida dv\u012b\u0146u meiten\u012btes. Abas mazul\u012btes piedzima \u013coti v\u0101rgas, katra sv\u0113ra tikai nedaudz vair\u0101k par vienu kilogramu un savas pirm\u0101s dz\u012bves dienas pavad\u012bja slimn\u012bcas inkubator\u0101. \u0160aj\u0101 laik\u0101 b\u0113rnu t\u0113vs dev\u0101s uz \u0101rzem\u0113m un p\u0101rtrauca sazi\u0146u ar \u0123imeni. M\u0101mi\u0146a palika viena\u2026<\/p>\n<p>Atgrie\u0161an\u0101s m\u0101j\u0101s ar diviem jaundzimu\u0161ajiem sol\u012bj\u0101s b\u016bt sare\u017e\u0123\u012bta gan emocion\u0101li, gan finansi\u0101li. Tr\u016bka pa\u0161u nepiecie\u0161am\u0101ko lietu \u2013 auti\u0146biks\u012btes, z\u012bdai\u0146u p\u0101rtika, higi\u0113nas preces u.c.<\/p>\n<p>    CITI \u0160OBR\u012aD LASA<\/p>\n<p>Saprotot, ka pati to visu nesp\u0113s sag\u0101d\u0101t, sieviete v\u0113rs\u0101s p\u0113c pal\u012bdz\u012bbas pie labdar\u012bbas organiz\u0101cijas \u201cEs Tev pal\u012bdz\u0113\u0161u\u201d, kuru vada Roberts un Marija R\u0101vi\u0146i. T\u0101 ir biedr\u012bba, kas soci\u0101lajos t\u012bklos sevi pozicion\u0113 k\u0101 atbalsta sniedz\u0113ju gr\u016bt\u012bb\u0101s non\u0101ku\u0161\u0101m \u0123imen\u0113m.<\/p>\n<blockquote><p>Septembra beig\u0101s biedr\u012bbas \u201cFacebook\u201d lap\u0101, kurai ir vair\u0101k nek\u0101 10 t\u016bksto\u0161i sekot\u0101ju, tika public\u0113ts aicin\u0101jums pal\u012bdz\u0113t \u0161ai m\u0101mi\u0146ai un vi\u0146as meiti\u0146\u0101m. Ieraksts guva pla\u0161u sabiedr\u012bbas atsauc\u012bbu. Cilv\u0113ki koment\u0101ros nor\u0101d\u012bja, ka ziedoju\u0161i naudi\u0146u, pied\u0101v\u0101ja dr\u0113bes un citas nepiecie\u0161am\u0101s preces. Ta\u010du, k\u0101 v\u0113l\u0101k atkl\u0101j\u0101s, no sol\u012bt\u0101s pal\u012bdz\u012bbas sieviete nesa\u0146\u0113ma neko.<\/p><\/blockquote>\n<p>Biedr\u012bba v\u0113l\u0101k inform\u0113ja m\u0101mi\u0146u, ka ziedojumos sa\u0146emti 54 eiro un \u0161\u012b summa tik\u0161ot p\u0101rskait\u012bta uz vi\u0146as kontu. Tom\u0113r re\u0101li l\u012bdzek\u013ci sievietes r\u012bc\u012bb\u0101 t\u0101 ar\u012b nenon\u0101ca\u2026<\/p>\n<p>Tas nav viss<\/p>\n<p>Ta\u010du \u0161\u012b nav vien\u012bg\u0101 s\u016bdz\u012bba par konkr\u0113to labdar\u012bbas organiz\u0101ciju. K\u0101da cita sieviete nor\u0101da, ka l\u016bgusi pal\u012bdz\u012bbu ar p\u0101rtikas un higi\u0113nas prec\u0113m. Ar\u012b vi\u0146as v\u0101rds tika izmantots l\u012bdz\u012bg\u0101 \u201cFacebook\u201d ierakst\u0101, l\u016bdzot p\u0113c pal\u012bdz\u012bbas, un cilv\u0113ki koment\u0113ja, ka ir ziedoju\u0161i. Tom\u0113r beig\u0101s sieviete sa\u0146\u0113ma vien nelielu p\u0101rtikas paku, t\u0101du, k\u0101du prasti izsniedz tr\u016bc\u012bgajiem. <\/p>\n<blockquote><p>V\u0113l k\u0101da \u0123imene atceras, ka, l\u016bdzot pal\u012bdz\u0113t, s\u0101kotn\u0113ji ar biedr\u012bbu norit\u0113ja akt\u012bva sazi\u0146a, tika sol\u012bta pal\u012bdz\u012bba, ta\u010du p\u0113c laika organiz\u0101cija vienk\u0101r\u0161i p\u0101rtrauca jebk\u0101du komunik\u0101ciju ar gr\u016bt\u012bb\u0101s non\u0101ku\u0161o \u0123imeni.<\/p><\/blockquote>\n<p>Jau iepriek\u0161 vair\u0101ki cilv\u0113ki, gan soci\u0101lajos t\u012bklos, gan v\u0113r\u0161oties pie LA.LV redakcijas ir izteiku\u0161i ba\u017eas par biedr\u012bbas \u201cEs Tev pal\u012bdz\u0113\u0161u\u201d patiesajiem m\u0113r\u0137iem, nor\u0101dot, ka, iesp\u0113jams, \u0161\u012bs biedr\u012bbas vad\u012bt\u0101js Roberts R\u0101vi\u0146\u0161 darbojas kr\u0101pniecisku m\u0113r\u0137u vad\u012bts, solot pal\u012bdz\u012bbu, kas beig\u0101s konkr\u0113tos cilv\u0113kus nemaz nesasniedz. Papildu ba\u017eas rada ar\u012b fakts, ka da\u017eos \u201cFacebook\u201d ierakstos tiek izmantoti m\u0101ksl\u012bg\u0101 intelekta \u0123ener\u0113ti att\u0113li, nevis re\u0101las fotogr\u0101fijas. <\/p>\n<p><img decoding=\"async\" src=\"https:\/\/www.europesays.com\/lv\/wp-content\/uploads\/2025\/11\/WhatsApp-Image-2025-11-02-at-11.43.36.jpeg\" alt=\"\"\/><br \/>\n<img decoding=\"async\" src=\"https:\/\/www.europesays.com\/lv\/wp-content\/uploads\/2025\/11\/WhatsApp-Image-2025-11-02-at-11.43.34-1.jpeg\" alt=\"\"\/><br \/>\n<img decoding=\"async\" src=\"https:\/\/www.europesays.com\/lv\/wp-content\/uploads\/2025\/11\/WhatsApp-Image-2025-11-02-at-11.43.34-3.jpeg\" alt=\"\"\/><\/p>\n<p>Ar\u012b es centos sazin\u0101ties ar Robertu. S\u0101kotn\u0113ji R\u0101vi\u0146\u0161 uz maniem jaut\u0101jumiem neatbild\u0113ja, ta\u010du \u0161odien, p\u0113c raksta public\u0113\u0161anas, ir sniedzis savu koment\u0101ru, kur\u0101 stingri noraida to, ka biedr\u012bba, iesp\u0113jams, darbojusies kr\u0101pniecisku m\u0113r\u0137u vad\u012bta. <\/p>\n<p>Vi\u0146\u0161 skaidro, ka biedr\u012bba nekad neesot piesavin\u0101jusies nevienu ziedojumu, uzsverot, ka visi l\u012bdzek\u013ci tiek v\u0101kti konkr\u0113tiem cilv\u0113kiem vai konkr\u0113tam m\u0113r\u0137im, un p\u0113c katras labdar\u012bbas akcijas tiek sagatavotas atskaites un dokument\u0101cija, kas to apliecina.<\/p>\n<blockquote><p>\u201cVisi gad\u012bjumi, kuros k\u0101ds ir s\u016bdz\u0113jies vai ap\u0161aub\u012bjis m\u016bsu darb\u012bbu, ir p\u0101rbaud\u012bti un izbeigti, jo nav konstat\u0113ts p\u0101rk\u0101pums, tikai pas\u016bt\u012bjums no \u201czin\u0101miem\u201d person\u0101\u017eiem.\u201d<\/p><\/blockquote>\n<p>P\u0113c R\u0101vi\u0146a teikt\u0101, biedr\u012bba vair\u0101kk\u0101rt sniegusi paskaidrojumus ties\u012bbsarg\u0101jo\u0161aj\u0101m iest\u0101d\u0113m, un nevien\u0101 no gad\u012bjumiem nav konstat\u0113ts ne krimin\u0101ls, ne administrat\u012bvs p\u0101rk\u0101pums: \u201cM\u016bsu darb\u012bba vienm\u0113r ir bijusi balst\u012bta lab\u0101 tic\u012bb\u0101 un paties\u0101 v\u0113l\u0113\u0161an\u0101s pal\u012bdz\u0113t.\u201d<\/p>\n<p>Vi\u0146\u0161 atz\u012bst, ka p\u0113d\u0113j\u0101 laik\u0101 organiz\u0101cijai n\u0101cies saskarties ar kritiku un neizpratni, kas, p\u0113c vi\u0146a dom\u0101m, radu\u0161\u0101s p\u0101rpratumu un nepatiesas inform\u0101cijas d\u0113\u013c. R\u0101vi\u0146\u0161 uzskata, ka biedr\u012bba k\u013cuvusi par vieglu m\u0113r\u0137i publiskai nomelno\u0161anai.<\/p>\n<p>R\u0101vi\u0146\u0161 skaidro, ka m\u0101ksl\u012bgi \u0123ener\u0113tu att\u0113lu izmanto\u0161ana esot apzin\u0101ts l\u0113mums nevis, lai maldin\u0101tu sabiedr\u012bbu, bet gan lai aizsarg\u0101tu cilv\u0113ku cie\u0146u un priv\u0101tumu. Vi\u0146\u0161 nor\u0101da, ka \u0161\u012b esot starptautiski atz\u012bta prakse ar\u012b cit\u0101s labdar\u012bbas organiz\u0101cij\u0101s.<\/p>\n<blockquote><p>\u201cM\u016bsu biedr\u012bbas m\u0113r\u0137is vienm\u0113r ir bijis cilv\u0113kiem pal\u012bdz\u0113t, nevis g\u016bt atpaz\u012bstam\u012bbu vai labumu. M\u0113s esam atv\u0113rti p\u0101rbaud\u0113m, dialogam un faktiem, ta\u010du kategoriski iest\u0101jamies pret nepatiesu inform\u0101ciju un apzin\u0101tu nomelno\u0161anu. M\u0113s turpin\u0101m tic\u0113t labajam un pateicamies visiem, kas m\u016bs saprot un atbalsta.\u201d<\/p><\/blockquote>\n<p>\u0160odien biedr\u012bba soci\u0101lajos medijos izplat\u012bja ar\u012b pazi\u0146ojumu par darb\u012bbas p\u0101rtrauk\u0161anu.<\/p>\n<p>\u201cM\u0113s vairs nepal\u012bdz\u0113sim\u2026\u201d<\/p>\n<p>Ieraksts \u201cFacebook\u201d ir emocion\u0101ls. Public\u0113jam to piln\u0101 apjom\u0101.<\/p>\n<p>\u201cM\u0113s vairs nepal\u012bdz\u0113sim\u2026 M\u0113s ilgi klus\u0113j\u0101m. Ilgi cer\u0113j\u0101m, ka cilv\u0113ki pa\u0161i sp\u0113s at\u0161\u0137irt paties\u012bbu no dezinform\u0101cijas.<\/p>\n<p>Diem\u017e\u0113l ir cilv\u0113ki, kas savu person\u012bgo m\u0113r\u0137u vad\u012bti izplata melus un apmelo m\u016bsu komandu. To m\u0113s pier\u0101d\u012bsim \u2014 ar faktiem un god\u012bgumu, k\u0101 vienm\u0113r.<br \/>Atvainojamies visiem, kuri \u0161obr\u012bd atrodas gr\u016bt\u012bb\u0101s, bet mums ir pien\u0101cis br\u012bdis pateikt \u2013 m\u0113rs ir pilns. No \u0161\u012b br\u012b\u017ea m\u0113s p\u0101rtraucam savas pal\u012bdz\u012bbas funkcijas.<\/p>\n<blockquote><p>M\u0113s nevaram turpin\u0101t darbu, ja tiek ap\u0161aub\u012bta m\u016bsu sirdsapzi\u0146a, un no \u0161\u012b visa cie\u0161 m\u016bsu \u0123imene un visi, kas ir biju\u0161i l\u012bdz\u0101s. Tas ir patie\u0161\u0101m pret\u012bgi un s\u0101p\u012bgi.<\/p><\/blockquote>\n<p>Kop\u0161 m\u016bsu organiz\u0101cijas pirms\u0101kumiem m\u0113s pal\u012bdz\u0113j\u0101m visiem \u2013 neatkar\u012bgi no nacionalit\u0101tes, \u0101das kr\u0101sas vai soci\u0101l\u0101 statusa. M\u0113s bij\u0101m tur ar\u012b tad, kad citi atteic\u0101s pal\u012bdz\u0113t.<\/p>\n<p>Cik daudz \u0123ime\u0146u m\u0113s esam izgl\u0101bu\u0161i, cik dz\u012bv\u012bbu atbalst\u012bju\u0161i\u2026 T\u0101p\u0113c \u0161ie apvainojumi ir \u012bpa\u0161i smagi un netaisn\u012bgi.<\/p>\n<p>Run\u0101jot par p\u0113d\u0113jo labdar\u012bbas akciju \u2013 visi saziedotie l\u012bdzek\u013ci ir nos\u016bt\u012bti, k\u0101 ar\u012b redzams m\u016bsu publiskajos ierakstos.<br \/>Paldies visiem, kas bija ar mums, kas uztic\u0113j\u0101s un pal\u012bdz\u0113ja kop\u0101 ar mums.<\/p>\n<p>Ta\u010du tas, kur\u0161 apzin\u0101ti apmeloja m\u016bsu organiz\u0101ciju, publiski atvainosies \u2013 par to es garant\u0113ju m\u016bsu komandas un organiz\u0101cijas v\u0101rd\u0101.<br \/>Miers ar jums.\u201d<\/p>\n<p>Koment\u0101ri pie \u0161\u012b raksta gan mazina tic\u012bbu biedr\u012bbas paustajam. Turpin\u0101jum\u0101 da\u017eu sekot\u0101ju viedok\u013ci.<\/p>\n<blockquote><p>\u201cJums nav komandas, un visus ne\u0113rtos koment\u0101rus esat dz\u0113su\u0161i, un tos, kas v\u0113las tie\u0161\u0101m pal\u012bdz\u0113t, nevis papildin\u0101t kontu, esat blo\u0137\u0113ju\u0161i. Prieks, ka saprat\u0101t \u2013 \u0161is nav priek\u0161 jums!\u201d<\/p><\/blockquote>\n<p>\u201c\u013boti labi, ka esat izl\u0113mu\u0161i beigt savu past\u0101v\u0113\u0161anu! Par j\u016bsu kr\u0101pnieciskaj\u0101m darb\u012bb\u0101m jau sen cilv\u0113ki s\u016bdzas! Izdom\u0101ti \u017e\u0113labaini st\u0101sti\u0146i un bildes uz\u0123ener\u0113tas ar m\u0101ksl\u012bgo intelektu, nevienas atskaites, nevienas bildes, ka cilv\u0113kiem patie\u0161\u0101m re\u0101li tiek pieg\u0101d\u0101ta pal\u012bdz\u012bba, koment\u0101ri vienm\u0113r visos ziedojumu l\u016bgumu postos ir atsl\u0113gti (!) \u2013 tas ar\u012b jau ir \u013coti nopietns sign\u0101ls, ka j\u016bs baid\u0101ties, ka cilv\u0113ki koment\u0101ros st\u0101st\u012bs patieso situ\u0101ciju. Ielieciet patiesos ciparus, cik jums ir saziedots, skr\u012bn\u0161otu no bankas konta! Tur tik atkl\u0101sies, ka saziedots ir simtk\u0101rt vair\u0101k, nek\u0101 j\u016bs esat te piekabin\u0101ju\u0161i feika lapel\u0113 te koment\u0101ros kl\u0101t. Cilv\u0113ki dal\u012bj\u0101s t\u016bksto\u0161iem ar j\u016bsu postiem, un ziedoja jums nenorm\u0101las summas! Jums pa\u0161iem nav kauns nodarboties ar kr\u0101pniec\u012bbu?\u201d<\/p>\n<p>\u201cNu, ja patiesie pier\u0101d\u012bjumi nav, tad jau lo\u0123iski ka j\u0101p\u0101rtrauc kr\u0101pniecisk\u0101s darb\u012bbas! Lasot t\u0101s j\u016bsu pret\u012bg\u0101s izdom\u0101t\u0101s pasaci\u0146as jau vien skaidrs ka k\u0101rt\u0113jais kr\u0101p\u0161anas m\u0113\u0123in\u0101jums! Fui, Robert, k\u0101 pats st\u0101st\u012bji ko tad vald\u012bba dara ar mums\u2026 Un ko tad pats daries, kauna saj\u016bta nemaz nav. Sp\u0101nij\u0101 villai nepietiek, t\u0101p\u0113c j\u0101kr\u0101pjas?\u201d<\/p>\n<p>Skaidr\u012bbas labad j\u0101saka, ka pie ieraksta ir ar\u012b vair\u0101ki pozit\u012bvi koment\u0101ri, kuros cilv\u0113ki biedr\u012bbai saka paldies par darbu.<\/p>\n<p>Ko dom\u0101 VID?<\/p>\n<p>Lai noskaidrotu to, k\u0101 tiek kontrol\u0113ta labdar\u012bbas organiz\u0101ciju ziedojumu uzraudz\u012bba un vai biedr\u012bbai \u201cEs Tev pal\u012bdz\u0113\u0161u\u201d ir pie\u0161\u0137irts sabiedrisk\u0101 labuma organiz\u0101cijas statuss, l\u016bdzu situ\u0101ciju skaidrot Valsts Ie\u0146\u0113mumu dienestam (VID). <\/p>\n<p>VID nor\u0101da, ka biedr\u012bba \u201cEs Tev pal\u012bdz\u0113\u0161u\u201d nav ietverta VID publiskojamo datu b\u0101z\u0113 k\u0101 sabiedrisk\u0101 labuma organiz\u0101cija.<\/p>\n<p>Inform\u0101cija par organiz\u0101cij\u0101m, kur\u0101m ir sabiedrisk\u0101 labuma organiz\u0101cijas statuss, ir pieejama VID t\u012bmek\u013ca vietn\u0113  \u2013 VID publiskojamo datu b\u0101ze \u2013 <a href=\"https:\/\/www.vid.gov.lv\/lv\/sabiedriska-labuma-organizacijas\" rel=\"noopener nofollow\" target=\"_blank\">https:\/\/www.vid.gov.lv\/lv\/sabiedriska-labuma-organizacijas<\/a> \u2013 ievadot konkr\u0113t\u0101s biedr\u012bbas, nodibin\u0101juma vai reli\u0123isk\u0101s organiz\u0101cijas nosaukumu un re\u0123istr\u0101cijas numuru. T\u0101dej\u0101di ikviens cilv\u0113ks pirms pie\u0146em l\u0113mumu \u2013 veikt vai neveikt ziedojumu, pats var p\u0101rliecin\u0101ties vai organiz\u0101cijai ir pie\u0161\u0137irts SLO statuss.<\/p>\n<p>VID uzrauga nevalstisko organiz\u0101ciju (NVO) darb\u012bbu atbilsto\u0161i to risku nov\u0113rt\u0113jumam. Attiec\u012bb\u0101 uz ziedojumu uzraudz\u012bbu VID ir noteikts uzdevums uzraudz\u012bt visu sabiedrisk\u0101 labuma organiz\u0101ciju (SLO) darb\u012bbu atbilsto\u0161i Sabiedrisko organiz\u0101ciju likum\u0101 noteiktajiem nosac\u012bjumiem par SLO mantas un finan\u0161u l\u012bdzek\u013cu izlietojuma un darb\u012bbas ierobe\u017eojumiem, t.sk. ziedojumu un d\u0101vin\u0101jumu izlietojumu, k\u0101 ar\u012b SLO darb\u012bbas atbilst\u012bbu nodok\u013cu, gr\u0101matved\u012bbas un gada p\u0101rskatu sagatavo\u0161anu reglament\u0113jo\u0161o normat\u012bvo aktu pras\u012bb\u0101m, jo ziedojot SLO, ir iesp\u0113jams izmantot iedz\u012bvot\u0101ju ien\u0101kuma nodok\u013ca un uz\u0146\u0113mumu ien\u0101kuma nodok\u013ca atlaides.<\/p>\n<p>Ta\u010du svar\u012bgi patur\u0113t pr\u0101t\u0101, ka ziedojumus dr\u012bkst sa\u0146emt ne tikai SLO, bet ar\u012b p\u0101r\u0113j\u0101s NVO, kur\u0101m nav noteikti t\u0101di ierobe\u017eojumi ziedojumu izlieto\u0161anai k\u0101 SLO, un kuru ziedot\u0101ji nevar piem\u0113rot nodok\u013cu atlaides, tom\u0113r t\u0101m t\u0101pat ir j\u0101iev\u0113ro nodok\u013cu, biedr\u012bbu un nodibin\u0101jumu darb\u012bbu, gr\u0101matved\u012bbas un gada p\u0101rskatu sagatavo\u0161anu reglament\u0113jo\u0161ie normat\u012bvie akti un to darb\u012bbai j\u0101b\u016bt v\u0113rstai uz stat\u016btos noteikto m\u0113r\u0137u sasnieg\u0161anu. Biedr\u012bbas ien\u0101kumus dr\u012bkst izmantot vien\u012bgi stat\u016btos noteikt\u0101 m\u0113r\u0137a sasnieg\u0161anai.<\/p>\n<p>Uzraugot NVO atbilsto\u0161i to risku nov\u0113rt\u0113jumam, VID k\u0101 nodok\u013cu administr\u0101cija pirmk\u0101rt v\u0113rt\u0113, vai ir iev\u0113roti nodok\u013cu maks\u0101t\u0101ju pien\u0101kumi: ir iesniegtas visas nepiecie\u0161am\u0101s deklar\u0101cijas un p\u0101rskati, vai nav nodok\u013cu par\u0101di, v\u0113rt\u0113 gada p\u0101rskata inform\u0101ciju, tostarp ien\u0101kumu izmanto\u0161anu, k\u0101 ar\u012b publiskaj\u0101 telp\u0101 pieejamo inform\u0101ciju.<\/p>\n<blockquote><p>Iesp\u0113jams ziedot\u0101jiem, kuri izv\u0113las NVO bez SLO statusa noder\u0113s \u0161\u0101ds ieteikums \u2013 Gada p\u0101rskatus publisko Uz\u0146\u0113mumu re\u0123istrs, attiec\u012bgi ikviens interesents var p\u0101rliecin\u0101ties vai organiz\u0101cija savu gada p\u0101rskatu ir iesniegusi vai nav.<\/p><\/blockquote>\n<p>Ja gada p\u0101rskats nav iesniegts ilgsto\u0161i, tad ziedot\u0101jiem ir iemesls apsv\u0113rt savu l\u0113mumu ziedot \u0161\u0101dam NVO vai n\u0113, jo g\u016bt p\u0101rliec\u012bbu par ziedojumu izlietojumu atbilsto\u0161i m\u0113r\u0137iem, b\u016bs apgr\u016btino\u0161i.<\/p>\n<p>    Zi\u0146o!<\/p>\n<p>\n        Ja ar\u012b Tu v\u0113lies padal\u012bties ar savu st\u0101stu\n    <\/p>\n<p>    <a class=\"zino-calltoaction__button\" href=\"https:\/\/zino.la.lv\" rel=\"nofollow noopener\" target=\"_blank\">Zi\u0146o!<\/a><\/p>\n<p>T\u0113mas<\/p>\n<p>    SAIST\u012aTIE RAKSTI<\/p>\n","protected":false},"excerpt":{"rendered":"Neviens negaida to br\u012bdi, kad dz\u012bve apgriez\u012bsies k\u0101j\u0101m gais\u0101 un n\u0101ksies l\u016bgt l\u012bdzcilv\u0113ku pal\u012bdz\u012bbu. Bet ko dar\u012bt situ\u0101cij\u0101s,&hellip;\n","protected":false},"author":2,"featured_media":38444,"comment_status":"","ping_status":"","sticky":false,"template":"","format":"standard","meta":{"footnotes":""},"categories":[12],"tags":[23,28,29,32,33,22,30,31,35,39,38,36,37,34,40,20,26,27,24,25,21],"class_list":{"0":"post-38443","1":"post","2":"type-post","3":"status-publish","4":"format-standard","5":"has-post-thumbnail","7":"category-latvija","8":"tag-aktualitates","9":"tag-breaking-news","10":"tag-breakingnews","11":"tag-featured-news","12":"tag-featurednews","13":"tag-headlines","14":"tag-latest-news","15":"tag-latestnews","16":"tag-latvia","17":"tag-latvian","18":"tag-latviesu","19":"tag-latviesu-valoda","20":"tag-latviesuvaloda","21":"tag-latvija","22":"tag-lv","23":"tag-news","24":"tag-popularakas-zinas","25":"tag-popularakaszinas","26":"tag-top-stories","27":"tag-topstories","28":"tag-zinas"},"share_on_mastodon":{"url":"https:\/\/pubeurope.com\/@lv\/115484401825335477","error":""},"_links":{"self":[{"href":"https:\/\/www.europesays.com\/lv\/wp-json\/wp\/v2\/posts\/38443","targetHints":{"allow":["GET"]}}],"collection":[{"href":"https:\/\/www.europesays.com\/lv\/wp-json\/wp\/v2\/posts"}],"about":[{"href":"https:\/\/www.europesays.com\/lv\/wp-json\/wp\/v2\/types\/post"}],"author":[{"embeddable":true,"href":"https:\/\/www.europesays.com\/lv\/wp-json\/wp\/v2\/users\/2"}],"replies":[{"embeddable":true,"href":"https:\/\/www.europesays.com\/lv\/wp-json\/wp\/v2\/comments?post=38443"}],"version-history":[{"count":0,"href":"https:\/\/www.europesays.com\/lv\/wp-json\/wp\/v2\/posts\/38443\/revisions"}],"wp:featuredmedia":[{"embeddable":true,"href":"https:\/\/www.europesays.com\/lv\/wp-json\/wp\/v2\/media\/38444"}],"wp:attachment":[{"href":"https:\/\/www.europesays.com\/lv\/wp-json\/wp\/v2\/media?parent=38443"}],"wp:term":[{"taxonomy":"category","embeddable":true,"href":"https:\/\/www.europesays.com\/lv\/wp-json\/wp\/v2\/categories?post=38443"},{"taxonomy":"post_tag","embeddable":true,"href":"https:\/\/www.europesays.com\/lv\/wp-json\/wp\/v2\/tags?post=38443"}],"curies":[{"name":"wp","href":"https:\/\/api.w.org\/{rel}","templated":true}]}}