{"id":38456,"date":"2025-11-03T06:53:11","date_gmt":"2025-11-03T06:53:11","guid":{"rendered":"https:\/\/www.europesays.com\/lv\/38456\/"},"modified":"2025-11-03T06:53:11","modified_gmt":"2025-11-03T06:53:11","slug":"aicinam-izteikt-viedokli-par-saistosajiem-noteikumiem-kas-saistiti-ar-pirmsskolas-un-visparizglitojoso-programmu-istenosanas-izmaksu-segsanu-privatajam-izglitibas-iestadem-un-bernu-uzraudzibas","status":"publish","type":"post","link":"https:\/\/www.europesays.com\/lv\/38456\/","title":{"rendered":"Aicin\u0101m izteikt viedokli par saisto\u0161ajiem noteikumiem, kas saist\u012bti ar pirmsskolas un visp\u0101rizgl\u012btojo\u0161o programmu\u00a0 \u012bsteno\u0161anas izmaksu seg\u0161anu priv\u0101taj\u0101m izgl\u012bt\u012bbas iest\u0101d\u0113m un b\u0113rnu uzraudz\u012bbas pakalpojumu\u00a0"},"content":{"rendered":"<p>03.11.2025<\/p>\n<p>Izgl\u012bt\u012bba, izzi\u0146a<\/p>\n<p>Valmieras novada pa\u0161vald\u012bba aicina izteikt viedokli par saisto\u0161o noteikumu \u201cK\u0101rt\u012bba, k\u0101d\u0101 Valmieras novada pa\u0161vald\u012bba sedz pirmsskolas izgl\u012bt\u012bbas programmas \u012bsteno\u0161anas izmaksas priv\u0101tai izgl\u012bt\u012bbas iest\u0101dei\u201d\u00a0projektu un groz\u012bjumiem saisto\u0161ajos noteikumos \u201cPar k\u0101rt\u012bbu, k\u0101d\u0101 Valmieras novada pa\u0161vald\u012bba sedz izmaksas b\u0113rnu uzraudz\u012bbas pakalpojuma sniedz\u0113jam\u201d, k\u0101 ar\u012b par saisto\u0161o noteikumu \u201cK\u0101rt\u012bba, k\u0101d\u0101 Valmieras novada pa\u0161vald\u012bba sedz visp\u0101r\u0113j\u0101s izgl\u012bt\u012bbas programmas \u012bsteno\u0161anas izmaksas priv\u0101t\u0101s visp\u0101rizgl\u012btojo\u0161\u0101s izgl\u012bt\u012bbas iest\u0101d\u0113s\u201d atz\u012b\u0161anu par sp\u0113ku zaud\u0113ju\u0161iem.\u00a0<\/p>\n<p>Ar saisto\u0161o noteikumu projektiem var iepaz\u012bties Valmieras novada pa\u0161vald\u012bbas t\u012bmek\u013cvietnes valmierasnovads.lv sada\u013c\u0101 \u201cSabiedr\u012bba\u201d \u2013 <a href=\"https:\/\/www.valmierasnovads.lv\/sabiedriba\/sabiedribas-lidzdaliba\/publiskas-apspriesanas\/saistoso-noteikumu-publiskas-apspriesanas\/\" rel=\"nofollow noopener\" target=\"_blank\">\u201cSaisto\u0161o noteikumu publisk\u0101s apsprie\u0161anas\u201d<\/a>. Aicin\u0101m iedz\u012bvot\u0101jus paust savu viedokli par saisto\u0161o noteikumu projektiem l\u012bdz 15. novembrim, rakstot uz e-pastu <a href=\"https:\/\/www.valmierasnovads.lv\/aicinam-izteikt-viedokli-par-saistosajiem-noteikumiem-kas-saistiti-ar-pirmsskolas-un-visparizglitojoso-programmu-istenosanas-izmaksu-segsanu-privatajam-izglitibas-iestadem-un-bernu-uzraudzibas\/javascript:;\" data-enc-email=\"than.mivetmqn[at]inyzvrenfabinqf.yi\" class=\"mail-link\" data-wpel-link=\"ignore\" rel=\"nofollow noopener\" target=\"_blank\"><\/a> ar nor\u0101di \u201cViedoklis par saisto\u0161ajiem noteikumiem\u201d.\u00a0<\/p>\n<p>Saisto\u0161o noteikumu \u201cK\u0101rt\u012bba, k\u0101d\u0101 Valmieras novada pa\u0161vald\u012bba sedz pirmsskolas izgl\u012bt\u012bbas programmas \u012bsteno\u0161anas izmaksas priv\u0101tai izgl\u012bt\u012bbas iest\u0101dei\u201d projekts paredz, ka pa\u0161vald\u012bbas l\u012bdzfinans\u0113jums pirmsskolas izgl\u012bt\u012bbas pakalpojuma nodro\u0161in\u0101\u0161anai priv\u0101taj\u0101s izgl\u012bt\u012bbas iest\u0101d\u0113s tiek paredz\u0113ts tikai gad\u012bjumos, kad b\u0113rnam objekt\u012bvi nav iesp\u0113jams nodro\u0161in\u0101t vietu Valmieras novada pa\u0161vald\u012bbas dibin\u0101t\u0101 pirmsskolas izgl\u012bt\u012bbas iest\u0101d\u0113, k\u0101 to nosaka Izgl\u012bt\u012bbas likums, t\u0101d\u0113j\u0101di nodro\u0161inot m\u0113r\u0137tiec\u012bgu pa\u0161vald\u012bbas finan\u0161u l\u012bdzek\u013cu izlietojumu, atbilsto\u0161i Pa\u0161vald\u012bbu likum\u0101 noteiktaj\u0101m funkcij\u0101m.\u00a0<\/p>\n<p>Saisto\u0161o noteikumu \u201cPar k\u0101rt\u012bbu, k\u0101d\u0101 Valmieras novada pa\u0161vald\u012bba sedz izmaksas b\u0113rnu uzraudz\u012bbas pakalpojuma sniedz\u0113jam\u201d groz\u012bjumu m\u0113r\u0137is ir preciz\u0113t k\u0101rt\u012bbu, k\u0101d\u0101 Valmieras novada pa\u0161vald\u012bba sedz izmaksas b\u0113rnu uzraudz\u012bbas pakalpojuma sniedz\u0113jiem, nosakot, ka pa\u0161vald\u012bba \u0161\u012bs izmaksas sedz tikai tad, ja nav iesp\u0113jams nodro\u0161in\u0101t vietu pa\u0161vald\u012bbas dibin\u0101taj\u0101 izgl\u012bt\u012bbas iest\u0101d\u0113. \u0160\u0101ds regul\u0113jums mazin\u0101s situ\u0101cijas, kur\u0101s pa\u0161vald\u012bba sedz b\u0113rnu uzraudz\u012bbas pakalpojumu sniedz\u0113ju izmaksas, lai gan pa\u0161vald\u012bbai ir iesp\u0113ja nodro\u0161in\u0101t pakalpojumu pa\u0161vald\u012bbas dibin\u0101taj\u0101s iest\u0101d\u0113s, t\u0101d\u0113j\u0101di nodro\u0161inot efekt\u012bvu pa\u0161vald\u012bbas resursu izmanto\u0161anu un bud\u017eeta l\u012bdzek\u013cu racion\u0101lu p\u0101rvald\u012bbu.<\/p>\n<p>Apsprie\u0161anai nodots ar\u012b projekts Valmieras novada pa\u0161vald\u012bbas domes 2024. gada 25. apr\u012b\u013ca saisto\u0161ajiem noteikumu Nr.127 \u201cK\u0101rt\u012bba, k\u0101d\u0101 Valmieras novada pa\u0161vald\u012bba sedz visp\u0101r\u0113j\u0101s izgl\u012bt\u012bbas programmas \u012bsteno\u0161anas izmaksas priv\u0101t\u0101s visp\u0101rizgl\u012btojo\u0161\u0101s izgl\u012bt\u012bbas iest\u0101d\u0113s\u201d atz\u012b\u0161anai par sp\u0113ku zaud\u0113ju\u0161iem. Pa\u0161vald\u012bba ir izv\u0113rt\u0113jusi savu r\u012bc\u012bb\u0101 eso\u0161o visp\u0101r\u0113j\u0101s izgl\u012bt\u012bbas iest\u0101\u017eu kapacit\u0101ti un konstat\u0113jusi, ka sp\u0113j nodro\u0161in\u0101t pietiekamu vietu skaitu skol\u0113niem visp\u0101r\u0113j\u0101s izgl\u012bt\u012bbas iest\u0101d\u0113s. \u0160\u0101da pieeja nodro\u0161ina pa\u0161vald\u012bbas resursus savas izgl\u012bt\u012bbas infrastrukt\u016bras uztur\u0113\u0161anai un att\u012bst\u012bbai.<\/p>\n<p>Atbalstu, ko Valmieras novada pa\u0161vald\u012bba ir pie\u0161\u0137\u012brusi izgl\u012bt\u012bbas programmu apg\u016b\u0161anai priv\u0101taj\u0101s izgl\u012bt\u012bbas iest\u0101d\u0113s un b\u0113rnu uzraudz\u012bbas pakalpojumam l\u012bdz \u0161o saisto\u0161o noteikumu sp\u0113k\u0101 st\u0101\u0161an\u0101s dienai, piem\u0113ros l\u012bdz 2026. gada 31. augustam.\u00a0<\/p>\n","protected":false},"excerpt":{"rendered":"03.11.2025 Izgl\u012bt\u012bba, izzi\u0146a Valmieras novada pa\u0161vald\u012bba aicina izteikt viedokli par saisto\u0161o noteikumu \u201cK\u0101rt\u012bba, k\u0101d\u0101 Valmieras novada pa\u0161vald\u012bba sedz&hellip;\n","protected":false},"author":2,"featured_media":38457,"comment_status":"","ping_status":"","sticky":false,"template":"","format":"standard","meta":{"footnotes":""},"categories":[5],"tags":[23,28,29,32,33,22,30,31,35,39,38,36,37,34,40,20,26,27,24,25,21],"class_list":{"0":"post-38456","1":"post","2":"type-post","3":"status-publish","4":"format-standard","5":"has-post-thumbnail","7":"category-aktualitates","8":"tag-aktualitates","9":"tag-breaking-news","10":"tag-breakingnews","11":"tag-featured-news","12":"tag-featurednews","13":"tag-headlines","14":"tag-latest-news","15":"tag-latestnews","16":"tag-latvia","17":"tag-latvian","18":"tag-latviesu","19":"tag-latviesu-valoda","20":"tag-latviesuvaloda","21":"tag-latvija","22":"tag-lv","23":"tag-news","24":"tag-popularakas-zinas","25":"tag-popularakaszinas","26":"tag-top-stories","27":"tag-topstories","28":"tag-zinas"},"share_on_mastodon":{"url":"https:\/\/pubeurope.com\/@lv\/115484452625163143","error":""},"_links":{"self":[{"href":"https:\/\/www.europesays.com\/lv\/wp-json\/wp\/v2\/posts\/38456","targetHints":{"allow":["GET"]}}],"collection":[{"href":"https:\/\/www.europesays.com\/lv\/wp-json\/wp\/v2\/posts"}],"about":[{"href":"https:\/\/www.europesays.com\/lv\/wp-json\/wp\/v2\/types\/post"}],"author":[{"embeddable":true,"href":"https:\/\/www.europesays.com\/lv\/wp-json\/wp\/v2\/users\/2"}],"replies":[{"embeddable":true,"href":"https:\/\/www.europesays.com\/lv\/wp-json\/wp\/v2\/comments?post=38456"}],"version-history":[{"count":0,"href":"https:\/\/www.europesays.com\/lv\/wp-json\/wp\/v2\/posts\/38456\/revisions"}],"wp:featuredmedia":[{"embeddable":true,"href":"https:\/\/www.europesays.com\/lv\/wp-json\/wp\/v2\/media\/38457"}],"wp:attachment":[{"href":"https:\/\/www.europesays.com\/lv\/wp-json\/wp\/v2\/media?parent=38456"}],"wp:term":[{"taxonomy":"category","embeddable":true,"href":"https:\/\/www.europesays.com\/lv\/wp-json\/wp\/v2\/categories?post=38456"},{"taxonomy":"post_tag","embeddable":true,"href":"https:\/\/www.europesays.com\/lv\/wp-json\/wp\/v2\/tags?post=38456"}],"curies":[{"name":"wp","href":"https:\/\/api.w.org\/{rel}","templated":true}]}}