{"id":38458,"date":"2025-11-03T06:57:10","date_gmt":"2025-11-03T06:57:10","guid":{"rendered":"https:\/\/www.europesays.com\/lv\/38458\/"},"modified":"2025-11-03T06:57:10","modified_gmt":"2025-11-03T06:57:10","slug":"asociacijas-vaditajs-skeptisks-par-ideju-latvijai-atteikties-no-tua-pieskirsanas-apmaina-pret-ipasuma-iegadi","status":"publish","type":"post","link":"https:\/\/www.europesays.com\/lv\/38458\/","title":{"rendered":"Asoci\u0101cijas vad\u012bt\u0101js skeptisks par ideju Latvijai atteikties no TUA pie\u0161\u0137ir\u0161anas apmai\u0146\u0101 pret \u012bpa\u0161uma ieg\u0101di"},"content":{"rendered":"<p>&#8220;Diem\u017e\u0113l \u0161obr\u012bd neviens valsts meh\u0101nisms \u0161\u0101du situ\u0101ciju neatrisina. Latvij\u0101 nav centraliz\u0113tas datub\u0101zes vai sist\u0113mas, kas \u013cautu p\u0101rbaud\u012bt, vai personai, kas uzr\u0101da, piem\u0113ram, Kipras vai Izra\u0113las pasi, nav ar\u012b Krievijas vai Baltkrievijas pilson\u012bba. \u0160\u0101d\u0101 situ\u0101cij\u0101 p\u0101rdev\u0113js, starpnieks vai not\u0101rs nav tiesiski nodro\u0161in\u0101ts ar iesp\u0113j\u0101m p\u0101rbaud\u012bt piln\u012bgu inform\u0101ciju par klientu,&#8221; kl\u0101sta \u0160mits.<\/p>\n<p>Rezult\u0101t\u0101 past\u0101v risks, ka dar\u012bjumi tiek veikti, apejot normat\u012bvos ierobe\u017eojumus, bet dar\u012bjuma dal\u012bbnieki to nesp\u0113j objekt\u012bvi konstat\u0113t, atz\u012bst \u0160mits. Tieslietu ministrija sav\u0101 atbild\u0113 LAN\u012aDA atzinusi, ka ofici\u0101ls meh\u0101nisms dubultpilson\u012bbas p\u0101rbaudei nav izstr\u0101d\u0101ts un nav ar\u012b pl\u0101nots. Ar\u012b Pilson\u012bbas un migr\u0101cijas lietu p\u0101rvalde uzsv\u0113rusi, ka \u0161\u0101ds risin\u0101jums neesot lietder\u012bgs, jo ne visi \u0101rvalstnieki ir re\u0123istr\u0113ti Fizisko personu re\u0123istr\u0101.<\/p>\n<p>\u0160mita ieskat\u0101 \u0161\u0101da situ\u0101cija noz\u012bm\u0113, ka praks\u0113 joproj\u0101m ir iesp\u0113jams, apejot likumu, ieg\u0101d\u0101ties \u012bpa\u0161umus Latvij\u0101, izmantojot citas valsts pilson\u012bbu. Asoci\u0101cijas vad\u012bt\u0101js uzsver, ka tas nav pie\u013caujami, \u012bpa\u0161i \u0161aj\u0101 \u0123eopolitiskaj\u0101 situ\u0101cij\u0101, kad Latvija dz\u012bvo kara \u0113n\u0101 un tie\u0161\u0101 kaimi\u0146os agresorvalstij.<\/p>\n<p>LAN\u012aDA aicina valsts instit\u016bcijas sadarboties un izstr\u0101d\u0101t vienotu, dro\u0161u un caurskat\u0101mu meh\u0101nismu dubultpilson\u012bbas p\u0101rbaudei. \u0160mits nor\u0101da, ka \u0161is jaut\u0101jums nav tikai par nekustamo \u012bpa\u0161umu tirgu &#8211; tas ir par nacion\u0101lo dro\u0161\u012bbu un tiesiskumu. Vienlaikus LAN\u012aDA uzsver, ka visiem nekustam\u0101 \u012bpa\u0161uma dar\u012bjumiem j\u0101b\u016bt pak\u013cautiem NILLTPFN pras\u012bb\u0101m, jo tikai \u0161\u0101d\u0101 veid\u0101 iesp\u0113jams nodro\u0161in\u0101t dro\u0161u un kontrol\u0113tu vidi, kur\u0101 investori un tirgus dal\u012bbnieki var r\u012bkoties godpr\u0101t\u012bgi, bet valsts &#8211; b\u016bt dro\u0161a, ka netiek p\u0101rk\u0101pti likumi.<\/p>\n<p>&#8220;Latvijai j\u0101saprot, ka ekonomisk\u0101 atv\u0113rt\u012bba un dro\u0161\u012bba nav pret\u0113j\u0101s nometn\u0113s. M\u0113s varam b\u016bt gan dro\u0161a, gan invest\u012bcij\u0101m pievilc\u012bga valsts. TUA programma, kas darbojas caurskat\u0101mi un atbilsto\u0161i visiem normat\u012bvajiem aktiem, ir viens no \u0161\u0101diem piem\u0113riem,&#8221; uzskata \u0160mits.<\/p>\n<p>Vi\u0146apr\u0101t, ja Latvija TUA programmu likvid\u0113s vai padar\u012bs praktiski neiesp\u0113jamu, tiks nevis uzlabota dro\u0161\u012bba, bet gan kait\u0113ts ekonomikai, nododot investoru uztic\u012bbu cit\u0101m valst\u012bm. \u0160mita ieskat\u0101 Latvija tad zaud\u0113s ne tikai naudu, bet ar\u012b reput\u0101ciju k\u0101 atv\u0113rta, saprotama un prognoz\u0113jama vide.<\/p>\n","protected":false},"excerpt":{"rendered":"&#8220;Diem\u017e\u0113l \u0161obr\u012bd neviens valsts meh\u0101nisms \u0161\u0101du situ\u0101ciju neatrisina. Latvij\u0101 nav centraliz\u0113tas datub\u0101zes vai sist\u0113mas, kas \u013cautu p\u0101rbaud\u012bt, vai&hellip;\n","protected":false},"author":2,"featured_media":38459,"comment_status":"","ping_status":"","sticky":false,"template":"","format":"standard","meta":{"footnotes":""},"categories":[14],"tags":[23,57,28,29,32,33,22,30,31,35,39,38,36,37,34,40,4138,20,26,27,24,25,9537,54,55,56,21,58],"class_list":{"0":"post-38458","1":"post","2":"type-post","3":"status-publish","4":"format-standard","5":"has-post-thumbnail","7":"category-zinas-no-arvalstim","8":"tag-aktualitates","9":"tag-arvalstim","10":"tag-breaking-news","11":"tag-breakingnews","12":"tag-featured-news","13":"tag-featurednews","14":"tag-headlines","15":"tag-latest-news","16":"tag-latestnews","17":"tag-latvia","18":"tag-latvian","19":"tag-latviesu","20":"tag-latviesu-valoda","21":"tag-latviesuvaloda","22":"tag-latvija","23":"tag-lv","24":"tag-nekustamie-ipasumi","25":"tag-news","26":"tag-popularakas-zinas","27":"tag-popularakaszinas","28":"tag-top-stories","29":"tag-topstories","30":"tag-uzturesanas-atlaujas","31":"tag-world","32":"tag-world-news","33":"tag-worldnews","34":"tag-zinas","35":"tag-zinas-no-arvalstim"},"share_on_mastodon":{"url":"https:\/\/pubeurope.com\/@lv\/115484468355032207","error":""},"_links":{"self":[{"href":"https:\/\/www.europesays.com\/lv\/wp-json\/wp\/v2\/posts\/38458","targetHints":{"allow":["GET"]}}],"collection":[{"href":"https:\/\/www.europesays.com\/lv\/wp-json\/wp\/v2\/posts"}],"about":[{"href":"https:\/\/www.europesays.com\/lv\/wp-json\/wp\/v2\/types\/post"}],"author":[{"embeddable":true,"href":"https:\/\/www.europesays.com\/lv\/wp-json\/wp\/v2\/users\/2"}],"replies":[{"embeddable":true,"href":"https:\/\/www.europesays.com\/lv\/wp-json\/wp\/v2\/comments?post=38458"}],"version-history":[{"count":0,"href":"https:\/\/www.europesays.com\/lv\/wp-json\/wp\/v2\/posts\/38458\/revisions"}],"wp:featuredmedia":[{"embeddable":true,"href":"https:\/\/www.europesays.com\/lv\/wp-json\/wp\/v2\/media\/38459"}],"wp:attachment":[{"href":"https:\/\/www.europesays.com\/lv\/wp-json\/wp\/v2\/media?parent=38458"}],"wp:term":[{"taxonomy":"category","embeddable":true,"href":"https:\/\/www.europesays.com\/lv\/wp-json\/wp\/v2\/categories?post=38458"},{"taxonomy":"post_tag","embeddable":true,"href":"https:\/\/www.europesays.com\/lv\/wp-json\/wp\/v2\/tags?post=38458"}],"curies":[{"name":"wp","href":"https:\/\/api.w.org\/{rel}","templated":true}]}}