{"id":38462,"date":"2025-11-03T07:01:08","date_gmt":"2025-11-03T07:01:08","guid":{"rendered":"https:\/\/www.europesays.com\/lv\/38462\/"},"modified":"2025-11-03T07:01:08","modified_gmt":"2025-11-03T07:01:08","slug":"girgensonam-rezultativa-piespele-merzlikins-atvaira-36-metienus","status":"publish","type":"post","link":"https:\/\/www.europesays.com\/lv\/38462\/","title":{"rendered":"Girgensonam rezultat\u012bva piesp\u0113le; Merz\u013cikins atvaira 36 metienus"},"content":{"rendered":"<p>{ &#8220;ns&#8221;: &#8220;yt&#8221;, &#8220;el&#8221;: &#8220;embedded&#8221;, &#8220;cpn&#8221;: &#8220;1LaNC3ViSMM53l1Y&#8221;, &#8220;ver&#8221;: 2, &#8220;cmt&#8221;: &#8220;0&#8221;, &#8220;fs&#8221;: &#8220;0&#8221;, &#8220;rt&#8221;: &#8220;0&#8221;, &#8220;euri&#8221;: &#8220;https:\/\/www.leta.lv\/&#8221;, &#8220;lact&#8221;: 2, &#8220;cl&#8221;: &#8220;825187060&#8221;, &#8220;mos&#8221;: 0, &#8220;state&#8221;: &#8220;40&#8221;, &#8220;volume&#8221;: 100, &#8220;cbr&#8221;: &#8220;Chrome&#8221;, &#8220;cbrver&#8221;: &#8220;141.0.0.0&#8221;, &#8220;c&#8221;: &#8220;WEB_EMBEDDED_PLAYER&#8221;, &#8220;cver&#8221;: &#8220;1.20251028.22.00&#8221;, &#8220;cplayer&#8221;: &#8220;UNIPLAYER&#8221;, &#8220;cos&#8221;: &#8220;Windows&#8221;, &#8220;cosver&#8221;: &#8220;10.0&#8221;, &#8220;cplatform&#8221;: &#8220;DESKTOP&#8221;, &#8220;epm&#8221;: 1, &#8220;hl&#8221;: &#8220;en_US&#8221;, &#8220;cr&#8221;: &#8220;LV&#8221;, &#8220;len&#8221;: &#8220;588&#8221;, &#8220;fexp&#8221;: &#8220;v1,24004644,27005591,53408,34656,106030,18644,104297,13392,9252,3479,13030,6258,16948,15179,2,20224,59188,6109,9720,5385,25059,4174,15045,10672,4729,1258,17194,254,1734,560,1820,7751,957,530,5550,2535,137,6355,3315,1372,2010,2356,64,198,1286,493,5603,817,1850,760,375,671,49,141,144,922,1933,920,1903,1047,354,313,121,41,231,351,6403,5493,3340,5454,419,17,130,608&#8221;, &#8220;size&#8221;: &#8220;620:349:1.5&#8221;, &#8220;inview&#8221;: &#8220;0&#8221;, &#8220;muted&#8221;: &#8220;0&#8221;, &#8220;docid&#8221;: &#8220;5t8P-aHnndY&#8221;, &#8220;vct&#8221;: &#8220;0.000&#8221;, &#8220;vd&#8221;: &#8220;NaN&#8221;, &#8220;vpl&#8221;: &#8220;&#8221;, &#8220;vbu&#8221;: &#8220;&#8221;, &#8220;vbs&#8221;: &#8220;&#8221;, &#8220;vpa&#8221;: &#8220;1&#8221;, &#8220;vsk&#8221;: &#8220;0&#8221;, &#8220;ven&#8221;: &#8220;0&#8221;, &#8220;vpr&#8221;: &#8220;1&#8221;, &#8220;vrs&#8221;: &#8220;0&#8221;, &#8220;vns&#8221;: &#8220;0&#8221;, &#8220;vec&#8221;: &#8220;null&#8221;, &#8220;vemsg&#8221;: &#8220;&#8221;, &#8220;vvol&#8221;: &#8220;1&#8221;, &#8220;vdom&#8221;: &#8220;1&#8221;, &#8220;vsrc&#8221;: &#8220;0&#8221;, &#8220;vw&#8221;: &#8220;620&#8221;, &#8220;vh&#8221;: &#8220;349&#8221;, &#8220;dvf&#8221;: 0, &#8220;tvf&#8221;: 0, &#8220;relative_loudness&#8221;: &#8220;NaN&#8221;, &#8220;user_qual&#8221;: 0, &#8220;release_version&#8221;: &#8220;youtube.player.web_20251028_22_RC00&#8221;, &#8220;debug_videoId&#8221;: &#8220;5t8P-aHnndY&#8221;, &#8220;0sz&#8221;: &#8220;false&#8221;, &#8220;op&#8221;: &#8220;&#8221;, &#8220;yof&#8221;: &#8220;true&#8221;, &#8220;dis&#8221;: &#8220;&#8221;, &#8220;gpu&#8221;: &#8220;ANGLE_(Intel,_Intel(R)_UHD_Graphics_620_(0x00005917)_Direct3D11_vs_5_0_ps_5_0,_D3D11)&#8221;, &#8220;js&#8221;: &#8220;\/s\/player\/c6d7bdc9\/player_ias.vflset\/en_US\/base.js&#8221;, &#8220;debug_playbackQuality&#8221;: &#8220;unknown&#8221;, &#8220;debug_date&#8221;: &#8220;Mon Nov 03 2025 08:46:37 GMT+0200 (Eastern European Standard Time)&#8221;, &#8220;origin&#8221;: &#8220;https:\/\/www.youtube.com&#8221;, &#8220;timestamp&#8221;: 1762152397240 }<\/p>\n<p>&#8220;Blue Jackets&#8221; pamatlaika pirmsp\u0113d\u0113j\u0101 min\u016bt\u0113 bija vad\u012bb\u0101 ar 2:1, bet vispirms ar saviem otrajiem v\u0101rtiem ma\u010d\u0101 Merz\u013cikinu p\u0101rsp\u0113ja Metj\u016b \u0160efers, Kolumbusas hokejistam v\u0101rtu priek\u0161\u0101 mainot ripas lidojuma virzienu. Turpin\u0101jum\u0101, 38 sekundes pirms pamatlaika beig\u0101m, Merz\u013cikins izlaida ripu cauri k\u0101jsargiem un no v\u0101rtu l\u012bnijas to m\u0113r\u0137\u012b ievirz\u012bja S\u012bmons Holmstrems.<\/p>\n<p>V\u0113l sv\u0113tdien uzbruc\u0113ja Rodrigo \u0100bola p\u0101rst\u0101v\u0113t\u0101 Filadelfijas &#8220;Flyers&#8221; m\u0101j\u0101s ar 1:2 (0:0, 0:1, 1:1) zaud\u0113ja Kalgari &#8220;Flames&#8221;.<\/p>\n<p>Abas komandas sav\u0101s konferenc\u0113s ie\u0146em p\u0113d\u0113j\u0101s, 16. vietas. &#8220;Flyers&#8221; ir 13 punkti 12 sp\u0113l\u0113s, bet &#8220;Flames&#8221; guvusi asto\u0146us punktus 14 due\u013cos.<\/p>\n","protected":false},"excerpt":{"rendered":"{ &#8220;ns&#8221;: &#8220;yt&#8221;, &#8220;el&#8221;: &#8220;embedded&#8221;, &#8220;cpn&#8221;: &#8220;1LaNC3ViSMM53l1Y&#8221;, &#8220;ver&#8221;: 2, &#8220;cmt&#8221;: &#8220;0&#8221;, &#8220;fs&#8221;: &#8220;0&#8221;, &#8220;rt&#8221;: &#8220;0&#8221;, &#8220;euri&#8221;: &#8220;https:\/\/www.leta.lv\/&#8221;, &#8220;lact&#8221;:&hellip;\n","protected":false},"author":2,"featured_media":38463,"comment_status":"","ping_status":"","sticky":false,"template":"","format":"standard","meta":{"footnotes":""},"categories":[17],"tags":[1436,841,11223,11225,11224,35,39,38,36,37,34,40,835,837,67,1903,1906],"class_list":{"0":"post-38462","1":"post","2":"type-post","3":"status-publish","4":"format-standard","5":"has-post-thumbnail","7":"category-sports","8":"tag-elvis-merzlikins","9":"tag-filadelfijas-flyers","10":"tag-jutas-mammoth","11":"tag-kalgari-flames","12":"tag-kolumbusa-blue-jackets","13":"tag-latvia","14":"tag-latvian","15":"tag-latviesu","16":"tag-latviesu-valoda","17":"tag-latviesuvaloda","18":"tag-latvija","19":"tag-lv","20":"tag-nhl","21":"tag-rodrigo-abols","22":"tag-sports","23":"tag-tampabejas-lightning","24":"tag-zemgus-girgensons"},"share_on_mastodon":{"url":"https:\/\/pubeurope.com\/@lv\/115484484081125467","error":""},"_links":{"self":[{"href":"https:\/\/www.europesays.com\/lv\/wp-json\/wp\/v2\/posts\/38462","targetHints":{"allow":["GET"]}}],"collection":[{"href":"https:\/\/www.europesays.com\/lv\/wp-json\/wp\/v2\/posts"}],"about":[{"href":"https:\/\/www.europesays.com\/lv\/wp-json\/wp\/v2\/types\/post"}],"author":[{"embeddable":true,"href":"https:\/\/www.europesays.com\/lv\/wp-json\/wp\/v2\/users\/2"}],"replies":[{"embeddable":true,"href":"https:\/\/www.europesays.com\/lv\/wp-json\/wp\/v2\/comments?post=38462"}],"version-history":[{"count":0,"href":"https:\/\/www.europesays.com\/lv\/wp-json\/wp\/v2\/posts\/38462\/revisions"}],"wp:featuredmedia":[{"embeddable":true,"href":"https:\/\/www.europesays.com\/lv\/wp-json\/wp\/v2\/media\/38463"}],"wp:attachment":[{"href":"https:\/\/www.europesays.com\/lv\/wp-json\/wp\/v2\/media?parent=38462"}],"wp:term":[{"taxonomy":"category","embeddable":true,"href":"https:\/\/www.europesays.com\/lv\/wp-json\/wp\/v2\/categories?post=38462"},{"taxonomy":"post_tag","embeddable":true,"href":"https:\/\/www.europesays.com\/lv\/wp-json\/wp\/v2\/tags?post=38462"}],"curies":[{"name":"wp","href":"https:\/\/api.w.org\/{rel}","templated":true}]}}