{"id":38478,"date":"2025-11-03T07:15:08","date_gmt":"2025-11-03T07:15:08","guid":{"rendered":"https:\/\/www.europesays.com\/lv\/38478\/"},"modified":"2025-11-03T07:15:08","modified_gmt":"2025-11-03T07:15:08","slug":"vini-neiet-un-nestasta-par-to-tramps-apgalvo-ka-divas-valstis-slepeni-veikusas-pazemes-kodolizmeginajumus","status":"publish","type":"post","link":"https:\/\/www.europesays.com\/lv\/38478\/","title":{"rendered":"\u201cVi\u0146i neiet un nest\u0101sta par to\u2026\u201d Tramps apgalvo, ka divas valstis slepeni veiku\u0161as pazemes kodolizm\u0113\u0123in\u0101jumus"},"content":{"rendered":"<p>    <img decoding=\"async\" src=\"https:\/\/www.europesays.com\/lv\/wp-content\/uploads\/2025\/11\/7pi-csw4oa0-1-800x566.jpg\" alt=\"&#10;\"\/><\/p>\n<p>Foto: AP\/SCANPIX\n<\/p>\n<p>Krievija un \u0136\u012bna ir veiku\u0161as pazemes kodolizm\u0113\u0123in\u0101jumus, par kuriem publiski nav zin\u0101ms, un ASV ar\u012b var\u0113tu t\u0101 r\u012bkoties, sv\u0113tdien pazi\u0146oja ASV prezidents Donalds Tramps.<\/p>\n<p>        Las\u012bt\u0101kie<br \/>\n        <a data-imagesrc=\"{&quot;300&quot;:&quot;https:\\\/\\\/lastatic.ams3.cdn.digitaloceanspaces.com\\\/2021\\\/11\\\/kakis6-300x199.jpg&quot;,&quot;1024&quot;:&quot;https:\\\/\\\/lastatic.ams3.cdn.digitaloceanspaces.com\\\/2021\\\/11\\\/kakis6-1024x680.jpg&quot;,&quot;768&quot;:&quot;https:\\\/\\\/lastatic.ams3.cdn.digitaloceanspaces.com\\\/2021\\\/11\\\/kakis6-768x510.jpg&quot;,&quot;200&quot;:&quot;https:\\\/\\\/lastatic.ams3.cdn.digitaloceanspaces.com\\\/2021\\\/11\\\/kakis6-200x133.jpg&quot;,&quot;400&quot;:&quot;https:\\\/\\\/lastatic.ams3.cdn.digitaloceanspaces.com\\\/2021\\\/11\\\/kakis6-400x265.jpg&quot;,&quot;500&quot;:&quot;https:\\\/\\\/lastatic.ams3.cdn.digitaloceanspaces.com\\\/2021\\\/11\\\/kakis6-500x332.jpg&quot;,&quot;800&quot;:&quot;https:\\\/\\\/lastatic.ams3.cdn.digitaloceanspaces.com\\\/2021\\\/11\\\/kakis6-800x531.jpg&quot;,&quot;1000&quot;:&quot;https:\\\/\\\/lastatic.ams3.cdn.digitaloceanspaces.com\\\/2021\\\/11\\\/kakis6-1000x664.jpg&quot;,&quot;1252&quot;:&quot;https:\\\/\\\/lastatic.ams3.cdn.digitaloceanspaces.com\\\/2021\\\/11\\\/kakis6.jpg&quot;}\" data-focuspoint=\"&quot;&quot;\" data-p=\"2459691\" href=\"https:\/\/www.la.lv\/berzesanas-gar-kajam-gulesana-virsu-astes-kustinasana-iemacies-saprast-ko-kakis-tev-sadi-saka\" class=\"content-item lazy-load\" wp_automatic_readability=\"28\" rel=\"nofollow noopener\" target=\"_blank\"><\/p>\n<p>                                <img decoding=\"async\" src=\"\" alt=\"\" style=\"\" data-imageid=\"\"\/><\/p>\n<p>                                M\u0101jas<\/p>\n<p>\n                                                Berz\u0113\u0161an\u0101s gar k\u0101j\u0101m, gul\u0113\u0161ana virs\u016b, astes kustin\u0101\u0161ana \u2013 iem\u0101cies saprast, ko ka\u0137is tev \u0161\u0101di \u201csaka\u201d\n                            <\/p>\n<p><\/a><a data-imagesrc=\"{&quot;300&quot;:&quot;https:\\\/\\\/lastatic.ams3.cdn.digitaloceanspaces.com\\\/2019\\\/09\\\/shutterstock_1394650529-300x200.jpg&quot;,&quot;768&quot;:&quot;https:\\\/\\\/lastatic.ams3.cdn.digitaloceanspaces.com\\\/2019\\\/09\\\/shutterstock_1394650529-768x513.jpg&quot;,&quot;200&quot;:&quot;https:\\\/\\\/lastatic.ams3.cdn.digitaloceanspaces.com\\\/2019\\\/09\\\/shutterstock_1394650529-200x134.jpg&quot;,&quot;400&quot;:&quot;https:\\\/\\\/lastatic.ams3.cdn.digitaloceanspaces.com\\\/2019\\\/09\\\/shutterstock_1394650529-400x267.jpg&quot;,&quot;500&quot;:&quot;https:\\\/\\\/lastatic.ams3.cdn.digitaloceanspaces.com\\\/2019\\\/09\\\/shutterstock_1394650529-500x334.jpg&quot;,&quot;800&quot;:&quot;https:\\\/\\\/lastatic.ams3.cdn.digitaloceanspaces.com\\\/2019\\\/09\\\/shutterstock_1394650529.jpg&quot;}\" data-focuspoint=\"&quot;&quot;\" data-p=\"2455909\" href=\"https:\/\/www.la.lv\/7-produkti-kurus-ieklaujot-uztura-katru-dienu-sanemsiet-teju-visas-organismam-nepieciesamas-baribas-vielas\" class=\"content-item lazy-load\" wp_automatic_readability=\"27.5\" rel=\"nofollow noopener\" target=\"_blank\"><\/p>\n<p>                                <img decoding=\"async\" src=\"\" alt=\"\" style=\"\" data-imageid=\"\"\/><\/p>\n<p>                                Veselam<\/p>\n<p>\n                                                7 produkti, kurus iek\u013caujot uztur\u0101 katru dienu, sa\u0146emsiet teju visas organismam nepiecie\u0161am\u0101s bar\u012bbas vielas\n                            <\/p>\n<p><\/a><a data-imagesrc=\"{&quot;300&quot;:&quot;https:\\\/\\\/lastatic.ams3.cdn.digitaloceanspaces.com\\\/2025\\\/11\\\/LET_24849343-300x196.jpg&quot;,&quot;1024&quot;:&quot;https:\\\/\\\/lastatic.ams3.cdn.digitaloceanspaces.com\\\/2025\\\/11\\\/LET_24849343-1024x670.jpg&quot;,&quot;1536&quot;:&quot;https:\\\/\\\/lastatic.ams3.cdn.digitaloceanspaces.com\\\/2025\\\/11\\\/LET_24849343-1536x1006.jpg&quot;,&quot;500&quot;:&quot;https:\\\/\\\/lastatic.ams3.cdn.digitaloceanspaces.com\\\/2025\\\/11\\\/LET_24849343-500x327.jpg&quot;,&quot;800&quot;:&quot;https:\\\/\\\/lastatic.ams3.cdn.digitaloceanspaces.com\\\/2025\\\/11\\\/LET_24849343-800x524.jpg&quot;,&quot;2560&quot;:&quot;https:\\\/\\\/lastatic.ams3.cdn.digitaloceanspaces.com\\\/2025\\\/11\\\/LET_24849343-scaled.jpg&quot;}\" data-focuspoint=\"&quot;&quot;\" data-p=\"2459703\" href=\"https:\/\/www.la.lv\/atrasts-vainigais-kurs-tiek-apsudzets-nelegala-elektribas-piesleguma-ierikosana-andreja-elksnina-ipasuma\" class=\"content-item lazy-load\" wp_automatic_readability=\"27\" rel=\"nofollow noopener\" target=\"_blank\"><\/p>\n<p>                                <img decoding=\"async\" src=\"\" alt=\"\" style=\"\" data-imageid=\"\"\/><\/p>\n<p>\n                                                Atrasts vain\u012bgais, kur\u0161 tiek aps\u016bdz\u0113ts neleg\u0101l\u0101 elektr\u012bbas piesl\u0113guma ier\u012bko\u0161an\u0101 Andreja Elksni\u0146a \u012bpa\u0161um\u0101\n                            <\/p>\n<p><\/a><br \/>\n        <a class=\"read-more\" href=\"https:\/\/www.la.lv\/top\" rel=\"nofollow noopener\" target=\"_blank\">Las\u012bt citas zi\u0146as<\/a><\/p>\n<p>\u201cKrievija izm\u0113\u0123ina, un \u0136\u012bna izm\u0113\u0123ina, bet vi\u0146i par to nerun\u0101,\u201d Tramps apgalvoja sv\u0113tdien p\u0101rraid\u012btaj\u0101 intervij\u0101 raidsabiedr\u012bbas CBS programmai \u201c60 Minutes\u201d.<\/p>\n<p>\u201cEs nev\u0113los, ka esam vien\u012bg\u0101 valsts, kas neizm\u0113\u0123ina\u201d kodoliero\u010dus, piebilda Balt\u0101 nama saimnieks, nor\u0101dot, ka Zieme\u013ckoreja un Pakist\u0101na ir starp valst\u012bm, kas ar\u012b var\u0113tu izm\u0113\u0123in\u0101t savu kodolarsen\u0101lu.<\/p>\n<p>    CITI \u0160OBR\u012aD LASA<\/p>\n<p>Apjukumu izrais\u012bjis Trampa ceturtdienas pazi\u0146ojums, ka vi\u0146\u0161 pav\u0113l\u0113jis Pentagonam s\u0101kt kodoliero\u010du izm\u0113\u0123in\u0101jumus vien\u0101 l\u012bmen\u012b ar \u0136\u012bnu un Krieviju.<\/p>\n<p>Tas notika da\u017eas min\u016btes pirms tam, kad Dienvidkorej\u0101 s\u0101k\u0101s Trampa un \u0136\u012bnas prezidenta Sji Dzji\u0146pina samits. Savuk\u0101rt Krievijas diktators Vladimirs Putins tre\u0161dien bija pazi\u0146ojis, ka Maskava, neraugoties uz Va\u0161ingtonas br\u012bdin\u0101jumiem, ir veiksm\u012bgi izm\u0113\u0123in\u0101jusi ar atomreaktoru darbin\u0101mu torp\u0113du, kas sp\u0113j\u012bga nest kodolgalvi\u0146u.<\/p>\n<p>Nav skaidrs, vai Trampa izteikumi noz\u012bm\u0113, ka ASV gatavotos veikt pirmo kodolspr\u0101dzienu kop\u0161 1992. gada.<\/p>\n<p>\u201cEs saku, ka m\u0113s izm\u0113\u0123in\u0101sim kodoliero\u010dus t\u0101, k\u0101 to dara citas valstis, j\u0101,\u201d prezidents atbild\u0113ja uz CBS jaut\u0101jumu, vai tiek pl\u0101nota ASV pirm\u0101 kodoliero\u010da deton\u0113\u0161ana p\u0113d\u0113jo 30 gadu laik\u0101.<\/p>\n<p>Gadu desmitiem Zieme\u013ckoreja ir bijusi vien\u012bg\u0101 valsts, par kuras kodolizm\u0113\u0123in\u0101jumiem ir zin\u0101ms publiski.<\/p>\n<p>Krievija un \u0136\u012bna ofici\u0101li kodolizm\u0113\u0123in\u0101jumus nav veiku\u0161as attiec\u012bgi kop\u0161 1990. un 1996. gada.<\/p>\n<p>\u201cVi\u0146i neiet un nest\u0101sta par to,\u201d citu valstu kodolizm\u0113\u0123in\u0101jumus koment\u0113ja Tramps.<\/p>\n<p>\u201cVi\u0146i [kodoliero\u010dus] izm\u0113\u0123ina dzi\u013ci pazem\u0113, kur cilv\u0113ki nezina, kas tie\u0161i tiek izm\u0113\u0123in\u0101ts. Ir j\u016btama neliela vibr\u0101cija,\u201d paskaidroja prezidents.<\/p>\n<p>Vienlaikus ASV ener\u0123\u0113tikas ministrs Kriss Raits sv\u0113tdien intervij\u0101 telev\u012bzijas kan\u0101lam \u201cFox News\u201d izteic\u0101s, ka, vi\u0146apr\u0101t, pa\u0161laik runa ir par sist\u0113mas izm\u0113\u0123in\u0101jumiem, kas nav kodoleksplozijas.<\/p>\n<p>ASV kop\u0161 1996. gada ir parakst\u012bju\u0161as Visaptvero\u0161o kodolizm\u0113\u0123in\u0101jumu aizlieguma l\u012bgumu, kas aizliedz visus atomizm\u0113\u0123in\u0101jumu spr\u0101dzienus gan milit\u0101riem, gan civiliem m\u0113r\u0137iem.<\/p>\n<p>T\u0113mas<\/p>\n<p>    SAIST\u012aTIE RAKSTI<\/p>\n","protected":false},"excerpt":{"rendered":"Foto: AP\/SCANPIX Krievija un \u0136\u012bna ir veiku\u0161as pazemes kodolizm\u0113\u0123in\u0101jumus, par kuriem publiski nav zin\u0101ms, un ASV ar\u012b var\u0113tu&hellip;\n","protected":false},"author":2,"featured_media":38479,"comment_status":"","ping_status":"","sticky":false,"template":"","format":"standard","meta":{"footnotes":""},"categories":[14],"tags":[23,57,28,29,32,33,22,30,31,35,39,38,36,37,34,40,20,26,27,24,25,54,55,56,21,58],"class_list":{"0":"post-38478","1":"post","2":"type-post","3":"status-publish","4":"format-standard","5":"has-post-thumbnail","7":"category-zinas-no-arvalstim","8":"tag-aktualitates","9":"tag-arvalstim","10":"tag-breaking-news","11":"tag-breakingnews","12":"tag-featured-news","13":"tag-featurednews","14":"tag-headlines","15":"tag-latest-news","16":"tag-latestnews","17":"tag-latvia","18":"tag-latvian","19":"tag-latviesu","20":"tag-latviesu-valoda","21":"tag-latviesuvaloda","22":"tag-latvija","23":"tag-lv","24":"tag-news","25":"tag-popularakas-zinas","26":"tag-popularakaszinas","27":"tag-top-stories","28":"tag-topstories","29":"tag-world","30":"tag-world-news","31":"tag-worldnews","32":"tag-zinas","33":"tag-zinas-no-arvalstim"},"share_on_mastodon":{"url":"https:\/\/pubeurope.com\/@lv\/115484539151650518","error":""},"_links":{"self":[{"href":"https:\/\/www.europesays.com\/lv\/wp-json\/wp\/v2\/posts\/38478","targetHints":{"allow":["GET"]}}],"collection":[{"href":"https:\/\/www.europesays.com\/lv\/wp-json\/wp\/v2\/posts"}],"about":[{"href":"https:\/\/www.europesays.com\/lv\/wp-json\/wp\/v2\/types\/post"}],"author":[{"embeddable":true,"href":"https:\/\/www.europesays.com\/lv\/wp-json\/wp\/v2\/users\/2"}],"replies":[{"embeddable":true,"href":"https:\/\/www.europesays.com\/lv\/wp-json\/wp\/v2\/comments?post=38478"}],"version-history":[{"count":0,"href":"https:\/\/www.europesays.com\/lv\/wp-json\/wp\/v2\/posts\/38478\/revisions"}],"wp:featuredmedia":[{"embeddable":true,"href":"https:\/\/www.europesays.com\/lv\/wp-json\/wp\/v2\/media\/38479"}],"wp:attachment":[{"href":"https:\/\/www.europesays.com\/lv\/wp-json\/wp\/v2\/media?parent=38478"}],"wp:term":[{"taxonomy":"category","embeddable":true,"href":"https:\/\/www.europesays.com\/lv\/wp-json\/wp\/v2\/categories?post=38478"},{"taxonomy":"post_tag","embeddable":true,"href":"https:\/\/www.europesays.com\/lv\/wp-json\/wp\/v2\/tags?post=38478"}],"curies":[{"name":"wp","href":"https:\/\/api.w.org\/{rel}","templated":true}]}}