{"id":38480,"date":"2025-11-03T07:17:11","date_gmt":"2025-11-03T07:17:11","guid":{"rendered":"https:\/\/www.europesays.com\/lv\/38480\/"},"modified":"2025-11-03T07:17:11","modified_gmt":"2025-11-03T07:17:11","slug":"ogres-novada-atklatas-nelikumigas-medibas-nosauts-aizsargajams-brunais-lacis-lente-lv","status":"publish","type":"post","link":"https:\/\/www.europesays.com\/lv\/38480\/","title":{"rendered":"Ogres novad\u0101 atkl\u0101tas nelikum\u012bgas med\u012bbas: no\u0161auts aizsarg\u0101jams br\u016bnais l\u0101cis\u00a0\u2014\u00a0Lente.lv"},"content":{"rendered":"<p>Neleg\u0101las med\u012bbas Ogres novad\u0101: no\u0161auts aizsarg\u0101jams l\u0101cis<\/p>\n<p>Ogres novad\u0101 atkl\u0101tas \u0161ok\u0113jo\u0161as nelikum\u012bgas med\u012bbas, kuru rezult\u0101t\u0101 tika non\u0101v\u0113ts br\u016bnais l\u0101cis. Valsts me\u017ea dienesta (VMD) med\u012bbu inspektori \u0161o b\u0113d\u012bgo atkl\u0101smi veica 31. oktobr\u012b, pl\u0101nveida p\u0101rbaudes laik\u0101. \u0160is notikums ne tikai satricin\u0101jis med\u012bbu sabiedr\u012bbu, bet ar\u012b aktualiz\u0113jis jaut\u0101jumu par aizsarg\u0101jamo sugu neaizskaram\u012bbu un nepiecie\u0161am\u012bbu stingr\u0101k uzraudz\u012bt med\u012bbu likumu iev\u0113ro\u0161anu.<\/p>\n<p>Neleg\u0101lo med\u012bbu apst\u0101k\u013ci un VMD reakcija<\/p>\n<p>VMD inspektori, veicot savu darbu un p\u0101rbaudot med\u012bbu norisi Ogres novada teritorij\u0101, sask\u0101r\u0101s ar satrauco\u0161u ainu \u2013 neleg\u0101li no\u0161autu br\u016bno l\u0101ci. \u0160is ir viens no retajiem gad\u012bjumiem, kad Latvij\u0101 tiek konstat\u0113ta aizsarg\u0101jama un aizsarg\u0101ta suga, kas iek\u013cauta Sarkanaj\u0101 gr\u0101mat\u0101, k\u013cuvusi par nelikum\u012bgu med\u012bbu upuri. Detaliz\u0113t\u0101ka inform\u0101cija par notiku\u0161\u0101 apst\u0101k\u013ciem, tostarp par to, vai l\u0101cis tika no\u0161auts t\u012b\u0161\u0101m, vai ar\u012b tas bija negad\u012bjums, un vai mednieki cent\u0101s sl\u0113pt savu p\u0101rk\u0101pumu, pa\u0161laik v\u0113l tiek skaidrota izmekl\u0113\u0161anas laik\u0101. VMD ir uzsv\u0113ris, ka par \u0161\u0101du likump\u0101rk\u0101pumu paredz\u0113ts bargi sodi, kas var ietvert gan naudas sodus, gan pat br\u012bv\u012bbas at\u0146em\u0161anu.<\/p>\n<p>Br\u016bnais l\u0101cis \u2013 Latvijas savva\u013cas simbols un t\u0101 aizsardz\u012bbas noz\u012bme<\/p>\n<p>Br\u016bnais l\u0101cis (Ursus arctos) ir liel\u0101kais Latvijas sauszemes pl\u0113s\u0113js un viens no m\u016bsu savva\u013cas dabas simboliem. \u0160\u012bs majest\u0101tisk\u0101s rad\u012bbas ir iek\u013cautas Latvijas Sarkanaj\u0101 gr\u0101mat\u0101 k\u0101 aizsarg\u0101jama suga, kas noz\u012bm\u0113, ka to med\u012bbas ir stingri aizliegtas. L\u0101\u010du popul\u0101cijas saglab\u0101\u0161ana ir b\u016btiska ekosist\u0113mas l\u012bdzsvaram, jo tie veic svar\u012bgu lomu bar\u012bbas \u0137\u0113d\u0113s un teritoriju uztur\u0113\u0161an\u0101. Diem\u017e\u0113l, k\u0101 r\u0101da \u0161is gad\u012bjums, m\u016bsu savva\u013cas dz\u012bvnieku pasaulei joproj\u0101m draud briesmas no cilv\u0113ku neapdom\u012bgas vai t\u012b\u0161as r\u012bc\u012bbas. Ir svar\u012bgi saprast, ka katra \u0161\u0101da nelikum\u012bga med\u012bbu akta rezult\u0101t\u0101 mazin\u0101s jau t\u0101 neliel\u0101 un trausl\u0101 savva\u013cas dz\u012bvnieku popul\u0101cija.<\/p>\n<p>Sabiedr\u012bbas reakcija un aicin\u0101jums r\u016bp\u012bg\u0101kai uzraudz\u012bbai<\/p>\n<p>Zi\u0146as par nelikum\u012bgi no\u0161auto l\u0101ci ir izrais\u012bju\u0161as pla\u0161u sabiedr\u012bbas rezonansi un neizpratni. Soci\u0101lajos t\u012bklos un diskusiju forumos cilv\u0113ki pau\u017e sa\u0161utumu un nepie\u0146em\u0161anu pret \u0161\u0101diem p\u0101rk\u0101pumiem. Daudzi aicina VMD un citus atbild\u012bgos dienestus pastiprin\u0101t uzraudz\u012bbu un veikt stingr\u0101kus pas\u0101kumus, lai nov\u0113rstu l\u012bdz\u012bgus gad\u012bjumus n\u0101kotn\u0113. Ir svar\u012bgi, lai ikviens sabiedr\u012bbas loceklis apzin\u0101tos savu atbild\u012bbu par dabas saglab\u0101\u0161anu un zi\u0146otu par jebk\u0101diem aizdom\u012bgiem gad\u012bjumiem vai likump\u0101rk\u0101pumiem savva\u013cas dz\u012bvnieku nodar\u012bjumos. Aicin\u0101m visus iedz\u012bvot\u0101jus b\u016bt modriem un, ja nov\u0113rojat ko aizdom\u012bgu, nekav\u0113joties zi\u0146ot VMD vai policijai.<\/p>\n<p>Izmekl\u0113\u0161ana un iesp\u0113jam\u0101s sekas<\/p>\n<p>\u0160obr\u012bd Valsts me\u017ea dienests turpina akt\u012bvu izmekl\u0113\u0161anu, lai noskaidrotu visus nelikum\u012bgo med\u012bbu apst\u0101k\u013cus un identific\u0113tu vain\u012bg\u0101s personas. Atbilsto\u0161i Latvijas likumdo\u0161anai, aizsarg\u0101jamu sugu nelikum\u012bgas med\u012bbas ir smags noziegums, par ko paredz\u0113ta krimin\u0101latbild\u012bba. Saska\u0146\u0101 ar Latvijas Administrat\u012bvo p\u0101rk\u0101pumu kodeksa 94. pantu, par med\u012bbu noteikumu p\u0101rk\u0101p\u0161anu, ja tas izdar\u012bts ar smag\u0101m sek\u0101m, piem\u0113ro naudas sodu fiziskaj\u0101m person\u0101m l\u012bdz pat \u010detrsimt naudas vien\u012bb\u0101m (pa\u0161laik 2000 EUR), konfisc\u0113jot med\u012bbu r\u012bkus un at\u0146emot med\u012bbu ties\u012bbas uz laiku l\u012bdz pieciem gadiem. Savuk\u0101rt Krimin\u0101llikums paredz barg\u0101kus sodus par aizsarg\u0101jamo sugu nelikum\u012bgu izmanto\u0161anu, kas var ietvert br\u012bv\u012bbas at\u0146em\u0161anu uz laiku l\u012bdz vienam gadam vai pat ilg\u0101k, atkar\u012bb\u0101 no p\u0101rk\u0101puma smaguma un sek\u0101m. VMD uzsver, ka tiks izmantoti visi likum\u0101 paredz\u0113tie l\u012bdzek\u013ci, lai pan\u0101ktu taisn\u012bgumu un nepie\u013cautu turpm\u0101kus \u0161\u0101dus p\u0101rk\u0101pumus.<\/p>\n<p>Ko dar\u012bt, ja saskaraties ar nelikum\u012bg\u0101m med\u012bb\u0101m?<\/p>\n<p>Ja Jums ir inform\u0101cija par nelikum\u012bg\u0101m med\u012bb\u0101m vai aizdomas par dabas aizsardz\u012bbas likumu p\u0101rk\u0101pumiem, l\u016bdzam nekav\u0113joties zi\u0146ot Valsts me\u017ea dienestam pa t\u0101lruni 67212760 vai Valsts policijai pa t\u0101lruni 110. J\u016bsu sniegt\u0101 inform\u0101cija var pal\u012bdz\u0113t nosarg\u0101t m\u016bsu unik\u0101lo dabu un t\u0101s iem\u012btniekus. Atcerieties, ka zi\u0146ot\u0101ji var saglab\u0101t anonimit\u0101ti, ja vi\u0146i to v\u0113las. R\u012bkojieties atbild\u012bgi \u2013 m\u016bsu kop\u012bg\u0101 n\u0101kotne ir atkar\u012bga no m\u016bsu \u0161odienas r\u012bc\u012bbas.<\/p>\n","protected":false},"excerpt":{"rendered":"Neleg\u0101las med\u012bbas Ogres novad\u0101: no\u0161auts aizsarg\u0101jams l\u0101cis Ogres novad\u0101 atkl\u0101tas \u0161ok\u0113jo\u0161as nelikum\u012bgas med\u012bbas, kuru rezult\u0101t\u0101 tika non\u0101v\u0113ts br\u016bnais&hellip;\n","protected":false},"author":2,"featured_media":38481,"comment_status":"","ping_status":"","sticky":false,"template":"","format":"standard","meta":{"footnotes":""},"categories":[5],"tags":[11230,23,28,29,11227,32,33,22,30,31,35,39,38,36,37,34,40,11226,20,11228,26,27,24,25,11229,21],"class_list":{"0":"post-38480","1":"post","2":"type-post","3":"status-publish","4":"format-standard","5":"has-post-thumbnail","7":"category-aktualitates","8":"tag-aizsargajamas-sugas","9":"tag-aktualitates","10":"tag-breaking-news","11":"tag-breakingnews","12":"tag-brunais-lacis","13":"tag-featured-news","14":"tag-featurednews","15":"tag-headlines","16":"tag-latest-news","17":"tag-latestnews","18":"tag-latvia","19":"tag-latvian","20":"tag-latviesu","21":"tag-latviesu-valoda","22":"tag-latviesuvaloda","23":"tag-latvija","24":"tag-lv","25":"tag-nelikumigas-medibas","26":"tag-news","27":"tag-ogres-novads","28":"tag-popularakas-zinas","29":"tag-popularakaszinas","30":"tag-top-stories","31":"tag-topstories","32":"tag-valsts-meza-dienests","33":"tag-zinas"},"share_on_mastodon":{"url":"https:\/\/pubeurope.com\/@lv\/115484547007654484","error":""},"_links":{"self":[{"href":"https:\/\/www.europesays.com\/lv\/wp-json\/wp\/v2\/posts\/38480","targetHints":{"allow":["GET"]}}],"collection":[{"href":"https:\/\/www.europesays.com\/lv\/wp-json\/wp\/v2\/posts"}],"about":[{"href":"https:\/\/www.europesays.com\/lv\/wp-json\/wp\/v2\/types\/post"}],"author":[{"embeddable":true,"href":"https:\/\/www.europesays.com\/lv\/wp-json\/wp\/v2\/users\/2"}],"replies":[{"embeddable":true,"href":"https:\/\/www.europesays.com\/lv\/wp-json\/wp\/v2\/comments?post=38480"}],"version-history":[{"count":0,"href":"https:\/\/www.europesays.com\/lv\/wp-json\/wp\/v2\/posts\/38480\/revisions"}],"wp:featuredmedia":[{"embeddable":true,"href":"https:\/\/www.europesays.com\/lv\/wp-json\/wp\/v2\/media\/38481"}],"wp:attachment":[{"href":"https:\/\/www.europesays.com\/lv\/wp-json\/wp\/v2\/media?parent=38480"}],"wp:term":[{"taxonomy":"category","embeddable":true,"href":"https:\/\/www.europesays.com\/lv\/wp-json\/wp\/v2\/categories?post=38480"},{"taxonomy":"post_tag","embeddable":true,"href":"https:\/\/www.europesays.com\/lv\/wp-json\/wp\/v2\/tags?post=38480"}],"curies":[{"name":"wp","href":"https:\/\/api.w.org\/{rel}","templated":true}]}}