{"id":38494,"date":"2025-11-03T07:29:10","date_gmt":"2025-11-03T07:29:10","guid":{"rendered":"https:\/\/www.europesays.com\/lv\/38494\/"},"modified":"2025-11-03T07:29:10","modified_gmt":"2025-11-03T07:29:10","slug":"80-vadosam-pasvaldibu-amatpersonam-pieskirta-pieeja-valsts-noslepumam-helmanim-vel-darbnespeja","status":"publish","type":"post","link":"https:\/\/www.europesays.com\/lv\/38494\/","title":{"rendered":"80 vado\u0161\u0101m pa\u0161vald\u012bbu amatperson\u0101m pie\u0161\u0137irta pieeja valsts nosl\u0113pumam; Helmanim v\u0113l darbnesp\u0113ja"},"content":{"rendered":"<p>L\u012bdzko Ogres novada domes priek\u0161s\u0113d\u0113t\u0101js <a rel=\"noopener nofollow\" target=\"_blank\" href=\"https:\/\/www.delfi.lv\/temas\/51883169\/egils-helmanis\" tag-id=\"51883169\">Egils Helmanis<\/a> (NA) b\u016bs sp\u0113j\u012bgs iesniegt pieteikumu pielaides valsts nosl\u0113pumam sa\u0146em\u0161anai, vi\u0146\u0161 to iesniegs \u2013 \u0161\u0101du apliecin\u0101jumu no domes sa\u0146\u0113mis vied\u0101s administr\u0101cijas un re\u0123ion\u0101l\u0101s att\u012bst\u012bbas ministrs <a rel=\"noopener nofollow\" target=\"_blank\" href=\"https:\/\/www.delfi.lv\/temas\/50393695\/raimonds-cudars\" tag-id=\"50393695\">Raimonds \u010cudars<\/a> (JV). Vi\u0146\u0161 pirmdien Latvijas Telev\u012bzijas raid\u012bjum\u0101 &#8220;R\u012bta panor\u0101ma&#8221; teica, ka pagaid\u0101m m\u0113ram v\u0113l ir darbnesp\u0113jas lapa.<\/p>\n<p class=\"m-0\">Seko &#8220;Delfi&#8221; ar\u012b  <a target=\"_blank\" href=\"https:\/\/www.instagram.com\/delfi.lv\/\" rel=\"nofollow noopener\">Instagram<\/a>  un <a target=\"_blank\" href=\"https:\/\/www.youtube.com\/channel\/UCw5foWtcJvAbUm64rv7jwUQ\" rel=\"nofollow noopener\">YouTube<\/a>  profil\u0101 \u2013 pievienojies, lai uzzin\u0101tu svar\u012bg\u0101ko un interesant\u0101ko pirmais!<\/p>\n<p>Publik\u0101cijas saturs vai t\u0101s jebk\u0101da apjoma da\u013ca ir aizsarg\u0101ts autorties\u012bbu objekts Autorties\u012bbu likuma izpratn\u0113, un t\u0101 izmanto\u0161ana bez izdev\u0113ja at\u013caujas ir aizliegta. Vair\u0101k lasi  <a target=\"_blank\" href=\"https:\/\/www.delfi.lv\/noteikumi#autortiesibas\" rel=\"nofollow noopener\">\u0161eit<\/a><script async src=\"\/\/www.instagram.com\/embed.js\"><\/script><\/p>\n","protected":false},"excerpt":{"rendered":"L\u012bdzko Ogres novada domes priek\u0161s\u0113d\u0113t\u0101js Egils Helmanis (NA) b\u016bs sp\u0113j\u012bgs iesniegt pieteikumu pielaides valsts nosl\u0113pumam sa\u0146em\u0161anai, vi\u0146\u0161 to&hellip;\n","protected":false},"author":2,"featured_media":38495,"comment_status":"","ping_status":"","sticky":false,"template":"","format":"standard","meta":{"footnotes":""},"categories":[5],"tags":[23,28,29,11231,32,33,22,30,31,35,39,38,36,37,34,40,20,26,27,3492,24,25,21],"class_list":{"0":"post-38494","1":"post","2":"type-post","3":"status-publish","4":"format-standard","5":"has-post-thumbnail","7":"category-aktualitates","8":"tag-aktualitates","9":"tag-breaking-news","10":"tag-breakingnews","11":"tag-egils-helmanis","12":"tag-featured-news","13":"tag-featurednews","14":"tag-headlines","15":"tag-latest-news","16":"tag-latestnews","17":"tag-latvia","18":"tag-latvian","19":"tag-latviesu","20":"tag-latviesu-valoda","21":"tag-latviesuvaloda","22":"tag-latvija","23":"tag-lv","24":"tag-news","25":"tag-popularakas-zinas","26":"tag-popularakaszinas","27":"tag-raimonds-cudars","28":"tag-top-stories","29":"tag-topstories","30":"tag-zinas"},"share_on_mastodon":{"url":"https:\/\/pubeurope.com\/@lv\/115484594215671702","error":""},"_links":{"self":[{"href":"https:\/\/www.europesays.com\/lv\/wp-json\/wp\/v2\/posts\/38494","targetHints":{"allow":["GET"]}}],"collection":[{"href":"https:\/\/www.europesays.com\/lv\/wp-json\/wp\/v2\/posts"}],"about":[{"href":"https:\/\/www.europesays.com\/lv\/wp-json\/wp\/v2\/types\/post"}],"author":[{"embeddable":true,"href":"https:\/\/www.europesays.com\/lv\/wp-json\/wp\/v2\/users\/2"}],"replies":[{"embeddable":true,"href":"https:\/\/www.europesays.com\/lv\/wp-json\/wp\/v2\/comments?post=38494"}],"version-history":[{"count":0,"href":"https:\/\/www.europesays.com\/lv\/wp-json\/wp\/v2\/posts\/38494\/revisions"}],"wp:featuredmedia":[{"embeddable":true,"href":"https:\/\/www.europesays.com\/lv\/wp-json\/wp\/v2\/media\/38495"}],"wp:attachment":[{"href":"https:\/\/www.europesays.com\/lv\/wp-json\/wp\/v2\/media?parent=38494"}],"wp:term":[{"taxonomy":"category","embeddable":true,"href":"https:\/\/www.europesays.com\/lv\/wp-json\/wp\/v2\/categories?post=38494"},{"taxonomy":"post_tag","embeddable":true,"href":"https:\/\/www.europesays.com\/lv\/wp-json\/wp\/v2\/tags?post=38494"}],"curies":[{"name":"wp","href":"https:\/\/api.w.org\/{rel}","templated":true}]}}