{"id":38496,"date":"2025-11-03T07:31:08","date_gmt":"2025-11-03T07:31:08","guid":{"rendered":"https:\/\/www.europesays.com\/lv\/38496\/"},"modified":"2025-11-03T07:31:08","modified_gmt":"2025-11-03T07:31:08","slug":"konflikta-ar-nba-superzvaigzni-klubs-nostajas-somu-trenera-puse","status":"publish","type":"post","link":"https:\/\/www.europesays.com\/lv\/38496\/","title":{"rendered":"Konflikt\u0101 ar NBA superzvaigzni klubs nost\u0101jas somu trenera pus\u0113"},"content":{"rendered":"<p>L\u0113mums pie\u0146emts p\u0113c konflikta starp Morantu un komandas galveno treneri Tomasu \u012asalo &#8211; somu speci\u0101listu, kur\u0161 kritiz\u0113jis sp\u0113l\u0113t\u0101ja l\u012bder\u012bbas tr\u016bkumu un p\u016bles laukum\u0101 komandas v\u0101rd\u0101. Str\u012bds izc\u0113l\u0101s p\u0113c sp\u0113les piektdien, kur\u0101 &#8220;Grizzlies&#8221; ar rezult\u0101tu 112:117 zaud\u0113ja Losand\u017eelosas &#8220;Lakers&#8221;.<\/p>\n<p>P\u0113c ma\u010da \u012asalo medijiem nor\u0101d\u012bja, ka komandai tr\u016bkst discipl\u012bnas un pa\u0161atdeves, \u012bpa\u0161i l\u012bderiem. Morants, kur\u0161 \u0161aj\u0101 sp\u0113l\u0113 31 min\u016btes laik\u0101 guva tikai 8 punktus, asi rea\u0123\u0113ja uz trenera izteikumiem visas komandas priek\u0161\u0101, apgalvo ESPN apskatnieks \u0160ems \u0160aranja.<\/p>\n<p>Kad \u017eurn\u0101listi jaut\u0101ja, kas sp\u0113l\u0113 nog\u0101ja greizi, Morants atbild\u0113ja: &#8220;Ejiet un jaut\u0101jiet trenerim.&#8221;<\/p>\n<p>Uz jaut\u0101jumu par savu sniegumu un sp\u0113les laiku vi\u0146\u0161 atk\u0101rtojis to pa\u0161u.<\/p>\n<p>Kluba vad\u012bba \u0161\u0101du attieksmi nav pie\u013c\u0101vusi. N\u0101kamaj\u0101 dien\u0101 &#8220;Grizzlies&#8221; pazi\u0146oja, ka Morantam piespriesta vienas sp\u0113les diskvalifik\u0101cija par &#8220;r\u012bc\u012bbu, kas kait\u0113 komandai&#8221;.<\/p>\n<p>P\u0113d\u0113j\u0101 sp\u0113l\u0113 sv\u0113tdien &#8220;Grizzlies&#8221; ar 104:117 viesos piek\u0101p\u0101s Toronto &#8220;Raptors&#8221; komandai. Morants izlaida \u0161o ma\u010du.<\/p>\n<p>L\u012bdz \u0161im aizvad\u012btaj\u0101s septi\u0146\u0101s sp\u0113l\u0113s Memfisas vien\u012bba izc\u012bn\u012bjusi tr\u012bs pan\u0101kumus un Rietumu konferences kopv\u0113rt\u0113jum\u0101 ie\u0146em 10. poz\u012bciju.<\/p>\n<p>\u012asalo \u0161ogad k\u013cuva par pirmo Somijas galveno treneri <a href=\"https:\/\/sports.tvnet.lv\/term\/10004\/nba\" class=\"topicLink\" target=\"_blank\" rel=\"nofollow noopener\">NBA<\/a> v\u0113stur\u0113. Pirms tam vi\u0146\u0161 vad\u012bja &#8220;Paris Basketball&#8221; klubu Francij\u0101, bet 2024. gad\u0101 pievienoj\u0101s NBA k\u0101 asistents un pavasar\u012b tika paaugstin\u0101ts par galveno treneri.<\/p>\n","protected":false},"excerpt":{"rendered":"L\u0113mums pie\u0146emts p\u0113c konflikta starp Morantu un komandas galveno treneri Tomasu \u012asalo &#8211; somu speci\u0101listu, kur\u0161 kritiz\u0113jis sp\u0113l\u0113t\u0101ja&hellip;\n","protected":false},"author":2,"featured_media":38497,"comment_status":"","ping_status":"","sticky":false,"template":"","format":"standard","meta":{"footnotes":""},"categories":[17],"tags":[11233,35,39,38,36,37,34,40,11232,1258,67],"class_list":{"0":"post-38496","1":"post","2":"type-post","3":"status-publish","4":"format-standard","5":"has-post-thumbnail","7":"category-sports","8":"tag-dza-morants","9":"tag-latvia","10":"tag-latvian","11":"tag-latviesu","12":"tag-latviesu-valoda","13":"tag-latviesuvaloda","14":"tag-latvija","15":"tag-lv","16":"tag-memfisas-grizzlies","17":"tag-nba","18":"tag-sports"},"share_on_mastodon":{"url":"https:\/\/pubeurope.com\/@lv\/115484602149925105","error":""},"_links":{"self":[{"href":"https:\/\/www.europesays.com\/lv\/wp-json\/wp\/v2\/posts\/38496","targetHints":{"allow":["GET"]}}],"collection":[{"href":"https:\/\/www.europesays.com\/lv\/wp-json\/wp\/v2\/posts"}],"about":[{"href":"https:\/\/www.europesays.com\/lv\/wp-json\/wp\/v2\/types\/post"}],"author":[{"embeddable":true,"href":"https:\/\/www.europesays.com\/lv\/wp-json\/wp\/v2\/users\/2"}],"replies":[{"embeddable":true,"href":"https:\/\/www.europesays.com\/lv\/wp-json\/wp\/v2\/comments?post=38496"}],"version-history":[{"count":0,"href":"https:\/\/www.europesays.com\/lv\/wp-json\/wp\/v2\/posts\/38496\/revisions"}],"wp:featuredmedia":[{"embeddable":true,"href":"https:\/\/www.europesays.com\/lv\/wp-json\/wp\/v2\/media\/38497"}],"wp:attachment":[{"href":"https:\/\/www.europesays.com\/lv\/wp-json\/wp\/v2\/media?parent=38496"}],"wp:term":[{"taxonomy":"category","embeddable":true,"href":"https:\/\/www.europesays.com\/lv\/wp-json\/wp\/v2\/categories?post=38496"},{"taxonomy":"post_tag","embeddable":true,"href":"https:\/\/www.europesays.com\/lv\/wp-json\/wp\/v2\/tags?post=38496"}],"curies":[{"name":"wp","href":"https:\/\/api.w.org\/{rel}","templated":true}]}}