{"id":38498,"date":"2025-11-03T07:32:07","date_gmt":"2025-11-03T07:32:07","guid":{"rendered":"https:\/\/www.europesays.com\/lv\/38498\/"},"modified":"2025-11-03T07:32:07","modified_gmt":"2025-11-03T07:32:07","slug":"spilva-razotne-tiks-paplasinata-par-25-dienas-bizness","status":"publish","type":"post","link":"https:\/\/www.europesays.com\/lv\/38498\/","title":{"rendered":"Spilva ra\u017eotne tiks papla\u0161in\u0101ta par 25% :: Dienas Bizness"},"content":{"rendered":"<p class=\"text-font font-size--text-xlarge margin-3--bottom font-weight--bold padding-1--top\">P\u0101rtikas ra\u017eo\u0161anas uz\u0146\u0113muma \u201cOrkla Latvija\u201d m\u0113r\u010du un gatavo \u0113dienu z\u012bmola \u201cSpilva\u201d ra\u017eotnes papla\u0161in\u0101\u0161anas b\u016bvdarbi norit jau piln\u0101 spar\u0101. B\u016bvdarbu rezult\u0101t\u0101, savienojot pa\u0161reiz\u0113jo ra\u017eo\u0161anas \u0113ku un izejvielu noliktavu, \u201cSpilva\u201d ra\u017eotnes plat\u012bba pieaugs par 1500 m2 jeb tiks ieg\u016bta papildus 25 % ra\u017eo\u0161anas plat\u012bba, kop\u0113jai ra\u017eotnes plat\u012bbai sasniedzot 6020 m2.<\/p>\n<p class=\"text-font font-size--text-xlarge margin-3--bottom\">B\u016bvdarbos vien uz\u0146\u0113mums invest\u0113 2,8 miljonus eiro jeb teju pusi no kop\u0113j\u0101m invest\u012bcij\u0101m ra\u017eotnes papla\u0161in\u0101\u0161anas un moderniz\u0101cijas projekt\u0101, kas veido 5,4 miljonus eiro.<\/p>\n<p class=\"text-font font-size--text-xlarge margin-3--bottom\">Pirms ziemas iest\u0101\u0161an\u0101s tiks paveikti visi zemes, in\u017eeniertehniskie un komunik\u0101ciju darbi un \u0113kai tiks uzlikts jumts. Projekts ir \u012bpa\u0161s ar to, ka b\u016bvdarbi notiek paral\u0113li ra\u017eo\u0161anai, nodro\u0161inot nep\u0101rtrauktu produkcijas izlaidi un minim\u0101lus trauc\u0113jumus ra\u017eo\u0161anas darbiniekiem. \u0160\u012b gada decembra s\u0101kum\u0101 pl\u0101noti jaun\u0101s b\u016bves Sp\u0101ru sv\u0113tki, bet b\u016bvdarbu pabeig\u0161ana pl\u0101nota 2026. gada pirmaj\u0101 pusgad\u0101. P\u0113c \u0113kas nodo\u0161anas ekspluat\u0101cij\u0101 sekos ra\u017eo\u0161anas l\u012bniju p\u0101rcel\u0161ana, moderniz\u0101cija un automatiz\u0101cija.<\/p>\n<p class=\"text-font font-size--text-xlarge margin-3--bottom\">\u201cP\u0101rdom\u0101ti izmantojot pieejamo br\u012bvo vietu \u201cSpilva\u201d ra\u017eotnes teritorij\u0101, k\u0101 ar\u012b efekt\u012bv\u0101k p\u0101rk\u0101rtojot un automatiz\u0113jot eso\u0161\u0101s ra\u017eo\u0161anas l\u012bnijas tiks ieg\u016bts 30% ra\u017eotnes kapacit\u0101tes palielin\u0101jums. Priec\u0101jamies, ka darbi norit p\u0113c pl\u0101na, un jau n\u0101kam\u0101 gada otraj\u0101 pus\u0113 var\u0113sim uzs\u0101kt ra\u017eotnes l\u012bniju p\u0101rk\u0101rto\u0161anas un moderniz\u0101cijas darbus,\u201d nor\u0101da SIA \u201cOrkla Latvija\u201d valdes priek\u0161s\u0113d\u0113t\u0101js Toms Didrihsons.<\/p>\n<p class=\"text-font font-size--text-xlarge margin-3--bottom\">\u201cSpilva\u201d ra\u017eotnes plat\u012bbas palielin\u0101\u0161ana un sec\u012bga galveno ra\u017eo\u0161anas l\u012bniju moderniz\u0101cija ir nepiecie\u0161ama, lai nodro\u0161in\u0101tu racion\u0101lu ra\u017eo\u0161anas pl\u016bsmu un automatiz\u0101cijas iesp\u0113jas, k\u0101 ar\u012b palielin\u0101tu ra\u017eo\u0161anas \u0101trumu un samazin\u0101tu person\u0101la slodzi. Visi ra\u017eotnes uzlabojumi tiek veikti stigr\u0101 atbilst\u012bb\u0101 uz\u0146\u0113muma grupas P\u0101rtikas dro\u0161\u012bbas standartiem, Darba dro\u0161\u012bbas standartiem un uzst\u0101d\u012btaj\u0101m Vides un vesel\u012bbas pras\u012bb\u0101m.<\/p>\n<p class=\"text-font font-size--text-xlarge margin-3--bottom\">K\u0101 jau iepriek\u0161 tika min\u0113ts, \u0161is ir apjom\u012bg\u0101kais izaugsmes projekts \u201cSpilva\u201d ra\u017eotnei kop\u0161 2008. gada, kad tika atkl\u0101ts jauns ra\u017eo\u0161anas korpuss. Invest\u012bciju projektu pl\u0101nots \u012bstenot pusotra gada laik\u0101, veltot aptuveni 9 m\u0113ne\u0161us ra\u017eotnes papla\u0161in\u0101\u0161anai un v\u0113l 9 m\u0113ne\u0161us ra\u017eo\u0161anas l\u012bniju p\u0101rcel\u0161anai, moderniz\u0101cijai un automatiz\u0101cijai. Projektu pl\u0101nots pabeigt 2027. gada vid\u016b. Projekts tiks \u012bstenots ar Eiropas Savien\u012bbas atbalsta pal\u012bdz\u012bbu, k\u0101 ar\u012b pa\u0161u invest\u012bcij\u0101m.<\/p>\n<p class=\"text-font font-size--text-xlarge margin-3--bottom\">\u201cSpilva\u201d ra\u017eotne atrodas Bab\u012bt\u0113 kop\u0161 1992. gada, kad t\u0101 darbu uzs\u0101ka k\u0101 neliels p\u0101rtikas konservu cehs, un laika gait\u0101 ir piedz\u012bvojusi lielu izaugsmi, att\u012bstoties k\u0101 da\u013ca no \u201cOrkla\u201d grupas kop\u0161 2004. gada. \u201cSpilvas\u201d ra\u017eotne \u0161odien ir viena no modern\u0101kaj\u0101m Baltijas valst\u012bs. \u201cSpilva\u201d z\u012bmola kl\u0101st\u0101 ir vair\u0101ki simti da\u017e\u0101du produktu septi\u0146\u0101s \u0113dienu un \u0113diena piedevu kategorijas: tom\u0101tu m\u0113rces un ke\u010dupi, majon\u0113zes, m\u0113rces, konserv\u0113ti d\u0101rze\u0146i, gar\u0161vielas, iev\u0101r\u012bjumi un deserti, m\u0101rrutki un sinepes, zupas un otrie \u0113dieni. \u201cSpilva\u201d sara\u017eo vair\u0101k nek\u0101 17 500 tonnas produkcijas gad\u0101 un z\u012bmola produkti ir Latvijas pat\u0113r\u0113t\u0101ju pirm\u0101 izv\u0113le vair\u0101k\u0101s kategorij\u0101s, pietam, ir atradu\u0161i savus cien\u012bt\u0101jus ar\u012b eksporta tirgos \u2013 aptuveni 50 % no sara\u017eot\u0101 tiek eksport\u0113ti.<\/p>\n<p><a href=\"https:\/\/www.europesays.com\/lv\/wp-content\/uploads\/2025\/11\/523860__690855f4ccb38.jpg\" target=\"_blank\" onclick=\"ga('send','event','image-fullscreen','523860');\"><img decoding=\"async\" class=\"lazy image-contain modernize-objectfit\" src=\"https:\/\/www.europesays.com\/lv\/wp-content\/uploads\/2025\/11\/523860__690855f4ccb38.jpg\" style=\"font-family: 'object-fit: contain;'; object-fit: contain\"\/><\/a><a href=\"https:\/\/www.europesays.com\/lv\/wp-content\/uploads\/2025\/11\/523860__690855dab87cd.jpg\" target=\"_blank\" onclick=\"ga('send','event','image-fullscreen','523860');\"><img decoding=\"async\" class=\"lazy image-contain modernize-objectfit\" src=\"https:\/\/www.europesays.com\/lv\/wp-content\/uploads\/2025\/11\/523860__690855dab87cd.jpg\" style=\"font-family: 'object-fit: contain;'; object-fit: contain\"\/><\/a><\/p>\n<p>Skat\u012bties p\u0101r\u0113jos att\u0113lus<\/p>\n","protected":false},"excerpt":{"rendered":"P\u0101rtikas ra\u017eo\u0161anas uz\u0146\u0113muma \u201cOrkla Latvija\u201d m\u0113r\u010du un gatavo \u0113dienu z\u012bmola \u201cSpilva\u201d ra\u017eotnes papla\u0161in\u0101\u0161anas b\u016bvdarbi norit jau piln\u0101 spar\u0101.&hellip;\n","protected":false},"author":2,"featured_media":38499,"comment_status":"","ping_status":"","sticky":false,"template":"","format":"standard","meta":{"footnotes":""},"categories":[16],"tags":[869,77,870,76,867,35,39,38,36,37,34,871,868,40,21],"class_list":{"0":"post-38498","1":"post","2":"type-post","3":"status-publish","4":"format-standard","5":"has-post-thumbnail","7":"category-bizness","8":"tag-biznesa-zinas","9":"tag-bizness","10":"tag-bizness-latvija","11":"tag-business","12":"tag-dienas-zinas","13":"tag-latvia","14":"tag-latvian","15":"tag-latviesu","16":"tag-latviesu-valoda","17":"tag-latviesuvaloda","18":"tag-latvija","19":"tag-latvijas-biznesa-zinas","20":"tag-latvijas-zinas","21":"tag-lv","22":"tag-zinas"},"share_on_mastodon":{"url":"https:\/\/pubeurope.com\/@lv\/115484606100680364","error":""},"_links":{"self":[{"href":"https:\/\/www.europesays.com\/lv\/wp-json\/wp\/v2\/posts\/38498","targetHints":{"allow":["GET"]}}],"collection":[{"href":"https:\/\/www.europesays.com\/lv\/wp-json\/wp\/v2\/posts"}],"about":[{"href":"https:\/\/www.europesays.com\/lv\/wp-json\/wp\/v2\/types\/post"}],"author":[{"embeddable":true,"href":"https:\/\/www.europesays.com\/lv\/wp-json\/wp\/v2\/users\/2"}],"replies":[{"embeddable":true,"href":"https:\/\/www.europesays.com\/lv\/wp-json\/wp\/v2\/comments?post=38498"}],"version-history":[{"count":0,"href":"https:\/\/www.europesays.com\/lv\/wp-json\/wp\/v2\/posts\/38498\/revisions"}],"wp:featuredmedia":[{"embeddable":true,"href":"https:\/\/www.europesays.com\/lv\/wp-json\/wp\/v2\/media\/38499"}],"wp:attachment":[{"href":"https:\/\/www.europesays.com\/lv\/wp-json\/wp\/v2\/media?parent=38498"}],"wp:term":[{"taxonomy":"category","embeddable":true,"href":"https:\/\/www.europesays.com\/lv\/wp-json\/wp\/v2\/categories?post=38498"},{"taxonomy":"post_tag","embeddable":true,"href":"https:\/\/www.europesays.com\/lv\/wp-json\/wp\/v2\/tags?post=38498"}],"curies":[{"name":"wp","href":"https:\/\/api.w.org\/{rel}","templated":true}]}}