{"id":38512,"date":"2025-11-03T07:41:09","date_gmt":"2025-11-03T07:41:09","guid":{"rendered":"https:\/\/www.europesays.com\/lv\/38512\/"},"modified":"2025-11-03T07:41:09","modified_gmt":"2025-11-03T07:41:09","slug":"krievijas-uzbrukumi-ukrainas-infrastrukturai-sekas-un-merki-2","status":"publish","type":"post","link":"https:\/\/www.europesays.com\/lv\/38512\/","title":{"rendered":"Krievijas uzbrukumi Ukrainas infrastrukt\u016brai: sekas un m\u0113r\u0137i"},"content":{"rendered":"<p class=\"descr\">2025. gada ruden\u012b Vladimirs Putins pav\u0113l\u0113ja s\u0101kt jaunu triecienu kampa\u0146u pret Ukrainas kritisko infrastrukt\u016bru, ta\u010du \u0161oreiz, at\u0161\u0137ir\u012bb\u0101 no diviem iepriek\u0161\u0113jiem m\u0113\u0123in\u0101jumiem, vi\u0146am bija pavisam cits m\u0113r\u0137is.<\/p>\n<blockquote><p>K\u0101 raksta The Economist, Krievijas milit\u0101ro triecienu \u0123eogr\u0101fija liek dom\u0101t, ka okupantu uzdevums ir sadal\u012bt Ukrainas energosist\u0113mu div\u0101s neatkar\u012bg\u0101s da\u013c\u0101s, lai valsts rietumi, kas v\u0113sturiski bauda elektroener\u0123ijas p\u0101rpalikumu, nevar\u0113tu apg\u0101d\u0101t ener\u0123ijas defic\u012bta skartos austrumus ar sav\u0101m r\u016bpniec\u012bbas iek\u0101rt\u0101m.<\/p><\/blockquote>\n<p>Tikm\u0113r Krievijas ballistisk\u0101s ra\u0137etes, sp\u0101rnot\u0101s ra\u0137etes un <a href=\"https:\/\/nra.lv\/birka\/krievijas-droni\/\" target=\"_blank\" rel=\"noopener nofollow\">droni<\/a> metodiski izn\u012bcina g\u0101zes sadales iek\u0101rtas un g\u0101zes ra\u017eo\u0161anu pierobe\u017eas re\u0123ionos, lai trauc\u0113tu apkures sezonu D\u0146epras kreisaj\u0101 krast\u0101.<\/p>\n<p>P\u0113c materi\u0101la autora dom\u0101m, visi \u0161ie barbariskie uzbrukumi ir v\u0113rsti uz to, lai padar\u012btu pla\u0161as Ukrainas austrumu da\u013cas neapdz\u012bvojamas, grautu r\u016bpniec\u012bbu un provoc\u0113tu masveida emigr\u0101ciju.<\/p>\n<p>Vienlaikus rakst\u0101 nor\u0101d\u012bts, ka Ukrainas milit\u0101rpersonas un ener\u0123\u0113tikas darbinieki tr\u012bsarpus kara gadu laik\u0101 ir uzkr\u0101ju\u0161i milz\u012bgu pieredzi, pretojoties Krievijas bru\u0146otajiem sp\u0113kiem, t\u0101p\u0113c scen\u0101rijs, kur\u0101 speci\u0101listi sp\u0113s \u0101tri nomain\u012bt boj\u0101to apr\u012bkojumu, ir piln\u012bgi re\u0101ls.<\/p>\n<p>\t\t\t\t\t\tinfo<\/p>\n<p>Uzzini pirmais<br \/>kas interesants noticis Latvij\u0101 un pasaul\u0113,<br \/>pievienojoties mums <a href=\"https:\/\/t.me\/neatkariga\" rel=\"nofollow\">Telegram<\/a> vai <a href=\"https:\/\/whatsapp.com\/channel\/0029VaMLFUH5K3zLU5s4wm3y\" rel=\"nofollow noopener\" target=\"_blank\">Whatsapp<\/a> kan\u0101l\u0101<\/p>\n","protected":false},"excerpt":{"rendered":"2025. gada ruden\u012b Vladimirs Putins pav\u0113l\u0113ja s\u0101kt jaunu triecienu kampa\u0146u pret Ukrainas kritisko infrastrukt\u016bru, ta\u010du \u0161oreiz, at\u0161\u0137ir\u012bb\u0101 no&hellip;\n","protected":false},"author":2,"featured_media":38501,"comment_status":"","ping_status":"","sticky":false,"template":"","format":"standard","meta":{"footnotes":""},"categories":[5],"tags":[23,28,29,32,33,22,30,31,35,39,38,36,37,34,40,20,26,27,24,25,21],"class_list":{"0":"post-38512","1":"post","2":"type-post","3":"status-publish","4":"format-standard","5":"has-post-thumbnail","7":"category-aktualitates","8":"tag-aktualitates","9":"tag-breaking-news","10":"tag-breakingnews","11":"tag-featured-news","12":"tag-featurednews","13":"tag-headlines","14":"tag-latest-news","15":"tag-latestnews","16":"tag-latvia","17":"tag-latvian","18":"tag-latviesu","19":"tag-latviesu-valoda","20":"tag-latviesuvaloda","21":"tag-latvija","22":"tag-lv","23":"tag-news","24":"tag-popularakas-zinas","25":"tag-popularakaszinas","26":"tag-top-stories","27":"tag-topstories","28":"tag-zinas"},"share_on_mastodon":{"url":"https:\/\/pubeurope.com\/@lv\/115484641391580067","error":""},"_links":{"self":[{"href":"https:\/\/www.europesays.com\/lv\/wp-json\/wp\/v2\/posts\/38512","targetHints":{"allow":["GET"]}}],"collection":[{"href":"https:\/\/www.europesays.com\/lv\/wp-json\/wp\/v2\/posts"}],"about":[{"href":"https:\/\/www.europesays.com\/lv\/wp-json\/wp\/v2\/types\/post"}],"author":[{"embeddable":true,"href":"https:\/\/www.europesays.com\/lv\/wp-json\/wp\/v2\/users\/2"}],"replies":[{"embeddable":true,"href":"https:\/\/www.europesays.com\/lv\/wp-json\/wp\/v2\/comments?post=38512"}],"version-history":[{"count":0,"href":"https:\/\/www.europesays.com\/lv\/wp-json\/wp\/v2\/posts\/38512\/revisions"}],"wp:featuredmedia":[{"embeddable":true,"href":"https:\/\/www.europesays.com\/lv\/wp-json\/wp\/v2\/media\/38501"}],"wp:attachment":[{"href":"https:\/\/www.europesays.com\/lv\/wp-json\/wp\/v2\/media?parent=38512"}],"wp:term":[{"taxonomy":"category","embeddable":true,"href":"https:\/\/www.europesays.com\/lv\/wp-json\/wp\/v2\/categories?post=38512"},{"taxonomy":"post_tag","embeddable":true,"href":"https:\/\/www.europesays.com\/lv\/wp-json\/wp\/v2\/tags?post=38512"}],"curies":[{"name":"wp","href":"https:\/\/api.w.org\/{rel}","templated":true}]}}