{"id":38535,"date":"2025-11-03T07:57:09","date_gmt":"2025-11-03T07:57:09","guid":{"rendered":"https:\/\/www.europesays.com\/lv\/38535\/"},"modified":"2025-11-03T07:57:09","modified_gmt":"2025-11-03T07:57:09","slug":"afganistanu-atkal-satricina-postosa-zemestrice-bojagajusi-vismaz-devini-jauns-lv","status":"publish","type":"post","link":"https:\/\/www.europesays.com\/lv\/38535\/","title":{"rendered":"Afganist\u0101nu atkal satricina posto\u0161a zemestr\u012bce &#8211; boj\u0101g\u0101ju\u0161i vismaz devi\u0146i &#8211; Jauns.lv"},"content":{"rendered":"<ol>\n<li><a href=\"https:\/\/news.google.com\/rss\/articles\/CBMirwFBVV95cUxNR2R3ajJ5ZDVzSExNQS1YdkVfR3lFVGdlb1l4aHh0aWJJWFN1QVBBYzR4RHhycW0yRjh0RDdRZUtET08tUGRHTERNWVZNZFRQazBnbkVmY2RFdXN3V08xX01mcVJnRFZHMEZGaEpJS3hvY1MxVnREVnBZbTVRRXNlN3FQZElVZmNuVWxuQ1JMTFdoYzQzbEZDSWI4T0pZSlgyVFdjUUhGbTRVUXEybURN?oc=5\" target=\"_blank\" rel=\"nofollow noopener\">Afganist\u0101nu atkal satricina posto\u0161a zemestr\u012bce &#8211; boj\u0101g\u0101ju\u0161i vismaz devi\u0146i<\/a>&nbsp;&nbsp;Jauns.lv<\/li>\n<li><a href=\"https:\/\/news.google.com\/rss\/articles\/CBMiiwFBVV95cUxNZkwyaXAzOUdoMHZZR1FxUUhtTEFERGRhTHlubF84YmN1cS11RGp6aHk3T2xRWTg2NTZBdWtNLUJyeHBvUVdiMFFhNXNOYkgyV05VT1RQWEdvSWtkUG8wR3JiSV9FbER5bEJHV2FxWXlWQ00xN2NidXhfaENQVGFnbmg0S0hsNEpHaDB3?oc=5\" target=\"_blank\" rel=\"nofollow noopener\">Afganist\u0101nu satricina posto\u0161a 6,3 magnit\u016bdu zemestr\u012bce<\/a>&nbsp;&nbsp;TVNET<\/li>\n<li><a href=\"https:\/\/news.google.com\/rss\/articles\/CBMirAFBVV95cUxQSWRXdlZsV2IzTXYyYVo3TW1mclB4Nko5UGxPWlM3eFpBTGZodkQ1MjE1TGZhMXpRUnpRaEZLM05yTjY3TkoyN09OdUU2MENodkkyM19yNGt5RmRGMVZzellSQWhLVW5pWVVxU2JNUDBWb2lhTlFyc2k0R3NwY3pxei12MzJFempCbWZCSXFzZk9EY0ZMaGNzMms5VU9POFF1OWVNQmJUN1JENXpj?oc=5\" target=\"_blank\" rel=\"nofollow noopener\">Zemestr\u012bc\u0113 Afganist\u0101n\u0101 vismaz devi\u0146i boj\u0101g\u0101ju\u0161ie \/ Raksts<\/a>&nbsp;&nbsp;LSM<\/li>\n<li><a href=\"https:\/\/news.google.com\/rss\/articles\/CBMiuAFBVV95cUxOa2s4NW9DYURJZ3FHNzE1aG96X1U0NUhMVEhHUVJLN0FRZGU1UnMwZml0bDJhMk1ieF9ZTTNTOWxYM1diS1hOYWhxczNLU2tyQS1iTVhZbHNub1RJWURoZUNjQkxhV1ZkMlJxMlZPOWNFWS1pRjZUbFoxbzhKQUI4NkNjaXZ0M2JXT3N2Y0Fsc0o3Y0hIMy0tRzBmbGZianZ3M1NZZ29pN1VST2ZFSTlWXzdLVnZodmxF?oc=5\" target=\"_blank\" rel=\"nofollow noopener\">Zemestr\u012bc\u0113 Afganist\u0101n\u0101 vismaz pieci boj\u0101g\u0101ju\u0161ie; 143 cilv\u0113ki ievainoti<\/a>&nbsp;&nbsp;Delfi<\/li>\n<li><a href=\"https:\/\/news.google.com\/rss\/articles\/CBMitAFBVV95cUxPU2tPSTFrWmpQRG5Fa2RWekNFQUxRbFk4a3hmQ280MjRadlhUSGRFeTNQeE5rVnFwakN1S2dsS250MTdwRlZVczM3c2NOR3NWY0RPZUpQdG5TOVpaRFA2X0JQT0ZRSG1JYXVObEFiSG5wZEVPLThnM29GQ0tPTkYtekRTX3lDeFRKdEt1aXhUUEkxOE0xaWpibE5FQkszQVRONVNrM1V4aTRhekZ2SDN3bjhoaC0?oc=5\" target=\"_blank\" rel=\"nofollow noopener\">Zemestr\u012bc\u0113 Afganist\u0101n\u0101 vismaz 20 boj\u0101g\u0101ju\u0161ie; 320 cilv\u0113ki ievainoti<\/a>&nbsp;&nbsp;Delfi<\/li>\n<\/ol>\n","protected":false},"excerpt":{"rendered":"Afganist\u0101nu atkal satricina posto\u0161a zemestr\u012bce &#8211; boj\u0101g\u0101ju\u0161i vismaz devi\u0146i&nbsp;&nbsp;Jauns.lv Afganist\u0101nu satricina posto\u0161a 6,3 magnit\u016bdu zemestr\u012bce&nbsp;&nbsp;TVNET Zemestr\u012bc\u0113 Afganist\u0101n\u0101 vismaz&hellip;\n","protected":false},"author":2,"featured_media":38536,"comment_status":"","ping_status":"","sticky":false,"template":"","format":"standard","meta":{"footnotes":""},"categories":[14],"tags":[23,57,28,29,32,33,22,30,31,35,39,38,36,37,34,40,20,26,27,24,25,54,55,56,21,58],"class_list":{"0":"post-38535","1":"post","2":"type-post","3":"status-publish","4":"format-standard","5":"has-post-thumbnail","7":"category-zinas-no-arvalstim","8":"tag-aktualitates","9":"tag-arvalstim","10":"tag-breaking-news","11":"tag-breakingnews","12":"tag-featured-news","13":"tag-featurednews","14":"tag-headlines","15":"tag-latest-news","16":"tag-latestnews","17":"tag-latvia","18":"tag-latvian","19":"tag-latviesu","20":"tag-latviesu-valoda","21":"tag-latviesuvaloda","22":"tag-latvija","23":"tag-lv","24":"tag-news","25":"tag-popularakas-zinas","26":"tag-popularakaszinas","27":"tag-top-stories","28":"tag-topstories","29":"tag-world","30":"tag-world-news","31":"tag-worldnews","32":"tag-zinas","33":"tag-zinas-no-arvalstim"},"share_on_mastodon":{"url":"https:\/\/pubeurope.com\/@lv\/115484704367116102","error":""},"_links":{"self":[{"href":"https:\/\/www.europesays.com\/lv\/wp-json\/wp\/v2\/posts\/38535","targetHints":{"allow":["GET"]}}],"collection":[{"href":"https:\/\/www.europesays.com\/lv\/wp-json\/wp\/v2\/posts"}],"about":[{"href":"https:\/\/www.europesays.com\/lv\/wp-json\/wp\/v2\/types\/post"}],"author":[{"embeddable":true,"href":"https:\/\/www.europesays.com\/lv\/wp-json\/wp\/v2\/users\/2"}],"replies":[{"embeddable":true,"href":"https:\/\/www.europesays.com\/lv\/wp-json\/wp\/v2\/comments?post=38535"}],"version-history":[{"count":0,"href":"https:\/\/www.europesays.com\/lv\/wp-json\/wp\/v2\/posts\/38535\/revisions"}],"wp:featuredmedia":[{"embeddable":true,"href":"https:\/\/www.europesays.com\/lv\/wp-json\/wp\/v2\/media\/38536"}],"wp:attachment":[{"href":"https:\/\/www.europesays.com\/lv\/wp-json\/wp\/v2\/media?parent=38535"}],"wp:term":[{"taxonomy":"category","embeddable":true,"href":"https:\/\/www.europesays.com\/lv\/wp-json\/wp\/v2\/categories?post=38535"},{"taxonomy":"post_tag","embeddable":true,"href":"https:\/\/www.europesays.com\/lv\/wp-json\/wp\/v2\/tags?post=38535"}],"curies":[{"name":"wp","href":"https:\/\/api.w.org\/{rel}","templated":true}]}}