{"id":38542,"date":"2025-11-03T08:03:10","date_gmt":"2025-11-03T08:03:10","guid":{"rendered":"https:\/\/www.europesays.com\/lv\/38542\/"},"modified":"2025-11-03T08:03:10","modified_gmt":"2025-11-03T08:03:10","slug":"aizsaule-devies-izcilais-grafikis-gunars-krollis","status":"publish","type":"post","link":"https:\/\/www.europesays.com\/lv\/38542\/","title":{"rendered":"Aizsaul\u0113 devies izcilais grafi\u0137is Gun\u0101rs Krollis"},"content":{"rendered":"<p>Gun\u0101rs Krollis ir dzimis 1932. gada 23. j\u016bnij\u0101 R\u012bg\u0101. M\u0101c\u012bj\u0101s Ja\u0146a Rozent\u0101la R\u012bgas M\u0101kslas vidusskol\u0101 (1948-1953), stud\u0113ja Latvijas M\u0101kslas akad\u0113mijas Grafikas noda\u013c\u0101 (1954-1960).<\/p>\n<p>1963.gad\u0101 vi\u0146u uz\u0146\u0113ma Latvijas M\u0101kslinieku savien\u012bb\u0101.<\/p>\n<p>1974. gad\u0101 Krollis s\u0101ka str\u0101d\u0101t par Latvijas M\u0101kslas akad\u0113mijas Grafikas noda\u013cas pedagogu, 1987. gad\u0101 iev\u0113l\u0113ts par profesoru un Grafikas katedras Oforta darbn\u012bcas vad\u012bt\u0101ju. 1977. gad\u0101 vi\u0146\u0161 piedal\u012bj\u0101s dekorat\u012bvo keramikas panno izveid\u0113 Ta\u0161kentas metro stacijai &#8220;\u010cilanzor&#8221;, bija Starptautisko Grafikas m\u0101kslas trienn\u0101\u013cu \u017e\u016brijas loceklis V\u0101cij\u0101 un Polij\u0101 (1976, 1980, 1984, 1986).<\/p>\n<p>Gun\u0101rs Krollis bija viens no sp\u0113c\u012bg\u0101kajiem meistariem 20. gs. otr\u0101s puses un 21. gs. s\u0101kuma latvie\u0161u grafik\u0101.<\/p>\n","protected":false},"excerpt":{"rendered":"Gun\u0101rs Krollis ir dzimis 1932. gada 23. j\u016bnij\u0101 R\u012bg\u0101. M\u0101c\u012bj\u0101s Ja\u0146a Rozent\u0101la R\u012bgas M\u0101kslas vidusskol\u0101 (1948-1953), stud\u0113ja Latvijas&hellip;\n","protected":false},"author":2,"featured_media":38543,"comment_status":"","ping_status":"","sticky":false,"template":"","format":"standard","meta":{"footnotes":""},"categories":[14],"tags":[23,57,28,29,32,33,22,2161,30,31,35,39,38,36,37,34,40,20,26,27,24,25,54,55,56,21,58],"class_list":{"0":"post-38542","1":"post","2":"type-post","3":"status-publish","4":"format-standard","5":"has-post-thumbnail","7":"category-zinas-no-arvalstim","8":"tag-aktualitates","9":"tag-arvalstim","10":"tag-breaking-news","11":"tag-breakingnews","12":"tag-featured-news","13":"tag-featurednews","14":"tag-headlines","15":"tag-in-memoriam","16":"tag-latest-news","17":"tag-latestnews","18":"tag-latvia","19":"tag-latvian","20":"tag-latviesu","21":"tag-latviesu-valoda","22":"tag-latviesuvaloda","23":"tag-latvija","24":"tag-lv","25":"tag-news","26":"tag-popularakas-zinas","27":"tag-popularakaszinas","28":"tag-top-stories","29":"tag-topstories","30":"tag-world","31":"tag-world-news","32":"tag-worldnews","33":"tag-zinas","34":"tag-zinas-no-arvalstim"},"share_on_mastodon":{"url":"https:\/\/pubeurope.com\/@lv\/115484727946973978","error":""},"_links":{"self":[{"href":"https:\/\/www.europesays.com\/lv\/wp-json\/wp\/v2\/posts\/38542","targetHints":{"allow":["GET"]}}],"collection":[{"href":"https:\/\/www.europesays.com\/lv\/wp-json\/wp\/v2\/posts"}],"about":[{"href":"https:\/\/www.europesays.com\/lv\/wp-json\/wp\/v2\/types\/post"}],"author":[{"embeddable":true,"href":"https:\/\/www.europesays.com\/lv\/wp-json\/wp\/v2\/users\/2"}],"replies":[{"embeddable":true,"href":"https:\/\/www.europesays.com\/lv\/wp-json\/wp\/v2\/comments?post=38542"}],"version-history":[{"count":0,"href":"https:\/\/www.europesays.com\/lv\/wp-json\/wp\/v2\/posts\/38542\/revisions"}],"wp:featuredmedia":[{"embeddable":true,"href":"https:\/\/www.europesays.com\/lv\/wp-json\/wp\/v2\/media\/38543"}],"wp:attachment":[{"href":"https:\/\/www.europesays.com\/lv\/wp-json\/wp\/v2\/media?parent=38542"}],"wp:term":[{"taxonomy":"category","embeddable":true,"href":"https:\/\/www.europesays.com\/lv\/wp-json\/wp\/v2\/categories?post=38542"},{"taxonomy":"post_tag","embeddable":true,"href":"https:\/\/www.europesays.com\/lv\/wp-json\/wp\/v2\/tags?post=38542"}],"curies":[{"name":"wp","href":"https:\/\/api.w.org\/{rel}","templated":true}]}}