{"id":38559,"date":"2025-11-03T08:15:09","date_gmt":"2025-11-03T08:15:09","guid":{"rendered":"https:\/\/www.europesays.com\/lv\/38559\/"},"modified":"2025-11-03T08:15:09","modified_gmt":"2025-11-03T08:15:09","slug":"katara-censas-saglabat-trauslo-pamieru-gaza","status":"publish","type":"post","link":"https:\/\/www.europesays.com\/lv\/38559\/","title":{"rendered":"Katara cen\u0161as saglab\u0101t trauslo pamieru Gaz\u0101 &#8211;"},"content":{"rendered":"<p style=\"text-align: justify;\">Kataras premjerministrs, \u0161eihs Muhameds bin Abdulrahmans pazi\u0146ojis, ka, par sp\u012bti regul\u0101rajiem pamiera nosac\u012bjumu p\u0101rk\u0101pumiem, vi\u0146a valsts visiem sp\u0113kiem cen\u0161as notur\u0113t trauslo uguns p\u0101rtraukumu, raksta <a href=\"https:\/\/www.politico.com\/news\/2025\/11\/02\/qatar-israel-hamas-diplomacy-00632932?utm_medium=twitter&amp;utm_source=dlvr.it\" target=\"_blank\" rel=\"noopener nofollow\">\u201cPolitico.\u201d<\/a><\/p>\n<p style=\"text-align: justify;\">Bin Abdulrahmans, kur\u0161 pilda ar\u012b Kataras \u0101rlieut ministra pien\u0101kumus, CNN sac\u012bja, ka p\u0101rk\u0101pumi notiek ik dienu, un Katara katru no tiem piefiks\u0113. Tom\u0113r notiek cie\u0161a sadarb\u012bba ar ASV un \u0112\u0123ipti, lai pamiers turpin\u0101tos. Katarai, kop\u0101 ar ASV prezidentu Donaldu Trampu (Donald Trump), bija liela noz\u012bm\u0113 pamiera pan\u0101k\u0161an\u0101, un t\u0101 cen\u0161as p\u0101rtraukt karu starp Izra\u0113lu un teroristisko grup\u0113jumu \u201cHamas.\u201d<\/p>\n<p style=\"text-align: justify;\">Kataras l\u012bderis nor\u0101d\u012bja, ka, cikt\u0101l tas attiecas uz starptautiskajiem miera uztur\u0113\u0161anas sp\u0113kiem karadardb\u012bbas zon\u0101, ir j\u0101b\u016bt skaidri noteiktam pilnvarojumam. Vi\u0146\u0161 piebilda, ka starptautisko sp\u0113ku lomai j\u0101b\u016bt t\u0101dai, kas pan\u0101k, ka ne palest\u012bnie\u0161i, ne izra\u0113lie\u0161i nerada draudus viens otram. Politi\u0137is sac\u012bja, ka vi\u0146a<\/p>\n<blockquote>\n<p style=\"text-align: center;\">neliel\u0101 valsts uz\u0146\u0113musies konfliktu risin\u0101\u0161anu k\u0101 savu lomu starptautiskajos sakaros.<\/p>\n<\/blockquote>\n<p style=\"text-align: justify;\">\u201cNo m\u016bsu skatu punkta, katrai valstij starptautiskaj\u0101 ar\u0113n\u0101 ir kaut k\u0101d\u0101 veid\u0101 j\u0101sniedz savs ieguld\u012bjums savstarp\u0113j\u0101s attiec\u012bb\u0101s. M\u0113s esam sapratu\u0161i, ka sp\u0113jam veikt sarunas starp konflikt\u0113jo\u0161aj\u0101m pus\u0113m un saprast katras puses b\u0113das,\u201d teica Kataras premjerministrs. Katara, kuras izm\u0113rs ir teju se\u0161as reizes maz\u0101ks nek\u0101 Latvijas teritorija, m\u0113\u0123ina soli pa solim risin\u0101t probl\u0113mjaut\u0101jumus konfliktos.<\/p>\n<p style=\"text-align: justify;\">Tom\u0113r Katara sa\u0146\u0113musi nosod\u012bjumu ne vien par sakariem ar \u201cHamas,\u201d bet ar\u012b ar Ir\u0101nu, kura ir v\u0113l viens karstais punkts Tuvajos Austrumos un izstumt\u0101 pasaules politiskaj\u0101 skatuv\u0113. Kataras politi\u0137is atvair\u012bj\u0101s no kritikas un sac\u012bja, ka Ir\u0101na ir Kataras kaimi\u0146valsts, un ar to tiek dal\u012bts liel\u0101k\u0101s dabas g\u0101zes kr\u0101tuves pasaul\u0113. \u201cIr\u0101na ir da\u013ca no m\u016bsu re\u0123iona, un mums ar vi\u0146iem j\u0101tiek gal\u0101. M\u0113s grib\u0113tu redz\u0113t Ir\u0101nu uzplaukstam un att\u012bst\u0101mies, un, protams, m\u0113s nev\u0113lamies sav\u0101 re\u0123ion\u0101 redz\u0113t bru\u0146o\u0161an\u0101s sacens\u012bbu. M\u0113s negribam redz\u0113t kodolsacens\u012bbas sav\u0101 re\u0123ion\u0101. T\u0101p\u0113c m\u0113s vienm\u0113r esam atbalst\u012bju\u0161i diplom\u0101tiju,\u201d nor\u0101d\u012bja politi\u0137is.<\/p>\n<p style=\"text-align: justify;\">Kataras l\u012bderis noraid\u012bja domu, ka Trampa administr\u0101cija sniedz Katarai dro\u0161\u012bbas garantijas d\u0101vanu d\u0113\u013c. Vi\u0146\u0161 uzsv\u0113ra, ka tie ir divi at\u0161\u0137ir\u012bgi jaut\u0101jumi. Attiec\u012bb\u0101 uz lidma\u0161\u012bnu, ko Katara uzd\u0101vin\u0101ja ASV, un kas tagad kalpo k\u0101 Trampa ofici\u0101lais p\u0101rvieto\u0161an\u0101s l\u012bdzeklis, polit\u0137is sac\u012bja, ka ASV esot Kataras sabiedrot\u0101s, un d\u0101vin\u0101jums vienk\u0101r\u0161i noticis. T\u0101 esot vieno\u0161an\u0101s starp vald\u012bb\u0101m, kas tie\u0161i t\u0101pat notiek daudzu citu vald\u012bbu starp\u0101.<\/p>\n<p style=\"text-align: justify;\"><a href=\"https:\/\/bnn.lv\/tramps-devis-rikojumu-pec-30-gadu-partraukuma-atsakt-kodolizmeginajumus-65425\" target=\"_blank\" rel=\"noopener nofollow\">Lasiet ar\u012b: Tramps devis r\u012bkojumu p\u0113c 30 gadu p\u0101rtraukuma ats\u0101kt kodolizm\u0113\u0123in\u0101jumus<\/a><\/p>\n<p>Seko mums ar\u012b\u00a0<a href=\"https:\/\/www.facebook.com\/bnnlv\" rel=\"nofollow noopener\" target=\"_blank\">Facebook<\/a>,\u00a0<a href=\"https:\/\/www.draugiem.lv\/bnn.lv\/\" rel=\"nofollow noopener\" target=\"_blank\">Draugiem<\/a>\u00a0un\u00a0<a href=\"https:\/\/twitter.com\/home\" rel=\"nofollow noopener\" target=\"_blank\">X<\/a>!<\/p>\n<p><script async src=\"https:\/\/platform.twitter.com\/widgets.js\" charset=\"utf-8\"><\/script><\/p>\n","protected":false},"excerpt":{"rendered":"Kataras premjerministrs, \u0161eihs Muhameds bin Abdulrahmans pazi\u0146ojis, ka, par sp\u012bti regul\u0101rajiem pamiera nosac\u012bjumu p\u0101rk\u0101pumiem, vi\u0146a valsts visiem sp\u0113kiem&hellip;\n","protected":false},"author":2,"featured_media":38560,"comment_status":"","ping_status":"","sticky":false,"template":"","format":"standard","meta":{"footnotes":""},"categories":[14],"tags":[23,57,28,29,32,33,22,30,31,35,39,38,36,37,34,40,20,26,27,24,25,54,55,56,21,58],"class_list":{"0":"post-38559","1":"post","2":"type-post","3":"status-publish","4":"format-standard","5":"has-post-thumbnail","7":"category-zinas-no-arvalstim","8":"tag-aktualitates","9":"tag-arvalstim","10":"tag-breaking-news","11":"tag-breakingnews","12":"tag-featured-news","13":"tag-featurednews","14":"tag-headlines","15":"tag-latest-news","16":"tag-latestnews","17":"tag-latvia","18":"tag-latvian","19":"tag-latviesu","20":"tag-latviesu-valoda","21":"tag-latviesuvaloda","22":"tag-latvija","23":"tag-lv","24":"tag-news","25":"tag-popularakas-zinas","26":"tag-popularakaszinas","27":"tag-top-stories","28":"tag-topstories","29":"tag-world","30":"tag-world-news","31":"tag-worldnews","32":"tag-zinas","33":"tag-zinas-no-arvalstim"},"share_on_mastodon":{"url":"https:\/\/pubeurope.com\/@lv\/115484775086748336","error":""},"_links":{"self":[{"href":"https:\/\/www.europesays.com\/lv\/wp-json\/wp\/v2\/posts\/38559","targetHints":{"allow":["GET"]}}],"collection":[{"href":"https:\/\/www.europesays.com\/lv\/wp-json\/wp\/v2\/posts"}],"about":[{"href":"https:\/\/www.europesays.com\/lv\/wp-json\/wp\/v2\/types\/post"}],"author":[{"embeddable":true,"href":"https:\/\/www.europesays.com\/lv\/wp-json\/wp\/v2\/users\/2"}],"replies":[{"embeddable":true,"href":"https:\/\/www.europesays.com\/lv\/wp-json\/wp\/v2\/comments?post=38559"}],"version-history":[{"count":0,"href":"https:\/\/www.europesays.com\/lv\/wp-json\/wp\/v2\/posts\/38559\/revisions"}],"wp:featuredmedia":[{"embeddable":true,"href":"https:\/\/www.europesays.com\/lv\/wp-json\/wp\/v2\/media\/38560"}],"wp:attachment":[{"href":"https:\/\/www.europesays.com\/lv\/wp-json\/wp\/v2\/media?parent=38559"}],"wp:term":[{"taxonomy":"category","embeddable":true,"href":"https:\/\/www.europesays.com\/lv\/wp-json\/wp\/v2\/categories?post=38559"},{"taxonomy":"post_tag","embeddable":true,"href":"https:\/\/www.europesays.com\/lv\/wp-json\/wp\/v2\/tags?post=38559"}],"curies":[{"name":"wp","href":"https:\/\/api.w.org\/{rel}","templated":true}]}}