{"id":38582,"date":"2025-11-03T08:33:10","date_gmt":"2025-11-03T08:33:10","guid":{"rendered":"https:\/\/www.europesays.com\/lv\/38582\/"},"modified":"2025-11-03T08:33:10","modified_gmt":"2025-11-03T08:33:10","slug":"belgija-virs-militaras-bazes-izdzenati-droni","status":"publish","type":"post","link":"https:\/\/www.europesays.com\/lv\/38582\/","title":{"rendered":"Be\u013c\u0123ij\u0101 virs milit\u0101r\u0101s b\u0101zes izdzen\u0101ti droni"},"content":{"rendered":"<p>Dronus pavad\u012bja policijas helikopteri, ta\u010du tie pazuda zieme\u013cu virzien\u0101 uz N\u012bderlandes pusi.<\/p>\n<p>Iepriek\u0161 Be\u013c\u0123ijas aizsardz\u012bbas ministrs Teo Frankens bija pazi\u0146ojis par dronu nov\u0113ro\u0161anu virs Kleines-Brogeles karab\u0101zes nakt\u012b uz sv\u0113tdienu. Neveiksm\u012bgi tika izmantota sign\u0101la sl\u0101p\u0113\u0161ana, nor\u0101d\u012bja ministrs.<\/p>\n<p>Frankens platform\u0101 &#8220;X&#8221; raksta, ka policijas helikopters un automa\u0161\u012bnas s\u0101ka drona vaj\u0101\u0161anu, &#8220;ta\u010du p\u0113c da\u017eiem kilometriem zieme\u013cu virzien\u0101 to pazaud\u0113ja&#8221;.<\/p>\n<p>Ministrs inform\u0113ja, ka <a href=\"https:\/\/www.tvnet.lv\/term\/576468\/droni\" class=\"topicLink\" target=\"_blank\" rel=\"nofollow noopener\">droni<\/a> biju\u0161i lieli, lidoju\u0161i augstu un tiem bijis nep\u0101rprotams uzdevums izl\u016bkot karab\u0101zi.<\/p>\n<p>S\u0101kta notiku\u0161\u0101 izmekl\u0113\u0161ana.<\/p>\n<p>Ar\u012b oktobr\u012b Be\u013c\u0123ij\u0101 vair\u0101kas reizes virs karab\u0101z\u0113m tika paman\u012bti droni.<\/p>\n<p>Aizsardz\u012bbas ministrs sestdien pazi\u0146oja, ka n\u0101kamned\u0113\u013c vi\u0146\u0161 tiksies ar policiju, lai izanaliz\u0113tu draudus un \u012bstenotu vajadz\u012bgos pas\u0101kumus dronu atra\u0161anai un to operatoru aiztur\u0113\u0161anai.<\/p>\n<p>&#8220;Belga&#8221;, atsaucoties uz anon\u012bmiem avotiem, zi\u0146o, ka sestdien drons nov\u0113rots ar\u012b virs Antverpenes lidostas.<\/p>\n<p>Kleines-Brogeles karab\u0101ze tika izmantota NATO manevros oktobr\u012b, kuros piedal\u012bj\u0101s aptuveni 2000 milit\u0101rpersonu. Saska\u0146\u0101 ar neofici\u0101lu inform\u0101ciju, \u0161\u012b gaisa sp\u0113ku b\u0101ze ir viena no viet\u0101m, kur Eirop\u0101 tiek glab\u0101ti ASV kodoliero\u010di.<\/p>\n","protected":false},"excerpt":{"rendered":"Dronus pavad\u012bja policijas helikopteri, ta\u010du tie pazuda zieme\u013cu virzien\u0101 uz N\u012bderlandes pusi. Iepriek\u0161 Be\u013c\u0123ijas aizsardz\u012bbas ministrs Teo Frankens&hellip;\n","protected":false},"author":2,"featured_media":38583,"comment_status":"","ping_status":"","sticky":false,"template":"","format":"standard","meta":{"footnotes":""},"categories":[14],"tags":[23,57,2532,28,29,75,32,33,22,1571,30,31,35,39,38,36,37,34,40,20,26,27,24,25,54,55,56,21,58],"class_list":{"0":"post-38582","1":"post","2":"type-post","3":"status-publish","4":"format-standard","5":"has-post-thumbnail","7":"category-zinas-no-arvalstim","8":"tag-aktualitates","9":"tag-arvalstim","10":"tag-belgija","11":"tag-breaking-news","12":"tag-breakingnews","13":"tag-droni","14":"tag-featured-news","15":"tag-featurednews","16":"tag-headlines","17":"tag-hibridkars","18":"tag-latest-news","19":"tag-latestnews","20":"tag-latvia","21":"tag-latvian","22":"tag-latviesu","23":"tag-latviesu-valoda","24":"tag-latviesuvaloda","25":"tag-latvija","26":"tag-lv","27":"tag-news","28":"tag-popularakas-zinas","29":"tag-popularakaszinas","30":"tag-top-stories","31":"tag-topstories","32":"tag-world","33":"tag-world-news","34":"tag-worldnews","35":"tag-zinas","36":"tag-zinas-no-arvalstim"},"share_on_mastodon":{"url":"https:\/\/pubeurope.com\/@lv\/115484845938689973","error":""},"_links":{"self":[{"href":"https:\/\/www.europesays.com\/lv\/wp-json\/wp\/v2\/posts\/38582","targetHints":{"allow":["GET"]}}],"collection":[{"href":"https:\/\/www.europesays.com\/lv\/wp-json\/wp\/v2\/posts"}],"about":[{"href":"https:\/\/www.europesays.com\/lv\/wp-json\/wp\/v2\/types\/post"}],"author":[{"embeddable":true,"href":"https:\/\/www.europesays.com\/lv\/wp-json\/wp\/v2\/users\/2"}],"replies":[{"embeddable":true,"href":"https:\/\/www.europesays.com\/lv\/wp-json\/wp\/v2\/comments?post=38582"}],"version-history":[{"count":0,"href":"https:\/\/www.europesays.com\/lv\/wp-json\/wp\/v2\/posts\/38582\/revisions"}],"wp:featuredmedia":[{"embeddable":true,"href":"https:\/\/www.europesays.com\/lv\/wp-json\/wp\/v2\/media\/38583"}],"wp:attachment":[{"href":"https:\/\/www.europesays.com\/lv\/wp-json\/wp\/v2\/media?parent=38582"}],"wp:term":[{"taxonomy":"category","embeddable":true,"href":"https:\/\/www.europesays.com\/lv\/wp-json\/wp\/v2\/categories?post=38582"},{"taxonomy":"post_tag","embeddable":true,"href":"https:\/\/www.europesays.com\/lv\/wp-json\/wp\/v2\/tags?post=38582"}],"curies":[{"name":"wp","href":"https:\/\/api.w.org\/{rel}","templated":true}]}}