{"id":38584,"date":"2025-11-03T08:34:14","date_gmt":"2025-11-03T08:34:14","guid":{"rendered":"https:\/\/www.europesays.com\/lv\/38584\/"},"modified":"2025-11-03T08:34:14","modified_gmt":"2025-11-03T08:34:14","slug":"jelgavas-iedzivotaju-foruma-diskute-par-kopienu-sadarbibu","status":"publish","type":"post","link":"https:\/\/www.europesays.com\/lv\/38584\/","title":{"rendered":"Jelgavas iedz\u012bvot\u0101ju forum\u0101 diskut\u0113 par kopienu sadarb\u012bbu"},"content":{"rendered":"<p>Kl\u0101teso\u0161ie apguva nepiecie\u0161am\u0101s prasmes kopienu stiprin\u0101\u0161an\u0101, uzzin\u0101ja par aktualit\u0101t\u0113m dro\u0161\u012bbas jom\u0101, k\u0101 ar\u012b iepazina akt\u012bv\u0101s biedr\u012bbas un iedz\u012bvot\u0101jus. Jelgavas Digit\u0101l\u0101 centra vad\u012bt\u0101ja Ilze \u0100boli\u0146a inform\u0113ja par iedz\u012bvot\u0101ju dro\u0161\u012bbu \u2013 katra cilv\u0113ka iesaisti un atbild\u012bbu civilaj\u0101 aizsardz\u012bb\u0101. Biedr\u012bbas \u201cLatvijas platforma att\u012bst\u012bbas sadarb\u012bbai\u201d direktore Inese Vaivare iepaz\u012bstin\u0101ja ar kopienu dro\u0161\u012bbu \u2013 sadarb\u012bbu un notur\u012bbu kr\u012bz\u0113s.<\/p>\n<p>Pas\u0101kuma laik\u0101 norit\u0113ja ar\u012b pane\u013cdiskusija par apkaimju dro\u0161\u012bbu ar R\u012bgas Apkaimju alianses un Jelgavas apkaimju \u2013 biedr\u012bbas \u201cJelgavas att\u012bst\u012bbai\u201d, \u201cJelgavas l\u012bnijas\u201d, biedr\u012bbas \u201cViska\u013ci\u201d un namu apsaimnieko\u0161anas biedr\u012bbas \u201cP\u0113rnavas 18 att\u012bst\u012bbai\u201d \u2013 p\u0101rst\u0101vju dal\u012bbu.<\/p>\n<p><a href=\"https:\/\/www.europesays.com\/lv\/wp-content\/uploads\/2025\/11\/9cdb2c2f-2f34-4b3a-ae8a-cf0770f932d6.jpg\"><img fetchpriority=\"high\" decoding=\"async\" class=\"aligncenter wp-image-276287 size-full\" src=\"https:\/\/www.europesays.com\/lv\/wp-content\/uploads\/2025\/11\/9cdb2c2f-2f34-4b3a-ae8a-cf0770f932d6.jpg\" alt=\"\" width=\"2048\" height=\"1536\"\/><\/a><\/p>\n<p>Foruma otraj\u0101 da\u013c\u0101 kl\u0101teso\u0161ie turpin\u0101ja darbu grup\u0101s \u201cIesp\u0113jas un atbalsts iedz\u012bvot\u0101ju iesaistei\u201d, diskut\u0113jot par noteikt\u0101m t\u0113m\u0101m un pied\u0101v\u0101jot da\u017e\u0101das idejas situ\u0101cijas uzlabo\u0161anai. Piem\u0113ram, run\u0101jot par institucion\u0101lo sadarb\u012bbu un NVO l\u012bdzdal\u012bbas iesp\u0113j\u0101m kr\u012bzes situ\u0101cij\u0101s, kl\u0101teso\u0161ie aicin\u0101ja organiz\u0113t regul\u0101ras apkaimju biedr\u012bbu kl\u0101tienes tik\u0161an\u0101s, inform\u0113jot iedz\u012bvot\u0101jus par aktualit\u0101t\u0113m, k\u0101 ar\u012b mudinot iedz\u012bvot\u0101jus akt\u012bv\u0101k iesaist\u012bties NVO. T\u0101pat izskan\u0113ja ieteikums kr\u012bzes situ\u0101cij\u0101s k\u0101 pal\u012bgus vair\u0101k izmantot br\u012bvpr\u0101t\u012bgos.<\/p>\n<p>\u00a0<\/p>\n<p><a href=\"https:\/\/www.europesays.com\/lv\/wp-content\/uploads\/2025\/11\/IMG_68702.jpg\"><img loading=\"lazy\" decoding=\"async\" class=\"aligncenter wp-image-276288 size-full\" src=\"https:\/\/www.europesays.com\/lv\/wp-content\/uploads\/2025\/11\/IMG_68702.jpg\" alt=\"\" width=\"1834\" height=\"1222\"\/><\/a><\/p>\n<p>Savuk\u0101rt, diskut\u0113jot par vides pieejam\u012bbu, dal\u012bbnieki aicin\u0101ja sak\u0101rtot civil\u0101s aizsardz\u012bbas infrastrukt\u016bru \u2013 eso\u0161\u0101s patvertnes, padom\u0101jot par t\u0101m ne tikai pils\u0113tas centr\u0101, bet ar\u012b apkaim\u0113s, k\u0101 ar\u012b noteikt koordinatorus, kuri b\u016btu par t\u0101m atbild\u012bgi. T\u0101pat tika ieteikts p\u0101rskat\u012bt sabiedrisk\u0101 transporta mar\u0161rutu un laikus, k\u0101 ar\u012b sak\u0101rtot ielu apgaismojumu. Vienlaikus visus probl\u0113mjaut\u0101jumus kl\u0101teso\u0161ie rosin\u0101ja apkopot vien\u0101 sarakst\u0101, izvirzot priorit\u0101ri risin\u0101mos.<\/p>\n<p>Darba grupu dal\u012bbnieki aicin\u0101ja p\u0113c iesp\u0113jas vienk\u0101r\u0161ot projektu pieteik\u0161anas procesu. Savuk\u0101rt, lai uzlabotu sadarb\u012bbu vienam ar otru, rosin\u0101ja organiz\u0113t da\u017e\u0101dus sv\u0113tkus, piem\u0113ram, dz\u012bvojam\u0101s m\u0101jas vai pagalma sv\u0113tkus.<\/p>\n<p>Attiec\u012bb\u0101 uz komunik\u0101ciju un sabiedr\u012bbas inform\u0113\u0161anu, kl\u0101teso\u0161i ieteica veidot da\u017e\u0101dus speci\u0101lizlaidumus par noteikt\u0101m t\u0113m\u0101m, piem\u0113ram, civil\u0101s aizsardz\u012bbas, apsaimnieko\u0161anas un citiem jaut\u0101jumiem, reizi m\u0113nes\u012b t\u012bmek\u013cvietn\u0113 vai informat\u012bvaj\u0101 izdevum\u0101 \u201cJelgavas V\u0113stnesis\u201d public\u0113t atbildes uz iedz\u012bvot\u0101ju jaut\u0101jumiem, vair\u0101k populariz\u0113t bezmaksas operat\u012bvo t\u0101lruni 8787 un probl\u0113mu pieteik\u0161anas karti \u2013 karte.jelgava.lv.<\/p>\n<p>Forumu organiz\u0113ja Jelgavas pa\u0161vald\u012bba, Zemgales NVO centrs un Jelgavas Sabiedriskais centrs ar Eiropas Savien\u012bbas l\u012bdzfinans\u0113jumu, \u012bstenojot ESF+ projektu 4.3.4.9.\/1\/25\/I\/001 \u201cSabiedr\u012bbas notur\u012bbsp\u0113jas stiprin\u0101\u0161ana un kopienu pa\u0161organiz\u0113\u0161an\u0101s veicin\u0101\u0161ana\u201d.<\/p>\n<p>\u00a0<\/p>\n","protected":false},"excerpt":{"rendered":"Kl\u0101teso\u0161ie apguva nepiecie\u0161am\u0101s prasmes kopienu stiprin\u0101\u0161an\u0101, uzzin\u0101ja par aktualit\u0101t\u0113m dro\u0161\u012bbas jom\u0101, k\u0101 ar\u012b iepazina akt\u012bv\u0101s biedr\u012bbas un iedz\u012bvot\u0101jus.&hellip;\n","protected":false},"author":2,"featured_media":38585,"comment_status":"","ping_status":"","sticky":false,"template":"","format":"standard","meta":{"footnotes":""},"categories":[12],"tags":[23,28,29,32,33,22,30,31,35,39,38,36,37,34,40,20,26,27,24,25,21],"class_list":{"0":"post-38584","1":"post","2":"type-post","3":"status-publish","4":"format-standard","5":"has-post-thumbnail","7":"category-latvija","8":"tag-aktualitates","9":"tag-breaking-news","10":"tag-breakingnews","11":"tag-featured-news","12":"tag-featurednews","13":"tag-headlines","14":"tag-latest-news","15":"tag-latestnews","16":"tag-latvia","17":"tag-latvian","18":"tag-latviesu","19":"tag-latviesu-valoda","20":"tag-latviesuvaloda","21":"tag-latvija","22":"tag-lv","23":"tag-news","24":"tag-popularakas-zinas","25":"tag-popularakaszinas","26":"tag-top-stories","27":"tag-topstories","28":"tag-zinas"},"share_on_mastodon":{"url":"https:\/\/pubeurope.com\/@lv\/115484849895305453","error":""},"_links":{"self":[{"href":"https:\/\/www.europesays.com\/lv\/wp-json\/wp\/v2\/posts\/38584","targetHints":{"allow":["GET"]}}],"collection":[{"href":"https:\/\/www.europesays.com\/lv\/wp-json\/wp\/v2\/posts"}],"about":[{"href":"https:\/\/www.europesays.com\/lv\/wp-json\/wp\/v2\/types\/post"}],"author":[{"embeddable":true,"href":"https:\/\/www.europesays.com\/lv\/wp-json\/wp\/v2\/users\/2"}],"replies":[{"embeddable":true,"href":"https:\/\/www.europesays.com\/lv\/wp-json\/wp\/v2\/comments?post=38584"}],"version-history":[{"count":0,"href":"https:\/\/www.europesays.com\/lv\/wp-json\/wp\/v2\/posts\/38584\/revisions"}],"wp:featuredmedia":[{"embeddable":true,"href":"https:\/\/www.europesays.com\/lv\/wp-json\/wp\/v2\/media\/38585"}],"wp:attachment":[{"href":"https:\/\/www.europesays.com\/lv\/wp-json\/wp\/v2\/media?parent=38584"}],"wp:term":[{"taxonomy":"category","embeddable":true,"href":"https:\/\/www.europesays.com\/lv\/wp-json\/wp\/v2\/categories?post=38584"},{"taxonomy":"post_tag","embeddable":true,"href":"https:\/\/www.europesays.com\/lv\/wp-json\/wp\/v2\/tags?post=38584"}],"curies":[{"name":"wp","href":"https:\/\/api.w.org\/{rel}","templated":true}]}}