{"id":38590,"date":"2025-11-03T08:42:22","date_gmt":"2025-11-03T08:42:22","guid":{"rendered":"https:\/\/www.europesays.com\/lv\/38590\/"},"modified":"2025-11-03T08:42:22","modified_gmt":"2025-11-03T08:42:22","slug":"viens-no-spozakajiem-un-iespaidigakajiem-saja-gada","status":"publish","type":"post","link":"https:\/\/www.europesays.com\/lv\/38590\/","title":{"rendered":"viens no spo\u017e\u0101kajiem un iespaid\u012bg\u0101kajiem \u0161aj\u0101 gad\u0101"},"content":{"rendered":"<p>        <img loading=\"lazy\" decoding=\"async\" class=\"lazy lazy-hidden size-full wp-image-217146\" src=\"data:image\/gif;base64,R0lGODlhAQABAIAAAAAAAP\/\/\/yH5BAEAAAAALAAAAAABAAEAAAIBRAA7\" data-lazy-type=\"image\" data-lazy-src=\"https:\/\/www.europesays.com\/lv\/wp-content\/uploads\/2025\/11\/FotoJet-2025-11-01T200607.206.jpg\" alt=\"\" width=\"818\" height=\"536\" data-lazy- data-lazy-\/>Foto \u2013 Pexels<\/p>\n<p>5. novembra vakar\u0101 vis\u0101 pasaul\u0113 un ar\u012b Latvij\u0101 pie debes\u012bm uzl\u0113ks \u012bpa\u0161i spo\u017es un iespaid\u012bgs pilnm\u0113ness, kam dots interesants nosaukums \u2013 Super \u201cBebru\u201d M\u0113ness.<\/p>\n<p>Tas b\u016bs p\u0113d\u0113jais rudens pilnm\u0113ness, turkl\u0101t viens no liel\u0101kajiem un spo\u017e\u0101kajiem \u0161aj\u0101 gad\u0101. Kad M\u0113ness celsies zemu virs austrumu horizonta, t\u0101 silti zeltain\u0101 gaisma izgaismos laukus, upes un me\u017eus, radot patiesi ma\u0123isku rudens nakts noska\u0146u.<\/p>\n<p>Nosaukums \u201cBebru\u201d M\u0113ness n\u0101cis no seno Zieme\u013camerikas tautu nov\u0113rojumiem. Jo tie\u0161i \u0161aj\u0101 laik\u0101 bebri s\u0101k akt\u012bvi gatavoties ziemai \u2013 kr\u0101j p\u0101rtiku un pabeidz savas m\u0101jas. L\u012bdz\u012bgi k\u0101 dab\u0101, t\u0101 ar\u012b cilv\u0113kiem \u0161is ir laiks, kad vajag \u201cievilkt elpu\u201d un s\u0101kt gatavoties mier\u012bgajiem ziemas vakariem, jo dienas k\u013c\u016bst \u012bs\u0101kas, bet vakari \u2013 gar\u0101ki.<\/p>\n<p>Da\u017eu tautu tic\u0113jumos \u0161o Pilnm\u0113nesi m\u0113dz saukt ar\u012b par \u201cSalu\u201d Super M\u0113nesi, jo tas ir laiks, kad parasti s\u0101k iest\u0101ties pirmie notur\u012bgie sali.<\/p>\n<p><img loading=\"lazy\" decoding=\"async\" class=\"lazy lazy-hidden size-full wp-image-217148\" src=\"data:image\/gif;base64,R0lGODlhAQABAIAAAAAAAP\/\/\/yH5BAEAAAAALAAAAAABAAEAAAIBRAA7\" data-lazy-type=\"image\" data-lazy-src=\"https:\/\/www.europesays.com\/lv\/wp-content\/uploads\/2025\/11\/Ekranuznemums-2025-11-01-200144.jpg\" alt=\"\" width=\"818\" height=\"525\" data-lazy- data-lazy-\/>Foto \u2013 Pexels<\/p>\n<p>Latvij\u0101 Super \u201cBebru\u201d M\u0113ness b\u016bs redzams vis\u0101 valst\u012b, ja vien tam netrauc\u0113s m\u0101ko\u0146i.<br \/>Lab\u0101kais br\u012bdis nov\u0113ro\u0161anai b\u016bs aptuveni stundu p\u0113c saulrieta, skatoties austrumu\u2013dienvidaustrumu virzien\u0101.<\/p>\n<blockquote class=\"wp-embedded-content\" data-secret=\"VC3IKU8uNf\">\n<p><a href=\"https:\/\/dzentlmenis.lv\/basketbolista-kristapa-porzinga-bijusi-draudzene-laura-vizla-atklaj-vai-vinai-ir-jaunas-attiecibas-video\/217181\/\" rel=\"nofollow noopener\" target=\"_blank\">Basketbolista Kristapa Porzi\u0146\u0123a bijus\u012b draudzene Laura Vizla atkl\u0101j, vai vi\u0146ai ir jaunas attiec\u012bbas (+ VIDEO)<\/a><\/p>\n<\/blockquote>\n<p><img decoding=\"async\" src=\"data:image\/gif;base64,R0lGODlhAQABAIAAAAAAAP\/\/\/yH5BAEAAAAALAAAAAABAAEAAAIBRAA7\" class=\"lazy lazy-hidden\" data-lazy-type=\"iframe\" data-lazy-src=\"&lt;iframe loading=&quot;lazy&quot; class=&quot;wp-embedded-content&quot; sandbox=&quot;allow-scripts&quot; security=&quot;restricted&quot; style=&quot;position: absolute; visibility: hidden;&quot; title=&quot;\u201cBasketbolista Kristapa Porzi\u0146\u0123a bijus\u012b draudzene Laura Vizla atkl\u0101j, vai vi\u0146ai ir jaunas attiec\u012bbas (+ VIDEO)\u201d \u2014 D\u017eentlmenis.lv&quot; src=&quot;https:\/\/dzentlmenis.lv\/basketbolista-kristapa-porzinga-bijusi-draudzene-laura-vizla-atklaj-vai-vinai-ir-jaunas-attiecibas-video\/217181\/embed\/#?secret=v5tSQgI29L#?secret=VC3IKU8uNf&quot; data-secret=&quot;VC3IKU8uNf&quot; width=&quot;600&quot; height=&quot;338&quot; frameborder=&quot;0&quot; marginwidth=&quot;0&quot; marginheight=&quot;0&quot; scrolling=&quot;no&quot;&gt;&lt;\/iframe&gt;\" alt=\"\"\/><\/p>\n<p>\n&#13;<br \/>\n&#13;<br \/>\n&#13;<br \/>\n&#13;<br \/>\nVIDEO: &#13;<br \/>\n &#13;<\/p>\n<p>Lasi v\u0113l:\u00a0<a style=\"color: #ff0000;\" href=\"https:\/\/dzentlmenis.lv\/laci-no-cukas-vairs-neatskir-piektdien-ogres-novada-manits-brunais-lacis-tomer-si-tiksanas-beigusies-nelagi\/217100\/\" target=\"_blank\" rel=\"noopener nofollow\">\u201cL\u0101ci no c\u016bkas vairs neat\u0161\u0137ir!\u201d: piektdien Ogres novad\u0101 man\u012bts br\u016bnais l\u0101cis, tom\u0113r \u0161\u012b \u201ctik\u0161an\u0101s\u201d beigusies nel\u0101gi<\/a><\/p>\n<p>Tie\u0161i tad M\u0113ness b\u016bs visliel\u0101kais un sav\u0101 visskaist\u0101kaj\u0101 ton\u012b, kas b\u016bs dzelten\u012bgi silts un tas atrad\u012bsies tuvu horizonta l\u012bnijai \u2014 \u0161is ir \u012bstais br\u012bdis, lai to v\u0113rotu un varb\u016bt iem\u016b\u017ein\u0101tu k\u0101d\u0101s skaist\u0101s fotogr\u0101fij\u0101s.<\/p>\n<p><img loading=\"lazy\" decoding=\"async\" class=\"lazy lazy-hidden size-full wp-image-210125\" src=\"data:image\/gif;base64,R0lGODlhAQABAIAAAAAAAP\/\/\/yH5BAEAAAAALAAAAAABAAEAAAIBRAA7\" data-lazy-type=\"image\" data-lazy-src=\"https:\/\/www.europesays.com\/lv\/wp-content\/uploads\/2025\/11\/pexels-brett-sayles-3910141.jpg\" alt=\"\" width=\"818\" height=\"544\" data-lazy- data-lazy-\/>Foto \u2013 Pexels<\/p>\n<p>To sauc ar\u012b par Superm\u0113nesi un tas noz\u012bm\u0113, ka M\u0113ness \u0161aj\u0101 laik\u0101 atrodas tuv\u0101k Zemei nek\u0101 parasti, t\u0101p\u0113c tas \u0161\u0137iet liel\u0101ks, spo\u017e\u0101ks un iespaid\u012bg\u0101ks. Debes\u012bs tas sp\u012bd\u0113s spilgti zeltain\u0101 gaism\u0101, kas pamaz\u0101m p\u0101ries aukst\u0101, sudrabain\u0101 ton\u012b \u012bsi pirms pusnakts.<\/p>\n<blockquote class=\"wp-embedded-content\" data-secret=\"MCCUvDCopL\">\n<p><a href=\"https:\/\/dzentlmenis.lv\/dabas-zimju-verotajs-vilis-bukss-nosauc-dienu-kad-latvija-bus-10-gradi-un-pirmais-noturigais-sniegs\/217229\/\" rel=\"nofollow noopener\" target=\"_blank\">Dabas z\u012bmju v\u0113rot\u0101js Vilis Buk\u0161s nosauc dienu, kad Latvij\u0101 b\u016bs -10 gr\u0101di un pirmais notur\u012bgais sniegs<\/a><\/p>\n<\/blockquote>\n<p><img decoding=\"async\" src=\"data:image\/gif;base64,R0lGODlhAQABAIAAAAAAAP\/\/\/yH5BAEAAAAALAAAAAABAAEAAAIBRAA7\" class=\"lazy lazy-hidden\" data-lazy-type=\"iframe\" data-lazy-src=\"&lt;iframe loading=&quot;lazy&quot; class=&quot;wp-embedded-content&quot; sandbox=&quot;allow-scripts&quot; security=&quot;restricted&quot; style=&quot;position: absolute; visibility: hidden;&quot; title=&quot;\u201cDabas z\u012bmju v\u0113rot\u0101js Vilis Buk\u0161s nosauc dienu, kad Latvij\u0101 b\u016bs -10 gr\u0101di un pirmais notur\u012bgais sniegs\u201d \u2014 D\u017eentlmenis.lv&quot; src=&quot;https:\/\/dzentlmenis.lv\/dabas-zimju-verotajs-vilis-bukss-nosauc-dienu-kad-latvija-bus-10-gradi-un-pirmais-noturigais-sniegs\/217229\/embed\/#?secret=HDYlRNq8uT#?secret=MCCUvDCopL&quot; data-secret=&quot;MCCUvDCopL&quot; width=&quot;600&quot; height=&quot;338&quot; frameborder=&quot;0&quot; marginwidth=&quot;0&quot; marginheight=&quot;0&quot; scrolling=&quot;no&quot;&gt;&lt;\/iframe&gt;\" alt=\"\"\/><\/p>\n<p>T\u0101p\u0113c, ja v\u0113lies to v\u0113rot netradicion\u0101li siltaj\u0101, dzelten\u012bgaj\u0101 kr\u0101s\u0101, mekl\u0113 to debes\u012bs aptuveni stundu p\u0113c saulrieta, kas ir plkst. 16:37 \u2013 t\u0101tad, Latvij\u0101 skaistais m\u0113ness debes\u012bs var b\u016bt redzams ap pulksten 17:37.<\/p>\n<p>\u00a0<\/p>\n","protected":false},"excerpt":{"rendered":"Foto \u2013 Pexels 5. novembra vakar\u0101 vis\u0101 pasaul\u0113 un ar\u012b Latvij\u0101 pie debes\u012bm uzl\u0113ks \u012bpa\u0161i spo\u017es un iespaid\u012bgs&hellip;\n","protected":false},"author":2,"featured_media":38591,"comment_status":"","ping_status":"","sticky":false,"template":"","format":"standard","meta":{"footnotes":""},"categories":[19],"tags":[11251,89,90,35,39,38,36,37,34,40,11252,11253],"class_list":{"0":"post-38590","1":"post","2":"type-post","3":"status-publish","4":"format-standard","5":"has-post-thumbnail","7":"category-izklaide","8":"tag-bebru-meness","9":"tag-entertainment","10":"tag-izklaide","11":"tag-latvia","12":"tag-latvian","13":"tag-latviesu","14":"tag-latviesu-valoda","15":"tag-latviesuvaloda","16":"tag-latvija","17":"tag-lv","18":"tag-reta-dabas-paradiba","19":"tag-supermeness"},"share_on_mastodon":{"url":"https:\/\/pubeurope.com\/@lv\/115484881255031489","error":""},"_links":{"self":[{"href":"https:\/\/www.europesays.com\/lv\/wp-json\/wp\/v2\/posts\/38590","targetHints":{"allow":["GET"]}}],"collection":[{"href":"https:\/\/www.europesays.com\/lv\/wp-json\/wp\/v2\/posts"}],"about":[{"href":"https:\/\/www.europesays.com\/lv\/wp-json\/wp\/v2\/types\/post"}],"author":[{"embeddable":true,"href":"https:\/\/www.europesays.com\/lv\/wp-json\/wp\/v2\/users\/2"}],"replies":[{"embeddable":true,"href":"https:\/\/www.europesays.com\/lv\/wp-json\/wp\/v2\/comments?post=38590"}],"version-history":[{"count":0,"href":"https:\/\/www.europesays.com\/lv\/wp-json\/wp\/v2\/posts\/38590\/revisions"}],"wp:featuredmedia":[{"embeddable":true,"href":"https:\/\/www.europesays.com\/lv\/wp-json\/wp\/v2\/media\/38591"}],"wp:attachment":[{"href":"https:\/\/www.europesays.com\/lv\/wp-json\/wp\/v2\/media?parent=38590"}],"wp:term":[{"taxonomy":"category","embeddable":true,"href":"https:\/\/www.europesays.com\/lv\/wp-json\/wp\/v2\/categories?post=38590"},{"taxonomy":"post_tag","embeddable":true,"href":"https:\/\/www.europesays.com\/lv\/wp-json\/wp\/v2\/tags?post=38590"}],"curies":[{"name":"wp","href":"https:\/\/api.w.org\/{rel}","templated":true}]}}