{"id":38594,"date":"2025-11-03T08:47:13","date_gmt":"2025-11-03T08:47:13","guid":{"rendered":"https:\/\/www.europesays.com\/lv\/38594\/"},"modified":"2025-11-03T08:47:13","modified_gmt":"2025-11-03T08:47:13","slug":"vai-es-atteikusies-no-klimata-merkiem","status":"publish","type":"post","link":"https:\/\/www.europesays.com\/lv\/38594\/","title":{"rendered":"Vai ES atteikusies no klimata m\u0113r\u0137iem?"},"content":{"rendered":"<p>                                <img decoding=\"async\" src=\"https:\/\/www.europesays.com\/lv\/wp-content\/uploads\/2025\/11\/202511030811216908478979bc0.jpg.jpeg\" alt=\"Ekr\u0101nkopija no ARTE video.\" class=\"w-full\"\/><\/p>\n<p class=\"caption mt-3 mb-6 font-serif\">\n                                                                                                Ekr\u0101nkopija no ARTE video.                             <\/p>\n<p class=\"abstract not-prose pt-[0.25rem] md:pt-[0.5rem] md:pb-[0.75rem]\">\n                            Tie\u0161i pirms Pasaules klimata konferences COP30 Braz\u012blij\u0101 ES dal\u012bbvalstis v\u0113l str\u012bdas par klimata m\u0113r\u0137iem.\n                        <\/p>\n<p>L\u012bdz \u0161im ES starptautiskaj\u0101s sarun\u0101s tika uzskat\u012bta par ambiciozu klimata m\u0113r\u0137u virz\u012bt\u0101jsp\u0113ku. Ta\u010du tagad, desmit gadus p\u0113c Par\u012bzes nol\u012bguma nosl\u0113g\u0161anas, t\u0101 ir sadal\u012bjusies &#8211; vair\u0101kas dal\u012bbvalstis ap\u0161auba Za\u013c\u0101 kursa sasniegumus vai prasa liel\u0101ku \u201celast\u012bbu\u201d.<\/p>\n<p style=\"margin-left:0px;\">\u0160o ikned\u0113\u013cas raid\u012bjumu veido Eiropas sabiedrisk\u0101 raidorganiz\u0101cija ARTE. Tas tiek public\u0113ts devi\u0146\u0101s valod\u0101s, pateicoties sadarb\u012bbai ar El Pa\u00eds (Sp\u0101nija), Gazeta Wyborcza (Polija), Internazionale (It\u0101lija), Kathimerini (Grie\u0137ija), Le Soir(Be\u013c\u0123ija), Telex (Ung\u0101rija) un Ir (Latvija).\u00a0<\/p>\n<p style=\"margin-left:0px;\">Projektu finans\u0113 Eiropas Savien\u012bba no European Media Platforms l\u012bdzek\u013ciem.<\/p>\n<p>\n                                                                                                    Rekl\u0101ma\n                                                                                            <\/p>\n<p>\n                                                                                                    Rekl\u0101ma\n                                                                                            <\/p>\n","protected":false},"excerpt":{"rendered":"Ekr\u0101nkopija no ARTE video. Tie\u0161i pirms Pasaules klimata konferences COP30 Braz\u012blij\u0101 ES dal\u012bbvalstis v\u0113l str\u012bdas par klimata m\u0113r\u0137iem.&hellip;\n","protected":false},"author":2,"featured_media":38595,"comment_status":"","ping_status":"","sticky":false,"template":"","format":"standard","meta":{"footnotes":""},"categories":[5],"tags":[23,28,29,32,33,22,30,31,35,39,38,36,37,34,40,20,26,27,24,25,21],"class_list":{"0":"post-38594","1":"post","2":"type-post","3":"status-publish","4":"format-standard","5":"has-post-thumbnail","7":"category-aktualitates","8":"tag-aktualitates","9":"tag-breaking-news","10":"tag-breakingnews","11":"tag-featured-news","12":"tag-featurednews","13":"tag-headlines","14":"tag-latest-news","15":"tag-latestnews","16":"tag-latvia","17":"tag-latvian","18":"tag-latviesu","19":"tag-latviesu-valoda","20":"tag-latviesuvaloda","21":"tag-latvija","22":"tag-lv","23":"tag-news","24":"tag-popularakas-zinas","25":"tag-popularakaszinas","26":"tag-top-stories","27":"tag-topstories","28":"tag-zinas"},"share_on_mastodon":{"url":"https:\/\/pubeurope.com\/@lv\/115484900983413075","error":""},"_links":{"self":[{"href":"https:\/\/www.europesays.com\/lv\/wp-json\/wp\/v2\/posts\/38594","targetHints":{"allow":["GET"]}}],"collection":[{"href":"https:\/\/www.europesays.com\/lv\/wp-json\/wp\/v2\/posts"}],"about":[{"href":"https:\/\/www.europesays.com\/lv\/wp-json\/wp\/v2\/types\/post"}],"author":[{"embeddable":true,"href":"https:\/\/www.europesays.com\/lv\/wp-json\/wp\/v2\/users\/2"}],"replies":[{"embeddable":true,"href":"https:\/\/www.europesays.com\/lv\/wp-json\/wp\/v2\/comments?post=38594"}],"version-history":[{"count":0,"href":"https:\/\/www.europesays.com\/lv\/wp-json\/wp\/v2\/posts\/38594\/revisions"}],"wp:featuredmedia":[{"embeddable":true,"href":"https:\/\/www.europesays.com\/lv\/wp-json\/wp\/v2\/media\/38595"}],"wp:attachment":[{"href":"https:\/\/www.europesays.com\/lv\/wp-json\/wp\/v2\/media?parent=38594"}],"wp:term":[{"taxonomy":"category","embeddable":true,"href":"https:\/\/www.europesays.com\/lv\/wp-json\/wp\/v2\/categories?post=38594"},{"taxonomy":"post_tag","embeddable":true,"href":"https:\/\/www.europesays.com\/lv\/wp-json\/wp\/v2\/tags?post=38594"}],"curies":[{"name":"wp","href":"https:\/\/api.w.org\/{rel}","templated":true}]}}