{"id":38617,"date":"2025-11-03T09:21:10","date_gmt":"2025-11-03T09:21:10","guid":{"rendered":"https:\/\/www.europesays.com\/lv\/38617\/"},"modified":"2025-11-03T09:21:10","modified_gmt":"2025-11-03T09:21:10","slug":"igaunija-pie-krievijas-robezas-atrasta-250-kilogramus-smaga-aviobumba-santa","status":"publish","type":"post","link":"https:\/\/www.europesays.com\/lv\/38617\/","title":{"rendered":"Igaunij\u0101 pie Krievijas robe\u017eas atrasta 250 kilogramus smaga aviobumba \u2014 Santa"},"content":{"rendered":"<p>Igaunijas gl\u0101b\u0161anas dienests zi\u0146o, ka sv\u0113tdienas r\u012bt\u0101 ap plkst. 8.30 par atradumu atbild\u012bgajiem dienestiem inform\u0113ja k\u0101ds viet\u0113jais iedz\u012bvot\u0101js. V\u012brietis pastaig\u0101joties viet\u0113j\u0101 me\u017e\u0101, atkl\u0101ja lielu met\u0101la priek\u0161metu, kas vizu\u0101li atg\u0101din\u0101ja bumbu.<\/p>\n<p>V\u0113l\u0101k speci\u0101listi apstiprin\u0101ja, ka t\u0101 patie\u0161\u0101m ir 250 kilogramus smaga avi\u0101cijas bumba. Iedz\u012bvot\u0101ji tika br\u012bdin\u0101ti par atm\u012bn\u0113t\u0101ju darbu notikuma viet\u0101 un tika uzs\u0101kta bumbas utiliz\u0101cija. Tom\u0113r mun\u012bcijas izcelsme un veids pagaid\u0101m netiek atkl\u0101ts.<\/p>\n<p>\u00a0<\/p>\n<p>        <a href=\"https:\/\/www.europesays.com\/lv\/wp-content\/uploads\/2025\/11\/c8432d194878.jpg\"><img decoding=\"async\" alt=\"\" class=\"no-convert\" src=\"https:\/\/www.europesays.com\/lv\/wp-content\/uploads\/2025\/11\/c8432d194878.jpg\"\/><\/a><\/p>\n<p> Foto: Kadrs no video<\/p>\n<p>\u00a0<\/p>\n<p>Sv\u0113tdienas vakar\u0101 tika zi\u0146ots par k\u0101rt\u0113jo Krievijas provok\u0101ciju Igaunij\u0101. \u0160oreiz NATO gaisa telpa netika p\u0101rk\u0101pta, ta\u010du agresorvalsts provokat\u012bvie nodomi bija ac\u012bmredzami. K\u0101 zi\u0146oja Igaunijas \u0100rlietu ministrija, sv\u0113tdien krievi palaida Narvas up\u0113 robe\u017eapsardzes ku\u0123i ar Vagnera kaujinieku grup\u0113juma karogu.<\/p>\n<p>\u00a0<\/p>\n","protected":false},"excerpt":{"rendered":"Igaunijas gl\u0101b\u0161anas dienests zi\u0146o, ka sv\u0113tdienas r\u012bt\u0101 ap plkst. 8.30 par atradumu atbild\u012bgajiem dienestiem inform\u0113ja k\u0101ds viet\u0113jais iedz\u012bvot\u0101js.&hellip;\n","protected":false},"author":2,"featured_media":38618,"comment_status":"","ping_status":"","sticky":false,"template":"","format":"standard","meta":{"footnotes":""},"categories":[14],"tags":[23,57,28,29,32,33,22,30,31,35,39,38,36,37,34,40,20,26,27,24,25,54,55,56,21,58],"class_list":{"0":"post-38617","1":"post","2":"type-post","3":"status-publish","4":"format-standard","5":"has-post-thumbnail","7":"category-zinas-no-arvalstim","8":"tag-aktualitates","9":"tag-arvalstim","10":"tag-breaking-news","11":"tag-breakingnews","12":"tag-featured-news","13":"tag-featurednews","14":"tag-headlines","15":"tag-latest-news","16":"tag-latestnews","17":"tag-latvia","18":"tag-latvian","19":"tag-latviesu","20":"tag-latviesu-valoda","21":"tag-latviesuvaloda","22":"tag-latvija","23":"tag-lv","24":"tag-news","25":"tag-popularakas-zinas","26":"tag-popularakaszinas","27":"tag-top-stories","28":"tag-topstories","29":"tag-world","30":"tag-world-news","31":"tag-worldnews","32":"tag-zinas","33":"tag-zinas-no-arvalstim"},"share_on_mastodon":{"url":"https:\/\/pubeurope.com\/@lv\/115485035028969715","error":""},"_links":{"self":[{"href":"https:\/\/www.europesays.com\/lv\/wp-json\/wp\/v2\/posts\/38617","targetHints":{"allow":["GET"]}}],"collection":[{"href":"https:\/\/www.europesays.com\/lv\/wp-json\/wp\/v2\/posts"}],"about":[{"href":"https:\/\/www.europesays.com\/lv\/wp-json\/wp\/v2\/types\/post"}],"author":[{"embeddable":true,"href":"https:\/\/www.europesays.com\/lv\/wp-json\/wp\/v2\/users\/2"}],"replies":[{"embeddable":true,"href":"https:\/\/www.europesays.com\/lv\/wp-json\/wp\/v2\/comments?post=38617"}],"version-history":[{"count":0,"href":"https:\/\/www.europesays.com\/lv\/wp-json\/wp\/v2\/posts\/38617\/revisions"}],"wp:featuredmedia":[{"embeddable":true,"href":"https:\/\/www.europesays.com\/lv\/wp-json\/wp\/v2\/media\/38618"}],"wp:attachment":[{"href":"https:\/\/www.europesays.com\/lv\/wp-json\/wp\/v2\/media?parent=38617"}],"wp:term":[{"taxonomy":"category","embeddable":true,"href":"https:\/\/www.europesays.com\/lv\/wp-json\/wp\/v2\/categories?post=38617"},{"taxonomy":"post_tag","embeddable":true,"href":"https:\/\/www.europesays.com\/lv\/wp-json\/wp\/v2\/tags?post=38617"}],"curies":[{"name":"wp","href":"https:\/\/api.w.org\/{rel}","templated":true}]}}