{"id":38624,"date":"2025-11-03T09:28:07","date_gmt":"2025-11-03T09:28:07","guid":{"rendered":"https:\/\/www.europesays.com\/lv\/38624\/"},"modified":"2025-11-03T09:28:07","modified_gmt":"2025-11-03T09:28:07","slug":"latvijas-pilsonis-piegada-krievijai-informaciju-par-aviaciju-nato-un-sim-karsu-iegadi-dienesti-vinu-aiztur","status":"publish","type":"post","link":"https:\/\/www.europesays.com\/lv\/38624\/","title":{"rendered":"Latvijas pilsonis pieg\u0101d\u0101 Krievijai inform\u0101ciju par avi\u0101ciju, NATO un SIM kar\u0161u ieg\u0101di; dienesti vi\u0146u aiztur"},"content":{"rendered":"<p>Izmekl\u0113\u0161an\u0101 noskaidrots, ka Latvijas pilsonis ir ieguvis un nodevis Krievijas milit\u0101rajam izl\u016bkdienestam zi\u0146as par avi\u0101cijai izmantojamu priv\u0101tu infrastrukt\u016bru Latvijas teritorij\u0101, NATO sabiedroto sp\u0113ku kl\u0101tb\u016btni valst\u012b un da\u017e\u0101d\u0101m aizsardz\u012bbas nozares aktualit\u0101t\u0113m. T\u0101pat aizdom\u0101s tur\u0113tais v\u012brietis Krievijas specdienesta uzdevum\u0101 ieguva inform\u0101ciju par mobilo sakaru priek\u0161apmaksas kar\u0161u ieg\u0101des nosac\u012bjumiem Latvij\u0101, k\u0101 ar\u012b citas zi\u0146as.<\/p>\n<p>VDD sadarb\u012bb\u0101 ar MIDD divos ar personu saist\u012btos objektos Ventspil\u012b nakt\u012b no 17. uz 18. oktobri veica krimin\u0101lprocesu\u0101las darb\u012bbas. Patlaban tiek veikta krat\u012b\u0161anas laik\u0101 iz\u0146emto datu nes\u0113ju satura padzi\u013cin\u0101ta izp\u0113te.<\/p>\n<p>Aizdom\u0101s tur\u0113tajai personai k\u0101 dro\u0161\u012bbas l\u012bdzeklis ir piem\u0113rots apcietin\u0101jums.<\/p>\n<p>VDD patlaban turpina izmekl\u0113\u0161anu sadarb\u012bb\u0101 ar MIDD un sniegs papildu inform\u0101ciju par t\u0101s gaitu atbilsto\u0161i krimin\u0101lprocesa virz\u012bbai.<\/p>\n<p class=\"tv3-fw-500\">Zi\u0146o par k\u013c\u016bdu rakst\u0101<\/p>\n<p class=\"d-md-block d-none\">Iez\u012bm\u0113 k\u013c\u016bdaino tekstu un spied Ctrl+Enter.<\/p>\n<p class=\"d-md-none d-block\">Iez\u012bm\u0113 k\u013c\u016bdaino tekstu un zi\u0146o par to!<\/p>\n","protected":false},"excerpt":{"rendered":"Izmekl\u0113\u0161an\u0101 noskaidrots, ka Latvijas pilsonis ir ieguvis un nodevis Krievijas milit\u0101rajam izl\u016bkdienestam zi\u0146as par avi\u0101cijai izmantojamu priv\u0101tu infrastrukt\u016bru&hellip;\n","protected":false},"author":2,"featured_media":38625,"comment_status":"","ping_status":"","sticky":false,"template":"","format":"standard","meta":{"footnotes":""},"categories":[12],"tags":[23,28,29,32,33,22,30,31,35,39,38,36,37,34,40,20,26,27,24,25,1579,21],"class_list":{"0":"post-38624","1":"post","2":"type-post","3":"status-publish","4":"format-standard","5":"has-post-thumbnail","7":"category-latvija","8":"tag-aktualitates","9":"tag-breaking-news","10":"tag-breakingnews","11":"tag-featured-news","12":"tag-featurednews","13":"tag-headlines","14":"tag-latest-news","15":"tag-latestnews","16":"tag-latvia","17":"tag-latvian","18":"tag-latviesu","19":"tag-latviesu-valoda","20":"tag-latviesuvaloda","21":"tag-latvija","22":"tag-lv","23":"tag-news","24":"tag-popularakas-zinas","25":"tag-popularakaszinas","26":"tag-top-stories","27":"tag-topstories","28":"tag-valsts-drosibas-dienests","29":"tag-zinas"},"share_on_mastodon":{"url":"https:\/\/pubeurope.com\/@lv\/115485062286039521","error":""},"_links":{"self":[{"href":"https:\/\/www.europesays.com\/lv\/wp-json\/wp\/v2\/posts\/38624","targetHints":{"allow":["GET"]}}],"collection":[{"href":"https:\/\/www.europesays.com\/lv\/wp-json\/wp\/v2\/posts"}],"about":[{"href":"https:\/\/www.europesays.com\/lv\/wp-json\/wp\/v2\/types\/post"}],"author":[{"embeddable":true,"href":"https:\/\/www.europesays.com\/lv\/wp-json\/wp\/v2\/users\/2"}],"replies":[{"embeddable":true,"href":"https:\/\/www.europesays.com\/lv\/wp-json\/wp\/v2\/comments?post=38624"}],"version-history":[{"count":0,"href":"https:\/\/www.europesays.com\/lv\/wp-json\/wp\/v2\/posts\/38624\/revisions"}],"wp:featuredmedia":[{"embeddable":true,"href":"https:\/\/www.europesays.com\/lv\/wp-json\/wp\/v2\/media\/38625"}],"wp:attachment":[{"href":"https:\/\/www.europesays.com\/lv\/wp-json\/wp\/v2\/media?parent=38624"}],"wp:term":[{"taxonomy":"category","embeddable":true,"href":"https:\/\/www.europesays.com\/lv\/wp-json\/wp\/v2\/categories?post=38624"},{"taxonomy":"post_tag","embeddable":true,"href":"https:\/\/www.europesays.com\/lv\/wp-json\/wp\/v2\/tags?post=38624"}],"curies":[{"name":"wp","href":"https:\/\/api.w.org\/{rel}","templated":true}]}}