{"id":38628,"date":"2025-11-03T09:30:21","date_gmt":"2025-11-03T09:30:21","guid":{"rendered":"https:\/\/www.europesays.com\/lv\/38628\/"},"modified":"2025-11-03T09:30:21","modified_gmt":"2025-11-03T09:30:21","slug":"riga-uzstasies-operas-zvaigzne-asmika-grigorjana","status":"publish","type":"post","link":"https:\/\/www.europesays.com\/lv\/38628\/","title":{"rendered":"R\u012bg\u0101 uzst\u0101sies operas zvaigzne Asmika Grigorjana"},"content":{"rendered":"<p>Latvijas Nacion\u0101laj\u0101 te\u0101tr\u012b piektdien, 7. novembr\u012b, ar programmu &#8220;A Diva is Born&#8221; uzst\u0101sies pasaul\u0113 paz\u012bstam\u0101 operas zvaigzne, sopr\u0101ns <a rel=\"noopener nofollow\" target=\"_blank\" href=\"https:\/\/www.delfi.lv\/temas\/47135485\/asmika-grigorjana\" tag-id=\"47135485\">Asmika Grigorjana<\/a>, port\u0101lu &#8220;Delfi&#8221; inform\u0113 &#8220;Wintour Group International&#8221; p\u0101rst\u0101vji.<\/p>\n<p>R\u012bg\u0101 pied\u0101v\u0101tais operas \u0161ovs &#8220;A Diva is Born&#8221;, ko \u0161opavasar pirm\u0101 nov\u0113rt\u0113ja V\u012bnes publika, dzied\u0101t\u0101jai ir \u012bpa\u0161s. K\u0101 nor\u0101da koncerta r\u012bkot\u0101ji, tas ataino Asmikas biogr\u0101fiju prec\u012bzi un vienlaikus god\u012bgi \u2013 nevis no ofici\u0101l\u0101s jeb par\u0101des puses, bet ar ieskatu aizkulis\u0113s.<\/p>\n<p>Par Asmikas Grigorjanas partneri \u0161aj\u0101 divu stundu ilgaj\u0101 programm\u0101 k\u013cuvis virtuozais britu pianists, komponists un \u0161ovmenis, ironiskais un artistiskais Jang-ki D\u017e\u016b, kuru Latvijas publika paz\u012bst k\u0101 komiski muzik\u0101l\u0101 zvaig\u017e\u0146u dueta &#8220;Igudesman &amp; Joo&#8221; dal\u012bbnieku.<\/p>\n<p>Lasiet ar\u012b<\/p>\n<p><a href=\"https:\/\/www.delfi.lv\/kultura\/4333423\/theatre\/120092380\/operdziedatajai-rebekai-pieskirts-francijas-nacionalais-ordenis-maksla-un-literatura\" class=\"headline__image-link\" itemprop=\"url\" rel=\"nofollow noopener\" target=\"_blank\"><img decoding=\"async\" loading=\"lazy\" itemprop=\"image\" src=\"https:\/\/www.europesays.com\/lv\/wp-content\/uploads\/2025\/11\/c51d26b0-61aa-11ed-8c86-8d36e2c01825.jpg\" alt=\"Operdzied\u0101t\u0101jai Rebekai pie\u0161\u0137irts Francijas Nacion\u0101lais ordenis m\u0101ksl\u0101 un literat\u016br\u0101\" title=\"Operdzied\u0101t\u0101jai Rebekai pie\u0161\u0137irts Francijas Nacion\u0101lais ordenis m\u0101ksl\u0101 un literat\u016br\u0101\" class=\"headline__image img-fluid w-100\"\/><\/a><a href=\"https:\/\/www.delfi.lv\/kultura\/174\/music\/120091645\/mes-atkal-liksim-rigai-dejot-saruna-ar-slaveno-vijolnieku-un-dirigentu-andre-rje\" class=\"headline__image-link\" itemprop=\"url\" rel=\"nofollow noopener\" target=\"_blank\"><img decoding=\"async\" loading=\"lazy\" itemprop=\"image\" src=\"https:\/\/www.europesays.com\/lv\/wp-content\/uploads\/2025\/11\/46658c1e-8f59-4fc9-a3f7-ae3f0995d6d1.jpg\" alt=\"&quot;M\u0113s atkal liksim R\u012bgai dejot!&quot; Saruna ar slaveno vijolnieku un diri\u0123entu Andr\u0113 Rj\u0113\" title=\"&quot;M\u0113s atkal liksim R\u012bgai dejot!&quot; Saruna ar slaveno vijolnieku un diri\u0123entu Andr\u0113 Rj\u0113\" class=\"headline__image img-fluid w-100\"\/><\/a><\/p>\n<p>Asmikas Grigorjanas talants ticis nov\u0113rt\u0113ts jau l\u012bdz ar pirmajiem so\u013ciem uz skatuves. Vi\u0146a jau 22 gadu vecuma dzied\u0101ja galveno lomu &#8220;Traviatas&#8221; iestud\u0113jum\u0101 dzimtaj\u0101 Vi\u013c\u0146\u0101, bet 23 gadu vecum\u0101 parakst\u012bja pirmo \u0101rzemju l\u012bgumu Norv\u0113\u0123ij\u0101. Vi\u0146as pirmie vok\u0101lie pedagogi bija vec\u0101ki \u2013 tenors Gegams Grigorjans un sopr\u0101ns Ir\u0113na Milkjavi\u010d\u016bte.<\/p>\n<p>&#8220;Dzied\u0101\u0161anas modelis un dz\u012bves modelis at\u0161\u0137iras maz,&#8221; saka Asmika. &#8220;T\u0113tis vienm\u0113r tiec\u0101s att\u012bst\u012bt manu m\u012blest\u012bbu pret pasauli, m\u012blest\u012bbu un cie\u0146u pret cilv\u0113kiem, atv\u0113rt\u012bbu visam, ko daru, drosmi. Bet pirmais, ko man iem\u0101c\u012bja m\u0101mi\u0146a, bija dabiskas cilv\u0113ka balss skaistums: bez operiskas nokr\u0101sas, bez m\u0101ksl\u012bga uzsl\u0101\u0146ojuma, jo dzied\u0101jumam j\u0101b\u016bt saj\u016btami patiesam\u2026&#8221;<\/p>\n<p>Karjeras s\u0101kumposm\u0101 Asmika Grigorjana savulaik dzied\u0101jusi Latvijas Nacion\u0101l\u0101s operas izr\u0101d\u0113s &#8220;Karmena&#8221;, &#8220;Dons \u017duans&#8221;, &#8220;Manona Lesko&#8221; un &#8220;Triptihs&#8221;, divreiz uzst\u0101j\u0101s Siguldas Operas sv\u0113tku gal\u0101 koncertos. &#8220;Izcils vok\u0101ls un fenomen\u0101las dramatisk\u0101s dot\u012bbas. Trausls augums un varena balss,&#8221; t\u0101 dzied\u0101t\u0101ju raksturo koncerta r\u012bkot\u0101ji. Karjeras laik\u0101 arm\u0113\u0146u-lietuvie\u0161u izcelsmes dzied\u0101t\u0101ja sa\u0146\u0113musi gan &#8220;International Opera Award.&#8221;, gan V\u0101cijas Gada dzied\u0101t\u0101jas titulu \u2013 vienu notiek pie\u0161\u0137\u012bris &#8220;Opus Klassik&#8221;, divis \u2013 &#8220;Opernwelt&#8221;.<\/p>\n<p>Vi\u0146a dzied\u0101jusi pasaulslavenu re\u017eisoru Romeo Kastellu\u010di, Bari Koski un Dmitrija \u010cer\u0146akova operu iestud\u0113jumos. 2025.\/2026. g. sezon\u0101 Asmika Grigorjana dzied L\u0113diju Makbetu Zalcburg\u0101, Salomi London\u0101 un Hamburg\u0101, N\u0101ru Barselon\u0101 un Minhen\u0113, Dezdemonu Madrid\u0113, Tatjanu \u0145ujork\u0101 un V\u012bn\u0113, Turandotu Dortmund\u0113, Manonu Lesko Frankfurt\u0113 un sniedz koncertus vis\u0101 pasaul\u0113.<\/p>\n<p>Koncerta bi\u013cetes nop\u0113rkamas &#8220;Bi\u013ce\u0161u parad\u012bzes&#8221; kas\u0113s un <a rel=\"noopener nofollow\" target=\"_blank\" href=\"https:\/\/www.bilesuparadize.lv\/lv\/event\/151763\" data-rel-date-range=\"[]\">internet\u0101<\/a>.<\/p>\n<p class=\"m-0\">Seko &#8220;Delfi&#8221; ar\u012b  <a target=\"_blank\" href=\"https:\/\/www.instagram.com\/delfi.lv\/\" rel=\"nofollow noopener\">Instagram<\/a>  un <a target=\"_blank\" href=\"https:\/\/www.youtube.com\/channel\/UCw5foWtcJvAbUm64rv7jwUQ\" rel=\"nofollow noopener\">YouTube<\/a>  profil\u0101 \u2013 pievienojies, lai uzzin\u0101tu svar\u012bg\u0101ko un interesant\u0101ko pirmais!<\/p>\n<p>Publik\u0101cijas saturs vai t\u0101s jebk\u0101da apjoma da\u013ca ir aizsarg\u0101ts autorties\u012bbu objekts Autorties\u012bbu likuma izpratn\u0113, un t\u0101 izmanto\u0161ana bez izdev\u0113ja at\u013caujas ir aizliegta. Vair\u0101k lasi  <a target=\"_blank\" href=\"https:\/\/www.delfi.lv\/noteikumi#autortiesibas\" rel=\"nofollow noopener\">\u0161eit<\/a><script async src=\"\/\/www.instagram.com\/embed.js\"><\/script><\/p>\n","protected":false},"excerpt":{"rendered":"Latvijas Nacion\u0101laj\u0101 te\u0101tr\u012b piektdien, 7. novembr\u012b, ar programmu &#8220;A Diva is Born&#8221; uzst\u0101sies pasaul\u0113 paz\u012bstam\u0101 operas zvaigzne, sopr\u0101ns&hellip;\n","protected":false},"author":2,"featured_media":38629,"comment_status":"","ping_status":"","sticky":false,"template":"","format":"standard","meta":{"footnotes":""},"categories":[19],"tags":[11172,89,90,35,39,38,36,37,34,1376,40],"class_list":{"0":"post-38628","1":"post","2":"type-post","3":"status-publish","4":"format-standard","5":"has-post-thumbnail","7":"category-izklaide","8":"tag-asmika-grigorjana","9":"tag-entertainment","10":"tag-izklaide","11":"tag-latvia","12":"tag-latvian","13":"tag-latviesu","14":"tag-latviesu-valoda","15":"tag-latviesuvaloda","16":"tag-latvija","17":"tag-latvijas-nacionalais-teatris","18":"tag-lv"},"share_on_mastodon":{"url":"https:\/\/pubeurope.com\/@lv\/115485070272782822","error":""},"_links":{"self":[{"href":"https:\/\/www.europesays.com\/lv\/wp-json\/wp\/v2\/posts\/38628","targetHints":{"allow":["GET"]}}],"collection":[{"href":"https:\/\/www.europesays.com\/lv\/wp-json\/wp\/v2\/posts"}],"about":[{"href":"https:\/\/www.europesays.com\/lv\/wp-json\/wp\/v2\/types\/post"}],"author":[{"embeddable":true,"href":"https:\/\/www.europesays.com\/lv\/wp-json\/wp\/v2\/users\/2"}],"replies":[{"embeddable":true,"href":"https:\/\/www.europesays.com\/lv\/wp-json\/wp\/v2\/comments?post=38628"}],"version-history":[{"count":0,"href":"https:\/\/www.europesays.com\/lv\/wp-json\/wp\/v2\/posts\/38628\/revisions"}],"wp:featuredmedia":[{"embeddable":true,"href":"https:\/\/www.europesays.com\/lv\/wp-json\/wp\/v2\/media\/38629"}],"wp:attachment":[{"href":"https:\/\/www.europesays.com\/lv\/wp-json\/wp\/v2\/media?parent=38628"}],"wp:term":[{"taxonomy":"category","embeddable":true,"href":"https:\/\/www.europesays.com\/lv\/wp-json\/wp\/v2\/categories?post=38628"},{"taxonomy":"post_tag","embeddable":true,"href":"https:\/\/www.europesays.com\/lv\/wp-json\/wp\/v2\/tags?post=38628"}],"curies":[{"name":"wp","href":"https:\/\/api.w.org\/{rel}","templated":true}]}}