{"id":38630,"date":"2025-11-03T09:33:23","date_gmt":"2025-11-03T09:33:23","guid":{"rendered":"https:\/\/www.europesays.com\/lv\/38630\/"},"modified":"2025-11-03T09:33:23","modified_gmt":"2025-11-03T09:33:23","slug":"eiropas-valstu-robezas-ar-baltkrieviju-nedrikst-slegt-raksts","status":"publish","type":"post","link":"https:\/\/www.europesays.com\/lv\/38630\/","title":{"rendered":"Eiropas valstu robe\u017eas ar Baltkrieviju nedr\u012bkst sl\u0113gt \/ Raksts"},"content":{"rendered":"<p>Es jau vairs nebr\u012bnos par zi\u0146\u0101m par to, ka robe\u017eas atkal tiek sl\u0113gtas. L\u016bk, Lietuva pazi\u0146ojusi, ka uz m\u0113nesi p\u0101rtrauc kust\u012bbu p\u0101r robe\u017eu ar Baltkrieviju, jo t\u0101s gaisa telpu p\u0101rk\u0101pu\u0161as meteozondes ar kontrabandas cigaret\u0113m no \u0161\u012bs valsts. K\u0101ds neparasts v\u0101rds \u2013 &#8220;meteozondes&#8221;\u2026 N\u0101k pr\u0101t\u0101 debesis, m\u0101ko\u0146i, v\u0113j\u0161. Romantika. Uz zemes viss ir daudz prozaisk\u0101k \u2013 autobusu reisi tiek atcelti, t\u016bksto\u0161iem cilv\u0113ku nevar aizbraukt pie tuviniekiem vai vienk\u0101r\u0161i izrauties uz p\u0101ris dien\u0101m uz Rietumeiropu, kur ir cits gaiss \u2013 br\u012bvs.<\/p>\n<p style=\"text-align:right\">\u0410\u045e\u0442\u0430\u0440\u0441\u043a\u0430\u044f \u0432\u0435\u0440\u0441\u0456\u044f \u043f\u0430-\u0431\u0435\u043b\u0430\u0440\u0443\u0441\u043a\u0443 \u2014\u00a0<a data-id=\"620607\" data-type=\"article\" href=\"https:\/\/bel.lsm.lv\/artikul\/naviny\/naviny\/02.11.2025-mezy-krain-eropy-z-belarussyu-adcynic-nelga-zacynic.a620607\/\" target=\"_blank\" class=\"lsm-link\" rel=\"nofollow noopener\">\u0442\u0443\u0442<\/a>.<br \/>\u0410\u0432\u0442\u043e\u0440\u0441\u043a\u0430\u044f \u0432\u0435\u0440\u0441\u0438\u044f \u043d\u0430 \u0440\u0443\u0441\u0441\u043a\u043e\u043c \u2014\u00a0<a data-id=\"620603\" data-type=\"article\" href=\"https:\/\/rus.lsm.lv\/statja\/za-efirom\/za-efirom\/02.11.2025-granicy-stran-evropy-s-belarusyu-otkryt-nelzya-zakryt.a620603\/\" target=\"_blank\" class=\"lsm-link\" rel=\"nofollow noopener\">\u0437\u0434\u0435\u0441\u044c<\/a>.<\/p>\n<p style=\"margin-left:0cm; margin-right:0cm\">Es redzu <a href=\"https:\/\/www.lsm.lv\/raksts\/zinas\/arzemes\/29.10.2025-lietuva-uz-menesi-sledz-robezu-ar-baltkrieviju-paredz-iznemumus-noteiktam-celotaju-kategorijam.a620300\/\" class=\"lsm-link\" data-type=\"article\" data-id=\"620300\" rel=\"nofollow noopener\" target=\"_blank\">t\u0101das zi\u0146as<\/a>, un kr\u016bt\u012bs sak\u0101pj senas, gandr\u012bz aizmirstas s\u0101pes. Es atceros, k\u0101 pirms divdesmit gadiem sap\u0146oju uz p\u0101ris dien\u0101m izbraukt no Baltkrievijas. Pace\u013cot. Es biju nabaga studente, kr\u0101ju naudu pa kapeikai t\u016bristu v\u012bzai, lai kaut reizi redz\u0113tu Vi\u013c\u0146u un paklan\u012btos Au\u0161ras v\u0101rtu Dievm\u0101tes sv\u0113tbildei.<\/p>\n<p style=\"margin-left:0cm; margin-right:0cm\">Un, protams, R\u012bgu \u2013 pils\u0113tu, kas toreiz man \u0161\u0137ita gandr\u012bz pasakaini neaizsniedzama. J\u0101, j\u0101, tas pats slavenais Vecr\u012bgas jumtu siluets! P\u0113c tam, kad pirmo reizi m\u016b\u017e\u0101 to ieraudz\u012bju, tas man pat sap\u0146os r\u0101d\u012bj\u0101s.<\/p>\n<blockquote>\n<p style=\"margin-left:0cm; margin-right:0cm\">Tas bija nevis vienk\u0101r\u0161i ce\u013cojums, bet dz\u012bves elpa, da\u017ei br\u012bv\u012bbas malki. Atgrie\u017eoties m\u0101j\u0101s, es atkal nok\u013cuvu sav\u0101 mazaj\u0101 kokon\u0101<\/p>\n<\/blockquote>\n<p style=\"margin-left:0cm; margin-right:0cm\">\u2013 auksta lekciju z\u0101le ar Luka\u0161enko portretu pie sienas, p\u0101ris av\u012b\u017eu ar oblig\u0101tajiem &#8220;gudr\u0101 valdnieka&#8221; cit\u0101tiem, un dz\u012bve, nom\u0113r\u012bta no zvana l\u012bdz zvanam. \u00a0\u00a0\u00a0<\/p>\n<p>&#8220;Dzelzs priek\u0161kars&#8221; 2.0<\/p>\n<p style=\"margin-left:0cm; margin-right:0cm\">Tagad \u0161is kokons k\u013cuvis biez\u0101ks. Baltkrievija aizvien vair\u0101k atg\u0101dina Zieme\u013ckoreju \u2013 tikai ar to starp\u012bbu, ka tur joproj\u0101m ir internets, lai ar\u012b pa pusei blo\u0137\u0113ts. Kaut gan k\u0101da j\u0113ga, ja par parakst\u012b\u0161anos uz neatkar\u012bgajiem pla\u0161sazi\u0146as l\u012bdzek\u013ciem interneta platform\u0101s var ietupin\u0101t aiz rest\u0113m? Ja zi\u0146as no \u0101rzem\u0113m lasa \u010dukstus, glu\u017ei k\u0101 spiegu zi\u0146ojumus. Viss, kas cilv\u0113kiem atliek, ir viet\u0113j\u0101 un Krievijas telev\u012bzija un valsts laikraksti, kur st\u0101sta, ka &#8220;Eiropas Savien\u012bba sabr\u016bk&#8221;, bet NATO t\u016bl\u012bt pat &#8220;s\u0101ks karu&#8221;.<\/p>\n<p style=\"margin-left:0cm; margin-right:0cm\">Un tagad \u2013 jaunas sl\u0113gt\u0101s robe\u017eas. Polija, nogurusi no provok\u0101cij\u0101m ar dronu ielido\u0161anu un milit\u0101raj\u0101m m\u0101c\u012bb\u0101m, k\u0101 ar\u012b no migr\u0101cijas kr\u012bzes, sl\u0113dza savus kontrolpunktus uz robe\u017eas ar Baltkrieviju. Tagad premjerministrs Donalds Tusks\u00a0<a href=\"https:\/\/reform.news\/tusk-polsha-gotova-otkryt-dva-punkta-propuska-na-belarusskoj-granice-v-nojabre\" target=\"_blank\" rel=\"nofollow noopener\">teic,<\/a> ka gatavs atv\u0113rt divas robe\u017e\u0161\u0137\u0113rso\u0161anas vietas. Dom\u0101jams, <a href=\"https:\/\/reform.news\/podljasskij-voevoda-o-vozmozhnom-otkrytii-pogranperehodov-v-techenie-48-chasov-vse-dejstvija-budut-vypolneny\" target=\"_blank\" rel=\"nofollow noopener\">ekonomisku iemeslu d\u0113\u013c <\/a>\u2013 bizness, lo\u0123istika, p\u0101rvad\u0101jumi. Es saprotu &#8211; ekonomika ir svar\u012bga.<\/p>\n<blockquote>\n<p style=\"margin-left:0cm; margin-right:0cm\">Ta\u010du vai apgroz\u012bjums, pe\u013c\u0146a un EBITDA var b\u016bt svar\u012bg\u0101ki par cilv\u0113ku likte\u0146iem?<\/p>\n<\/blockquote>\n<p style=\"margin-left:0cm; margin-right:0cm\">Kam\u0113r Baltkrievijas cietumos s\u0113\u017e politieslodz\u012btie \u2013 tas pats And\u017eejs Po\u010dobuts, par kura br\u012bv\u012bbu Var\u0161ava ir satraukta jau kuro gadu, &#8211; jebkura robe\u017eu atv\u0113r\u0161ana, k\u0101 ar\u012b sl\u0113g\u0161ana izskat\u0101s k\u0101 r\u016bgta ironija.<\/p>\n<p style=\"margin-left:0cm; margin-right:0cm\">Baltkrievij\u0101 ir vair\u0101k nek\u0101 t\u016bkstotis politieslodz\u012bto.<\/p>\n<blockquote>\n<p style=\"margin-left:0cm; margin-right:0cm\">Cilv\u0113ki paz\u016bd k\u0101 \u0113nas. Aiziet \u2013 vi\u0146us aizved \u2013 uz nekurieni. Un katrs jauns \u017eogs, katri sl\u0113gtie v\u0101rti\u0146i padara vi\u0146u st\u0101vokli par v\u0113l liel\u0101ku bezizeju.<\/p>\n<\/blockquote>\n<p style=\"margin-left:0cm; margin-right:0cm\">Tagad izbraukt ir gandr\u012bz neiesp\u0113jami. Lietuva, Polija, Latvija \u2013 visi pak\u0101peniski nolai\u017e barjeras. Vienk\u0101r\u0161ajiem baltkrieviem atliek tikai viens virziens \u2013 uz austrumiem. Uz Krieviju. Tur v\u012bza nav vajadz\u012bga, tur ir savs &#8220;vec\u0101kais br\u0101lis&#8221;, tur var dz\u012bvot \u2013 bez valodas, bez\u00a0atmi\u0146as, bez izv\u0113les. \u00a0\u00a0<\/p>\n<p>Starp bail\u0113m un cer\u012bbu<\/p>\n<p style=\"margin-left:0cm; margin-right:0cm\">Es bie\u017ei dom\u0101ju par to, ka baltkrievi sav\u0101 b\u016bt\u012bb\u0101, p\u0113c kult\u016brv\u0113sturisk\u0101 koda, ir Eiropas tauta. Ta\u010du m\u016bsu \u013caunais liktenis ir b\u016bt nepareizaj\u0101 viet\u0101 un nepareizaj\u0101 laik\u0101. M\u0113s esam iestr\u0113gu\u0161i starp Austrumiem un Rietumiem k\u0101 b\u0113rns starp diviem naid\u012bgiem vec\u0101kiem. Viens velk pie sevis, otrs bail\u0113s nov\u0113r\u0161as. Bet<\/p>\n<blockquote>\n<p style=\"margin-left:0cm; margin-right:0cm\">m\u0113s zaud\u0113jam sevi. Zaud\u0113jam valodu, kult\u016bru, atmi\u0146u. Zaud\u0113jam tic\u012bbu, ka iesp\u0113jams kaut ko main\u012bt.<\/p>\n<\/blockquote>\n<p style=\"margin-left:0cm; margin-right:0cm\">Reiz\u0113m man liekas, ka tagad Baltkrievija pien\u0101kusi pie kritisk\u0101s neatgrie\u0161an\u0101s takas. P\u0113c t\u0101s saglab\u0101ties k\u0101 n\u0101cijai b\u016bs gandr\u012bz neiesp\u0113jami. Jo n\u0101cija dz\u012bvo tikai tad, kad ir logs, kaut vai v\u0113dlodzi\u0146\u0161, uz pasauli, lai izk\u013c\u016btu, ieraudz\u012btu sal\u012bdzin\u0101tu, saprastu, ka dz\u012bve var b\u016bt cit\u0101da.<\/p>\n<p style=\"margin-left:0cm; margin-right:0cm\">Kad<\/p>\n<blockquote>\n<p style=\"margin-left:0cm; margin-right:0cm\">logus uz pasauli aiznaglo un aizkr\u0101so no \u0101rpuses,<\/p>\n<\/blockquote>\n<p style=\"margin-left:0cm; margin-right:0cm\">kad pat <a href=\"https:\/\/reform.news\/minsktrans-vremenno-otmenjaet-mezhdunarodnye-rejsy-v-litvu-i-latviju-iz-za-zakrytija-pogranichnogo-dvizhenija\" target=\"_blank\" rel=\"nofollow noopener\">atce\u013c<\/a>\u00a0autobusu Minska &#8211; R\u012bga, cilv\u0113ki tur, iek\u0161\u0101, s\u0101k smakt.<\/p>\n<p style=\"margin-left:0cm; margin-right:0cm\">Es saprotu Baltkrievijas kaimi\u0146valstis \u2013 t\u0101s aizsarg\u0101 sevi. Robe\u017eu sl\u0113g\u0161ana ir v\u0113rsta nevis pret baltkrieviem, bet pret re\u017e\u012bmu, kas p\u0101rv\u0113rtis valsti par rom\u0101nu-antiutopiju par totalit\u0101rismu. Tom\u0113r ir s\u0101p\u012bgi.<\/p>\n<blockquote>\n<p style=\"margin-left:0cm; margin-right:0cm\">Jo ar \u0161iem l\u0113mumiem tiek apbed\u012bta to cilv\u0113ku p\u0113d\u0113j\u0101 cer\u012bba, kuri v\u0113l tic, ka no Baltkrievijas var vienk\u0101r\u0161i aizbraukt<\/p>\n<\/blockquote>\n<p style=\"margin-left:0cm; margin-right:0cm\">\u2013 nevis bail\u0113s b\u0113gt ar vienu mugursomu uz pleciem, kur\u0101 satilpusi visa tava dz\u012bve, nevis iet cauri me\u017eiem, l\u016bdzot Dievu, lai Baltkrievijas robe\u017esargi nepaman\u012btu, nevis l\u016bgtu politisko patv\u0113rumu, jo tagad jau vairs nevari atgriezties m\u0101j\u0101s. Bet vienk\u0101r\u0161i nopirkt bi\u013ceti, par\u0101d\u012bt pasi un aizbraukt.<\/p>\n<p style=\"margin-left:0cm; margin-right:0cm\">Kad es dzirdu v\u0101rdu &#8220;robe\u017ea&#8221;, man acu priek\u0161\u0101 ir barjera un automobi\u013cu rinda. Automa\u0161\u012bn\u0101s ir cilv\u0113ki. Gaida, cer. K\u0101ds ved z\u0101les, k\u0101ds \u2013 b\u0113rnu lietas, k\u0101ds vienk\u0101r\u0161i brauc pie d\u0113la, lai apraudz\u012btu mazb\u0113rnus. Bet p\u0113c tam ir zi\u0146as: &#8220;Robe\u017ea sl\u0113gta uz m\u0113nesi.&#8221;<\/p>\n<blockquote>\n<p style=\"margin-left:0cm; margin-right:0cm\">Vai zin\u0101t, cik ilgi tas ir \u2013 m\u0113nesis? M\u016b\u017e\u012bba.<\/p>\n<\/blockquote>\n<p style=\"margin-left:0cm; margin-right:0cm\">Ta\u010du reiz\u0113m man liekas, ka vien\u012bg\u0101 robe\u017ea, kuru vairs nav iesp\u0113jams sl\u0113gt, ir starp paties\u012bbu un meliem. T\u0101 iet nevis pa up\u0113m, me\u017eiem un purviem, bet t\u0101 ir katr\u0101 no mums. Starp bail\u0113m un cer\u012bbu. Un, kam\u0113r baltkrieviem ir \u0161\u012b iek\u0161\u0113j\u0101 robe\u017ea, kam\u0113r vi\u0146i sp\u0113j at\u0161\u0137irt tumsu un gaismu, tikm\u0113r visu v\u0113l var atv\u0113rt.<\/p>\n","protected":false},"excerpt":{"rendered":"Es jau vairs nebr\u012bnos par zi\u0146\u0101m par to, ka robe\u017eas atkal tiek sl\u0113gtas. L\u016bk, Lietuva pazi\u0146ojusi, ka uz&hellip;\n","protected":false},"author":2,"featured_media":38631,"comment_status":"","ping_status":"","sticky":false,"template":"","format":"standard","meta":{"footnotes":""},"categories":[14],"tags":[23,57,28,29,32,33,22,30,31,35,39,38,36,37,34,40,20,26,27,24,25,54,55,56,21,58],"class_list":{"0":"post-38630","1":"post","2":"type-post","3":"status-publish","4":"format-standard","5":"has-post-thumbnail","7":"category-zinas-no-arvalstim","8":"tag-aktualitates","9":"tag-arvalstim","10":"tag-breaking-news","11":"tag-breakingnews","12":"tag-featured-news","13":"tag-featurednews","14":"tag-headlines","15":"tag-latest-news","16":"tag-latestnews","17":"tag-latvia","18":"tag-latvian","19":"tag-latviesu","20":"tag-latviesu-valoda","21":"tag-latviesuvaloda","22":"tag-latvija","23":"tag-lv","24":"tag-news","25":"tag-popularakas-zinas","26":"tag-popularakaszinas","27":"tag-top-stories","28":"tag-topstories","29":"tag-world","30":"tag-world-news","31":"tag-worldnews","32":"tag-zinas","33":"tag-zinas-no-arvalstim"},"share_on_mastodon":{"url":"https:\/\/pubeurope.com\/@lv\/115485081782105977","error":""},"_links":{"self":[{"href":"https:\/\/www.europesays.com\/lv\/wp-json\/wp\/v2\/posts\/38630","targetHints":{"allow":["GET"]}}],"collection":[{"href":"https:\/\/www.europesays.com\/lv\/wp-json\/wp\/v2\/posts"}],"about":[{"href":"https:\/\/www.europesays.com\/lv\/wp-json\/wp\/v2\/types\/post"}],"author":[{"embeddable":true,"href":"https:\/\/www.europesays.com\/lv\/wp-json\/wp\/v2\/users\/2"}],"replies":[{"embeddable":true,"href":"https:\/\/www.europesays.com\/lv\/wp-json\/wp\/v2\/comments?post=38630"}],"version-history":[{"count":0,"href":"https:\/\/www.europesays.com\/lv\/wp-json\/wp\/v2\/posts\/38630\/revisions"}],"wp:featuredmedia":[{"embeddable":true,"href":"https:\/\/www.europesays.com\/lv\/wp-json\/wp\/v2\/media\/38631"}],"wp:attachment":[{"href":"https:\/\/www.europesays.com\/lv\/wp-json\/wp\/v2\/media?parent=38630"}],"wp:term":[{"taxonomy":"category","embeddable":true,"href":"https:\/\/www.europesays.com\/lv\/wp-json\/wp\/v2\/categories?post=38630"},{"taxonomy":"post_tag","embeddable":true,"href":"https:\/\/www.europesays.com\/lv\/wp-json\/wp\/v2\/tags?post=38630"}],"curies":[{"name":"wp","href":"https:\/\/api.w.org\/{rel}","templated":true}]}}