{"id":38637,"date":"2025-11-03T09:39:05","date_gmt":"2025-11-03T09:39:05","guid":{"rendered":"https:\/\/www.europesays.com\/lv\/38637\/"},"modified":"2025-11-03T09:39:05","modified_gmt":"2025-11-03T09:39:05","slug":"italijas-dolomitu-alpos-kalnos-gajusi-boja-pieci-vacijas-alpinisti","status":"publish","type":"post","link":"https:\/\/www.europesays.com\/lv\/38637\/","title":{"rendered":"It\u0101lijas Dolom\u012btu Alpos kalnos g\u0101ju\u0161i boj\u0101 pieci V\u0101cijas alp\u012bnisti"},"content":{"rendered":"<p>It\u0101lijas Dolom\u012btu Alpos kalnos g\u0101ju\u0161i boj\u0101 pieci V\u0101cijas alp\u012bnisti, tostarp 17 gadus veca meitene un vi\u0146as t\u0113vs, zi\u0146o gl\u0101b\u0113ji. <\/p>\n<p>Vair\u0101k\u0101s grup\u0101s k\u0101pjo\u0161ie alp\u012bnisti m\u0113\u0123in\u0101ja uzk\u0101pt 3545 metru augstaj\u0101 Cima Vertana virsotn\u0113, kad sestdienas p\u0113cpusdien\u0101 vi\u0146us p\u0101rsteidza sniega lav\u012bna.<\/p>\n<p>Lav\u012bna aizr\u0101va triju cilv\u0113ku \u2013 divus v\u012brie\u0161u un sievieti &#8211; grupu, visi g\u0101ja boj\u0101, vi\u0146u \u0137erme\u0146us atrada sestdien. <\/p>\n<p>Sv\u0113tdien atrada v\u0113l divu cilv\u0113lu \u2013 t\u0113va un meitas \u0137erme\u0146us, vi\u0146i bija otraj\u0101 grup\u0101, un nokritu\u0161i no apm\u0113ram 200 metru augstuma.<\/p>\n<p>Katastrof\u0101 izdz\u012bvoja divi tre\u0161\u0101s grupas alp\u012bnisti, kuri izsauca gl\u0101b\u0113jus. <\/p>\n<p>Tiek zi\u0146ots, ka laikapst\u0101k\u013ci bija labi, ta\u010du Suldenes kalnu gl\u0101b\u0161anas dienesta p\u0101rst\u0101vis Olafs Rein\u0161tadlers V\u0101cijas medijiem pauda neizpratni, k\u0101d\u0113\u013c alp\u012bnisti nol\u0113ma k\u0101pt v\u0113l\u0101 p\u0113cpusdien\u0101, jo nok\u0101p\u0161ana notiktu jau tums\u0101.<\/p>\n<p><img decoding=\"async\" src=\"https:\/\/www.europesays.com\/lv\/wp-content\/uploads\/2025\/11\/814c113abb190b9c9510a8dc8c920012.jpg\" title=\"Foto: scanpix\/Jean-Christophe Bott\/Keystone via A\" alt=\"Foto: scanpix\/Jean-Christophe Bott\/Keystone via A\"\/><\/p>\n<p class=\"article-img-desc\">Foto: scanpix\/Jean-Christophe Bott\/Keystone via A<\/p>\n","protected":false},"excerpt":{"rendered":"It\u0101lijas Dolom\u012btu Alpos kalnos g\u0101ju\u0161i boj\u0101 pieci V\u0101cijas alp\u012bnisti, tostarp 17 gadus veca meitene un vi\u0146as t\u0113vs, zi\u0146o&hellip;\n","protected":false},"author":2,"featured_media":38638,"comment_status":"","ping_status":"","sticky":false,"template":"","format":"standard","meta":{"footnotes":""},"categories":[14],"tags":[129,11254,11257,23,57,28,29,32,33,22,30,31,35,39,38,36,37,34,40,20,26,27,11258,11255,11259,11256,24,25,54,55,56,21,58],"class_list":{"0":"post-38637","1":"post","2":"type-post","3":"status-publish","4":"format-standard","5":"has-post-thumbnail","7":"category-zinas-no-arvalstim","8":"tag-__typenameadvicekeyword","9":"tag-id916","10":"tag-id971","11":"tag-aktualitates","12":"tag-arvalstim","13":"tag-breaking-news","14":"tag-breakingnews","15":"tag-featured-news","16":"tag-featurednews","17":"tag-headlines","18":"tag-latest-news","19":"tag-latestnews","20":"tag-latvia","21":"tag-latvian","22":"tag-latviesu","23":"tag-latviesu-valoda","24":"tag-latviesuvaloda","25":"tag-latvija","26":"tag-lv","27":"tag-news","28":"tag-popularakas-zinas","29":"tag-popularakaszinas","30":"tag-slugalpinisms","31":"tag-slugitalija","32":"tag-titlealpinisms","33":"tag-titleitalija","34":"tag-top-stories","35":"tag-topstories","36":"tag-world","37":"tag-world-news","38":"tag-worldnews","39":"tag-zinas","40":"tag-zinas-no-arvalstim"},"share_on_mastodon":{"url":"","error":"Validation failed: Text character limit of 500 exceeded"},"_links":{"self":[{"href":"https:\/\/www.europesays.com\/lv\/wp-json\/wp\/v2\/posts\/38637","targetHints":{"allow":["GET"]}}],"collection":[{"href":"https:\/\/www.europesays.com\/lv\/wp-json\/wp\/v2\/posts"}],"about":[{"href":"https:\/\/www.europesays.com\/lv\/wp-json\/wp\/v2\/types\/post"}],"author":[{"embeddable":true,"href":"https:\/\/www.europesays.com\/lv\/wp-json\/wp\/v2\/users\/2"}],"replies":[{"embeddable":true,"href":"https:\/\/www.europesays.com\/lv\/wp-json\/wp\/v2\/comments?post=38637"}],"version-history":[{"count":0,"href":"https:\/\/www.europesays.com\/lv\/wp-json\/wp\/v2\/posts\/38637\/revisions"}],"wp:featuredmedia":[{"embeddable":true,"href":"https:\/\/www.europesays.com\/lv\/wp-json\/wp\/v2\/media\/38638"}],"wp:attachment":[{"href":"https:\/\/www.europesays.com\/lv\/wp-json\/wp\/v2\/media?parent=38637"}],"wp:term":[{"taxonomy":"category","embeddable":true,"href":"https:\/\/www.europesays.com\/lv\/wp-json\/wp\/v2\/categories?post=38637"},{"taxonomy":"post_tag","embeddable":true,"href":"https:\/\/www.europesays.com\/lv\/wp-json\/wp\/v2\/tags?post=38637"}],"curies":[{"name":"wp","href":"https:\/\/api.w.org\/{rel}","templated":true}]}}