{"id":38649,"date":"2025-11-03T09:51:28","date_gmt":"2025-11-03T09:51:28","guid":{"rendered":"https:\/\/www.europesays.com\/lv\/38649\/"},"modified":"2025-11-03T09:51:28","modified_gmt":"2025-11-03T09:51:28","slug":"tanzanija-velesanas-paraug-slaktina-ielas-tiek-zinots-par-simtiem-upuru-raksts","status":"publish","type":"post","link":"https:\/\/www.europesays.com\/lv\/38649\/","title":{"rendered":"Tanz\u0101nij\u0101 v\u0113l\u0113\u0161anas p\u0101raug slakti\u0146\u0101 iel\u0101s, tiek zi\u0146ots par simtiem upuru \/ Raksts"},"content":{"rendered":"<p>Parlamenta un prezidenta v\u0113l\u0113\u0161anas Tanz\u0101nij\u0101, kas s\u0101k\u0101s mierpilni, izv\u0113rtu\u0161\u0101s ielu protestos un slakti\u0146\u0101. Karav\u012bri atkl\u0101ja uguni pret saviem &#8220;br\u0101\u013ciem un m\u0101s\u0101m&#8221;, k\u0101 \u0161eit pie\u0146emts saukt citam citu, nogalin\u0101ti vismaz 500 cilv\u0113ki.<\/p>\n<p>\u012aSUM\u0100:<\/p>\n<ul>\n<li>Tanz\u0101nij\u0101 p\u0113c v\u0113l\u0113\u0161an\u0101m izc\u0113lu\u0161ies nemieri; tiek zi\u0146ots par simtiem upuru.<\/li>\n<li>L\u012bdz \u0161im Tanz\u0101nija bijusi viena no mier\u012bg\u0101kaj\u0101m \u0100frikas valst\u012bm.<\/li>\n<li>Raksta\u00a0autors Tanz\u0101nij\u0101 nodz\u012bvojis gadu un juties dro\u0161i.<\/li>\n<li>Valdo\u0161\u0101 partija pie varas ir vair\u0101k nek\u0101 pusgadsimtu un nev\u0113las\u00a0zaud\u0113t.<\/li>\n<li>P\u0113c v\u0113l\u0113\u0161an\u0101m pazi\u0146ots, ka prezidente Hasana sa\u0146\u0113musi gandr\u012bz 98% balsu.<\/li>\n<li>Opoz\u012bcijas l\u012bderi baid\u0101s par savu dz\u012bv\u012bbu un b\u0113g.<\/li>\n<li>Valst\u012b ieviesta komandantstunda, nedarbojas internets.<\/li>\n<\/ul>\n<p>V\u0113l\u0113\u0161anu komisija pazi\u0146ojusi, ka Tanz\u0101nijas prezidenta v\u0113l\u0113\u0161an\u0101s uzvar\u0113jusi l\u012bdz\u0161in\u0113j\u0101 valsts galva Samija Sulihu Hasana, kas esot sa\u0146\u0113musi gandr\u012bz 98% balsu. Opoz\u012bcija apstr\u012bd \u0161os rezult\u0101tus.<\/p>\n<p>Protest\u0113t\u0101ji izg\u0101ja iel\u0101s, v\u0113l pirms s\u0101k\u0101s balsu skait\u012b\u0161ana, un iemesls ir prezidentes nopietn\u0101ko konkurentu izsl\u0113g\u0161ana &#8220;no sp\u0113les&#8221;.<\/p>\n<p>L\u012bdz \u0161im Tanz\u0101nij\u0101 var\u0113ja justies dro\u0161i<\/p>\n<p>Opoz\u012bcijas partija &#8220;Chadema&#8221; apgalvo, ka sadursm\u0113s nogalin\u0101ti ap 700 cilv\u0113ku. K\u0101ds diplom\u0101tiskais avots britu raidsabiedr\u012bbai BBC paudis, ka dro\u0161i zin\u0101ms par vismaz 500 upuriem. Par l\u012bdz\u012bgu upuru skaitu, atsaucoties uz avotiem dro\u0161\u012bbas iest\u0101d\u0113s, v\u0113sta ar\u012b zi\u0146u a\u0123ent\u016bra AFP. Savuk\u0101rt cilv\u0113kties\u012bbu aizsardz\u012bbas organiz\u0101cija &#8220;Amnesty International&#8221; sa\u0146\u0113musi inform\u0101ciju par vismaz 100 cilv\u0113ku n\u0101vi.<\/p>\n<p>            <img decoding=\"async\" src=\"https:\/\/www.europesays.com\/lv\/wp-content\/uploads\/2025\/11\/rwzq.jpg\" alt=\"Tanz\u0101nie\u0161u protest\u0113t\u0101ji pie Kenijas robe\u017eas nes no\u0161aut\u0101 biedra l\u012b\u0137i\"\/><\/p>\n<p>Tanz\u0101nie\u0161u protest\u0113t\u0101ji pie Kenijas robe\u017eas nes no\u0161aut\u0101 biedra l\u012b\u0137i<\/p>\n<p>Foto: REUTERS, Thomas Mukoya<\/p>\n<\/p>\n<p>BBC avots k\u0101d\u0101 Dares\u0101lamas slimn\u012bc\u0101 pav\u0113st\u012bjis, ka kop\u0161 30. oktobra t\u0101 ir p\u0101rpild\u012bta, t\u0101pat ar\u012b morgi. Valst\u012b ir noteikta komandantstunda.<\/p>\n<p>Tikm\u0113r mier\u012bgi viss ir Zanzib\u0101r\u0101; \u0161\u012b Tanz\u0101nijai piedero\u0161\u0101 sala ir da\u013c\u0113ji autonoma un iev\u0113l\u0113 pati savu vald\u012bbu un prezidentu. Huseins Mvinji no valdo\u0161\u0101s partijas ieguvis gandr\u012bz 80% balsu, kam\u0113r opoz\u012bcija zi\u0146o par masveida viltojumiem. Tikm\u0113r t\u016bristi iestr\u0113ga Zanzib\u0101ras lidost\u0101, jo kontinent\u0101 notieko\u0161o protestu d\u0113\u013c atcelti lidojumi.<\/p>\n<blockquote>\n<p>Raksta autors nodz\u012bvoja Tanz\u0101nij\u0101 vair\u0101k nek\u0101 gadu, no 2022. gada oktobra l\u012bdz 2023. gada oktobra beig\u0101m. Pat k\u0101 &#8220;muzungu&#8221; \u2013 baltais \u2013 jutos dro\u0161i pat nakt\u012bs, dodoties no kroga m\u0101j\u0101s.<\/p>\n<\/blockquote>\n<p>Kas noticis ar \u0161o Austrum\u0101frikas valsti, kuras dev\u012bze skan &#8220;\u0100frikas smadzenes&#8221;? Kur palicis veselais sapr\u0101ts?<\/p>\n<p>Paties\u012bb\u0101 dusmas gruzd\u0113ja jau ilgi pirms v\u0113l\u0113\u0161an\u0101m. Tanz\u0101nijas prezidente Samija Sulihu Hasana bijusi pie varas kop\u0161 2021. gada, ie\u0146emot amatu p\u0113c priek\u0161g\u0101j\u0113ja D\u017eona Pombes Magufuli p\u0113k\u0161\u0146\u0101s n\u0101ves. Hasana par prezidenti k\u013cuva nevis v\u0113l\u0113\u0161anu ce\u013c\u0101, bet pateicoties tam, ka pirms tam bijusi\u00a0valsts viceprezidente.<\/p>\n<p>            <img decoding=\"async\" src=\"https:\/\/www.europesays.com\/lv\/wp-content\/uploads\/2025\/11\/rwzr.jpg\" alt=\"Tanz\u0101nijas prezidente Samija Sulihu Hasana\"\/><\/p>\n<p>Tanz\u0101nijas prezidente Samija Sulihu Hasana<\/p>\n<p>Foto: AFP, MICHAEL JAMSON<\/p>\n<\/p>\n<blockquote>\n<p>Saukta par &#8220;Mama Samija&#8221;, vi\u0146a pret opoz\u012bciju iztur\u0113jusies k\u0101 pret nepaklaus\u012bgiem b\u0113rniem, gan &#8220;ieliekot kakt\u0101&#8221;, proti, liedzot dal\u012bbu v\u0113l\u0113\u0161an\u0101s, gan ar\u012b iemetot cietum\u0101.<\/p>\n<\/blockquote>\n<p>Tie, kas tur\u0113ju\u0161ies no politikas pa gabalu, nebija apdraud\u0113ti, bet nopietn\u0101kie oponenti ir &#8220;no\u0146emti no trases&#8221;, turkl\u0101t cilv\u0113ki ar\u012b pazudu\u0161i vai atrasti noslepkavoti.<\/p>\n<p>Valdo\u0161\u0101 partija m\u0101c\u012bjusies no \u0136\u012bnas<\/p>\n<p>V\u0113l\u0113\u0161an\u0101s l\u012bdztekus Hasanai start\u0113ja 16 maz\u0101ku partiju kandid\u0101ti, ta\u010du vi\u0146us eso\u0161\u0101 vara neuzskat\u012bja par v\u0113r\u0101 \u0146emamiem. Turpretim diviem galvenajiem s\u0101ncen\u0161iem dal\u012bba bija liegta. Vi\u0146u apklusin\u0101\u0161anai izmantot\u0101s metodes bija itin l\u012bdz\u012bgas mums labi zin\u0101majai Baltkrievijai un Krievijai.<\/p>\n<blockquote>\n<p>Tundu Lisu, opoz\u012bcijas partijas &#8220;Chadema&#8221; l\u012bderis, jau m\u0113ne\u0161iem ilgi atrodas apcietin\u0101jum\u0101, aps\u016bdz\u0113ts valsts nodev\u012bb\u0101 \u2013 \u0161\u0101di trakt\u0113ts vi\u0146a aicin\u0101jums uz v\u0113l\u0113\u0161anu reform\u0101m, lai t\u0101s b\u016btu br\u012bvas un god\u012bgas. Cits opoz\u012bcijas l\u012bderis, Luhaga Mpina no partijas &#8220;ACT-Wazalendo&#8221;, diskvalific\u0113ts no kandid\u0113\u0161anas.<\/p>\n<\/blockquote>\n<p>&#8220;Chadema&#8221; viens no vad\u012bt\u0101jiem paudis, ka baid\u0101s par savu dz\u012bv\u012bbu, jo &#8220;slakti\u0146\u0161 notiek nakt\u012b, kad neviens neredz&#8221;. Dro\u0161\u012bbnieki mekl\u0113jot opoz\u012bcijas l\u012bderus, da\u017eiem izdevies aizb\u0113gt no valsts. &#8220;\u0160ie cilv\u0113ki slepkavo nesod\u012bti,&#8221; programm\u0101 &#8220;BBC Newshour&#8221; pazi\u0146oja &#8220;Chadema&#8221; \u0101rlietu un diasporas lietu direktors D\u017eons Kitoka.<\/p>\n<p>Tanz\u0101nij\u0101 kop\u0161 1961. gada varas gro\u017ei atrodas &#8220;Chama cha Mapinduzi&#8221; (CCM) \u2013 Revol\u016bcijas partijas \u2013 rok\u0101s. Tikai 1992. gad\u0101 Tanz\u0101nija ieviesa daudzpartiju sist\u0113mu, tom\u0113r &#8220;revolucion\u0101ru&#8221; dominance saglab\u0101j\u0101s, un vi\u0146i negras\u0101s tik vienk\u0101r\u0161i padoties.<\/p>\n<p>Nevalstisk\u0101 organiz\u0101cija &#8220;Armed Conflict Location &amp; Event Data&#8221; (ACLED), kas seko bru\u0146otiem konfliktiem un protestu kust\u012bb\u0101m pasaul\u0113, raksturo CCM k\u0101 &#8220;p\u0113d\u0113jo no hegemoniskaj\u0101m atbr\u012bvo\u0161an\u0101s partij\u0101m&#8221;, kura m\u0113\u0123ina notur\u0113ties pie varas, blo\u0137\u0113jot opoz\u012bciju &#8220;ar administrat\u012bviem, juridiskiem un \u0101rpuslikuma l\u012bdzek\u013ciem&#8221;.<\/p>\n<p>Z\u012bm\u012bgi, ka CMM ir, no k\u0101 m\u0101c\u012bties, \u0161ai partijai ir gadu desmitiem cie\u0161as saites ar \u0136\u012bnas Komunistisko partiju. Vien\u012bgi at\u0161\u0137ir\u012bb\u0101 no Pekinas Tanz\u0101nijas varas monopolisti imit\u0113 vismaz k\u0101du demokr\u0101tiju, tikai aizvien maz\u0101k. CMM un valsts apar\u0101ts ir b\u016bt\u012bb\u0101 viens un tas pats, partijas kontrol\u0113 ir varas notur\u0113\u0161anai b\u016btiskie dro\u0161\u012bbas dienesti.<\/p>\n<p>Represijas pret opoz\u012bciju<\/p>\n<p>ANO cilv\u0113kties\u012bbu ekspertu komisija j\u016bnij\u0101 uzskait\u012bja vair\u0101k nek\u0101 200 &#8220;piespiedu pazu\u0161anas&#8221; gad\u012bjumu kop\u0161 2019. gada, pau\u017eot &#8220;dzi\u013cu satraukumu&#8221; pirms Tanz\u0101nijas v\u0113l\u0113\u0161an\u0101m.<\/p>\n<p>Starptautisk\u0101 kr\u012b\u017eu grupa sav\u0101 jaun\u0101kaj\u0101 anal\u012bz\u0113 raksta, ka Tanz\u0101nijas prezidente &#8220;\u012bstenojusi nepieredz\u0113tu represiju vilni pret politiskajiem pretiniekiem&#8221;. Policija patrul\u0113 ne tikai iel\u0101s, bet ar\u012b internet\u0101 \u2013 soct\u012bklus laiku pa laikam blo\u0137\u0113, par karikat\u016bru ar prezidenti var iek\u013c\u016bt nepatik\u0161an\u0101s.<\/p>\n<p>            <img decoding=\"async\" src=\"https:\/\/www.europesays.com\/lv\/wp-content\/uploads\/2025\/11\/rwzp.jpg\" alt=\"Tanz\u0101nijas prezidentes Samijas Hasanas plak\u0101tu armijniekiem nav izdevies nosarg\u0101t\"\/><\/p>\n<p>Tanz\u0101nijas prezidentes Samijas Hasanas plak\u0101tu armijniekiem nav izdevies nosarg\u0101t<\/p>\n<p>Foto: REUTERS, Thomas Mukoya<\/p>\n<\/p>\n<p>Ir diezgan ac\u012bmredzami, ka &#8220;mamma&#8221; Hasana negrib piedz\u012bvot to pa\u0161u, kas jau norisin\u0101s kaimi\u0146valst\u012bs. Ugand\u0101 opoz\u012bcijas kust\u012bba &#8220;People Power&#8221; (Tautas vara) cen\u0161as p\u0101rtraukt gandr\u012bz 40 gadu ilgu\u0161o prezidenta Joveri Museveni vald\u012b\u0161anu. Kenij\u0101 prezidents Viljams Ruto ir iev\u0113l\u0113ts tikai kop\u0161 2022. gada, bet ar\u012b \u0161eit p\u0113rn un \u0161\u0101 gada s\u0101kum\u0101 izc\u0113l\u0101s protesti un iel\u0101s izg\u0101ja armija.<\/p>\n<p>Krietni t\u0101l\u0101kaj\u0101 Madagaskar\u0101 oktobr\u012b jaunie\u0161u protesti izv\u0113rt\u0101s tik nopietni, ka prezidents aizb\u0113ga no valsts, bet armija p\u0101rg\u0101ja nemiernieku pus\u0113.<\/p>\n<p>Tom\u0113r at\u0161\u0137ir\u012bb\u0101 no virknes citu \u0100frikas valstu Tanz\u0101nij\u0101 nekad nav bijis pilso\u0146u kar\u0161 un ar\u012b ne tik asi\u0146aina diktat\u016bra k\u0101 kaimi\u0146os Ugand\u0101 diktatora Idi Amini vald\u012b\u0161anas laik\u0101.<\/p>\n<blockquote>\n<p>\u0160eit veiksm\u012bgi sadz\u012bvo abas liel\u0101s reli\u0123ijas \u2013 kristie\u0161i un musulma\u0146i. Nav nekas neparasts, kad p\u0101rbl\u012bv\u0113t\u0101 autobus\u0101 blakus brauc v\u012brietis, sieviete kailiem pleciem un musulmaniete nik\u0101b\u0101.<\/p>\n<\/blockquote>\n<p>J\u0101teic, ka \u0161is konservat\u012bvais ap\u0123\u0113rba stils \u012bpa\u0161i daudz nav v\u0113rojams pat t\u016bristu iecien\u012btaj\u0101 Zanzib\u0101r\u0101, kur gandr\u012bz visi iedz\u012bvot\u0101ji ir musulma\u0146i.<\/p>\n<p>Internets ir blo\u0137\u0113ts<\/p>\n<p>Samija pati ir musulmaniete no Zanzib\u0101ras, vi\u0146a vienm\u0113r ir veicin\u0101jusi reli\u0123isku toleranci. Prezidente valk\u0101 hid\u017e\u0101bu \u2013 musulma\u0146u lakatu,\u00a0bet vi\u0146as vald\u012bbas ministres to nedara. Tie\u0161i &#8220;amani&#8221; \u2013 miers svahili valod\u0101 \u2013 \u013c\u0101vis CMM notur\u0113t varu, it \u012bpa\u0161i laukos.<\/p>\n<p>V\u0113l 29. oktobra r\u012bt\u0101 Tanz\u0101nijas laikraksts &#8220;Citizen&#8221; cit\u0113ja v\u0113l\u0113t\u0101jus no iecirk\u0146a Daresal\u0101mas rajon\u0101 Kinondoni. &#8220;M\u0113s balsojam par harmoniju, un tas man dod cer\u012bbu, ka rezult\u0101ts atspogu\u013cos tautas gribu,&#8221; sac\u012bja Hamisi Kihesa.<\/p>\n<p>N\u0113ma Daniela bija priec\u012bga par dro\u0161\u012bbnieku kl\u0101tb\u016btni: &#8220;V\u0113l\u0113t\u0101ju vid\u016b valda discipl\u012bna un savstarp\u0113ja cie\u0146a \u2013 par to varam b\u016bt lepni.&#8221; Faustina Njalali balsoja pirmo reizi: &#8220;Es j\u016btos dro\u0161a un l\u012bdzdal\u012bga.&#8221; L\u012bdz protestiem un vardarb\u012bbai iel\u0101s vairs nebija ilgi j\u0101gaida&#8230;<\/p>\n<p>Internets Tanz\u0101nij\u0101 pa\u0161laik ir blo\u0137\u0113ts vai ierobe\u017eots, un raksta autoram neizdev\u0101s\u00a0sazin\u0101ties ar saviem draugiem \u0161aj\u0101 valst\u012b, kur m\u012bt ar\u012b latvie\u0161i. Varu tikai cer\u0113t, ka safari ce\u013cojumu ekspertiem Dacei ar Rom\u0101nu viss ir k\u0101rt\u012bb\u0101, Santai vi\u0146as izgl\u012bt\u012bbas misij\u0101 t\u0101lajos laukos ar\u012b kl\u0101jas labi, cerams, riepas nedeg un zald\u0101ti ne\u0161auj Kigamboni, Dares\u0101lamas rajon\u0101.<\/p>\n<p>LSM.lv v\u0113l\u0101k tom\u0113r izdev\u0101s sazin\u0101ties ar tautieti, kur\u0161 Zanzib\u0101r\u0101 jau daudzus gadus str\u0101d\u0101 t\u016brisma biznes\u0101. Vi\u0146\u0161 raksta, ka Zanzib\u0101r\u0101 viss ir mier\u012bgi, tom\u0113r nepat\u012bkami ir Daresal\u0101m\u0101, Aru\u0161\u0101, Mvanz\u0101, cit\u0101s pils\u0113t\u0101s kontinent\u0101.<\/p>\n<blockquote>\n<p>&#8220;Es \u0161o visu biju dzird\u0113jis, un gudr\u0101kie biznesme\u0146i izbrauc no valsts v\u0113l\u0113\u0161anu laik\u0101,&#8221; piebilst latvietis, kur\u0161, neraugoties uz notieko\u0161o, aizvien m\u012bl Tanz\u0101niju.<\/p>\n<\/blockquote>\n<p>Pagaid\u0101m nevaru uzzin\u0101t, par ko apmekl\u0113t\u0101ji sprie\u017e Tedijas un vi\u0146as v\u012bra Mario krodzi\u0146\u0101 &#8220;The Legend&#8221; un vai bodaboda jeb motociklu &#8220;taksometru&#8221; pui\u0161i piedal\u0101s protestos. Pa\u013caujos, ka nekas nekai\u0161 bodniekam, pie kura regul\u0101ri iepirkos, Fatumas tantei no viesn\u012bcas ar smalko nosaukumu &#8220;Royal Lodge&#8221;, Sofijai no ce\u013cmalas \u0113stuves ar pavardu zem koka, medic\u012bnas profesoram, kur\u0161 1982. gad\u0101 bija viesojies R\u012bg\u0101, N\u0113mai ar d\u0113lu un daudziem, daudziem citiem.<\/p>\n<blockquote>\n<p>Tanz\u0101nijas himna s\u0101kas ar v\u0101rdiem &#8220;Mungu ibariki Afrika&#8221; \u2013 &#8220;Dievs, sv\u0113t\u012b \u0100friku!&#8221;, l\u012bdz\u012bgi k\u0101 Latvijas himna. V\u0113l redz\u0113sim, vai tanz\u0101nie\u0161i sa\u0146ems sv\u0113t\u012bbu\u00a0vai ar\u012b vi\u0146us gaida diktat\u016bras laiks.<\/p>\n<\/blockquote>\n<p>KONTEKSTS:<\/p>\n<p>2025. gada 29. oktobr\u012b Tanz\u0101nij\u0101 notika parlamenta, pa\u0161vald\u012bbu un prezidenta v\u0113l\u0113\u0161anas. Uz prezidenta amatu pretend\u0113ja pa\u0161reiz\u0113j\u0101 l\u012bdere Samija Sulufu Hasana un 16 mazu partiju p\u0101rst\u0101vji.<\/p>\n<p>Divi galvenie opoz\u012bcijas l\u012bderi ir atstumti no v\u0113l\u0113\u0161an\u0101m \u2013 viens m\u0113ne\u0161iem ilgi aps\u016bdz\u0113ts par &#8220;valsts nodev\u012bbu&#8221; un apcietin\u0101ts, otrs diskvalific\u0113ts. \u0160\u012b Austrum\u0101frikas valsts, neraugoties uz politiskaj\u0101m represij\u0101m, gadu desmitiem ilgi bijusi miera osta.<\/p>\n<p>P\u0113c v\u0113l\u0113\u0161an\u0101m tika pazi\u0146ots, ka l\u012bdz\u0161in\u0113j\u0101 valsts galva\u00a0Samija Sulufu Hasana sa\u0146\u0113musi gandr\u012bz 98% balsu. Opoz\u012bcija jau pirms v\u0113l\u0113\u0161anu rezult\u0101tu pazi\u0146o\u0161anas s\u0101ka protestus; tiek zi\u0146ots par simtiem upuru.<\/p>\n","protected":false},"excerpt":{"rendered":"Parlamenta un prezidenta v\u0113l\u0113\u0161anas Tanz\u0101nij\u0101, kas s\u0101k\u0101s mierpilni, izv\u0113rtu\u0161\u0101s ielu protestos un slakti\u0146\u0101. Karav\u012bri atkl\u0101ja uguni pret saviem&hellip;\n","protected":false},"author":2,"featured_media":38650,"comment_status":"","ping_status":"","sticky":false,"template":"","format":"standard","meta":{"footnotes":""},"categories":[14],"tags":[23,57,28,29,32,33,22,30,31,35,39,38,36,37,34,40,20,26,27,24,25,54,55,56,21,58],"class_list":{"0":"post-38649","1":"post","2":"type-post","3":"status-publish","4":"format-standard","5":"has-post-thumbnail","7":"category-zinas-no-arvalstim","8":"tag-aktualitates","9":"tag-arvalstim","10":"tag-breaking-news","11":"tag-breakingnews","12":"tag-featured-news","13":"tag-featurednews","14":"tag-headlines","15":"tag-latest-news","16":"tag-latestnews","17":"tag-latvia","18":"tag-latvian","19":"tag-latviesu","20":"tag-latviesu-valoda","21":"tag-latviesuvaloda","22":"tag-latvija","23":"tag-lv","24":"tag-news","25":"tag-popularakas-zinas","26":"tag-popularakaszinas","27":"tag-top-stories","28":"tag-topstories","29":"tag-world","30":"tag-world-news","31":"tag-worldnews","32":"tag-zinas","33":"tag-zinas-no-arvalstim"},"share_on_mastodon":{"url":"https:\/\/pubeurope.com\/@lv\/115485153081790526","error":""},"_links":{"self":[{"href":"https:\/\/www.europesays.com\/lv\/wp-json\/wp\/v2\/posts\/38649","targetHints":{"allow":["GET"]}}],"collection":[{"href":"https:\/\/www.europesays.com\/lv\/wp-json\/wp\/v2\/posts"}],"about":[{"href":"https:\/\/www.europesays.com\/lv\/wp-json\/wp\/v2\/types\/post"}],"author":[{"embeddable":true,"href":"https:\/\/www.europesays.com\/lv\/wp-json\/wp\/v2\/users\/2"}],"replies":[{"embeddable":true,"href":"https:\/\/www.europesays.com\/lv\/wp-json\/wp\/v2\/comments?post=38649"}],"version-history":[{"count":0,"href":"https:\/\/www.europesays.com\/lv\/wp-json\/wp\/v2\/posts\/38649\/revisions"}],"wp:featuredmedia":[{"embeddable":true,"href":"https:\/\/www.europesays.com\/lv\/wp-json\/wp\/v2\/media\/38650"}],"wp:attachment":[{"href":"https:\/\/www.europesays.com\/lv\/wp-json\/wp\/v2\/media?parent=38649"}],"wp:term":[{"taxonomy":"category","embeddable":true,"href":"https:\/\/www.europesays.com\/lv\/wp-json\/wp\/v2\/categories?post=38649"},{"taxonomy":"post_tag","embeddable":true,"href":"https:\/\/www.europesays.com\/lv\/wp-json\/wp\/v2\/tags?post=38649"}],"curies":[{"name":"wp","href":"https:\/\/api.w.org\/{rel}","templated":true}]}}