{"id":3865,"date":"2025-09-24T14:34:08","date_gmt":"2025-09-24T14:34:08","guid":{"rendered":"https:\/\/www.europesays.com\/lv\/3865\/"},"modified":"2025-09-24T14:34:08","modified_gmt":"2025-09-24T14:34:08","slug":"dziedatajs-markus-riva-atklata-saruna-par-to-kas-noticis-video","status":"publish","type":"post","link":"https:\/\/www.europesays.com\/lv\/3865\/","title":{"rendered":"dzied\u0101t\u0101js Markus Riva atkl\u0101t\u0101 sarun\u0101 par to, kas noticis (+ VIDEO)"},"content":{"rendered":"<p>        <img loading=\"lazy\" decoding=\"async\" class=\"lazy lazy-hidden size-full wp-image-207668\" src=\"data:image\/gif;base64,R0lGODlhAQABAIAAAAAAAP\/\/\/yH5BAEAAAAALAAAAAABAAEAAAIBRAA7\" data-lazy-type=\"image\" data-lazy-src=\"https:\/\/www.europesays.com\/lv\/wp-content\/uploads\/2025\/09\/Ekranuznemums-2025-09-24-164803.jpg\" alt=\"\" width=\"818\" height=\"548\" data-lazy- data-lazy-\/>Foto \u2013 ekr\u0101nuz\u0146\u0113mums<\/p>\n<p>Viens no Latvijas spilgt\u0101kajiem dzied\u0101t\u0101jiem Markus Riva n\u0101cis klaj\u0101 ar pavisam person\u012bg\u0101m atzi\u0146\u0101m, ko vi\u0146\u0161 tagad ir gatavs atkl\u0101t ar\u012b pla\u0161\u0101kai publikai.<\/p>\n<p>Pavisam nesen, 21. septembr\u012b \u201cUlbrokas p\u0113rl\u0113\u201d bija piln\u012bb\u0101 izp\u0101rdots Markusa Rivas un Talsu Balt\u0101 kora koncerts, ko skat\u012bt\u0101ji uz\u0146\u0113ma ar st\u0101vov\u0101cij\u0101m un bi\u013cetes \u201ciz\u0137\u0113ra\u201d k\u0101 karstus p\u012br\u0101dzi\u0146us. Daudzi, kas v\u0113l\u0113j\u0101s to apmekl\u0113t, netika, jo bi\u013ce\u0161u vairs nebija.<\/p>\n<p>Raid\u012bjum\u0101 \u201c900 sekundes\u201d Markus Riva studij\u0101 n\u0101cis klaj\u0101 ar iepriecino\u0161u zi\u0146u: \u201cKoncerts bija \u013coti, \u013coti sirsn\u012bgs. M\u0113s tagad izzi\u0146ojam, ka 21. decembr\u012b m\u0113s atkal tiksimies \u201cUlbrokas p\u0113rl\u0113\u201d un atk\u0101rtosim \u0161o te skaisto, aizkustino\u0161o koncertu. T\u0101 k\u0101 tie, kas nepasp\u0113ja dab\u016bt bi\u013cetes, tad 21. decembris ir t\u0101 diena, kad var\u0113sim tikties.\u201d<\/p>\n<p>Tikm\u0113r jau pavisam dr\u012bz, Markusam s\u0101kusies ar\u012b akt\u012bv\u0101 TV sezona \u2013 vi\u0146\u0161 jau sesto reizi p\u0113c k\u0101rtas iej\u016btas TV \u0161ova \u201cX Faktors\u201d vad\u012bt\u0101ja lom\u0101, jo jau \u0161o sv\u0113tdien, 28. septembr\u012b \u201cgais\u0101 iet\u201d \u0161ova sest\u0101 sezona. Un ar\u012b par to vi\u0146am ir \u0161is tas sak\u0101ms: \u201cVienm\u0113r, kad ir \u0161\u012bs atlases un p\u0113c tam notiek \u0161ie pirmie ieraksti, es pie sevis dom\u0101ju \u2013 ko tad v\u0113l m\u0113s neesam redz\u0113ju\u0161i. Un, izr\u0101d\u0101s, ka neesam. Tie talanti mums ir! Cilv\u0113ki, ko v\u0113l neesam satiku\u0161i, \u013coti kolor\u012bti. Es dom\u0101ju, ka skat\u012bt\u0101jiem \u013coti interesanti b\u016bs tie pirmie raid\u012bjumi, kad atkal pirmdien gan soci\u0101lajos t\u012bklos, gan darbaviet\u0101s visi apspried\u012bs \u0161ov\u0101 redz\u0113tos jaunos varo\u0146us.\u201d<\/p>\n<p>Lasi v\u0113l:\u00a0<a href=\"https:\/\/dzentlmenis.lv\/lidz-18-gradiem-meteorologs-toms-bricis-nak-klaja-ar-iepriecinosam-prognozem-un-pazino-cik-ilgi-latvija-saglabasies-sauss-saulains-un-silts-rudens\/207611\/\" target=\"_blank\" rel=\"noopener nofollow\">\u201cL\u012bdz +18 gr\u0101diem!\u201d: meteorologs Toms Bricis n\u0101k klaj\u0101 ar iepriecino\u0161\u0101m prognoz\u0113m un pazi\u0146o, cik ilgi Latvij\u0101 saglab\u0101sies sauss, saulains un silts rudens<\/a><\/p>\n<p>Tom\u0113r pati galven\u0101 zi\u0146a dzied\u0101t\u0101jam ir cita \u2013 vi\u0146\u0161 laidis klaj\u0101 jaunu dziesmu, kurai dots nosaukums \u201cJa pasaule \u0161onakt apst\u0101sies\u201d. T\u0101 ir latvie\u0161u valod\u0101 un Markus nesl\u0113pj, ka saist\u012bta ar\u012b ar person\u012bgiem p\u0101rdz\u012bvojumiem.<\/p>\n<p><img loading=\"lazy\" decoding=\"async\" class=\"lazy lazy-hidden size-full wp-image-207666\" src=\"data:image\/gif;base64,R0lGODlhAQABAIAAAAAAAP\/\/\/yH5BAEAAAAALAAAAAABAAEAAAIBRAA7\" data-lazy-type=\"image\" data-lazy-src=\"https:\/\/www.europesays.com\/lv\/wp-content\/uploads\/2025\/09\/Ekranuznemums-2025-09-24-164859.jpg\" alt=\"\" width=\"818\" height=\"530\" data-lazy- data-lazy-\/>Foto \u2013 ekr\u0101nuz\u0146\u0113mums<\/p>\n<p>\u201cT\u0101 ir latvie\u0161u valod\u0101, t\u0101da saldi s\u0113r\u012bga, jo ir beigusies vasara. Gribas to v\u0113l patur\u0113t mazliet sav\u0101s rok\u0101s, bet diem\u017e\u0113l m\u0113s to nevaram izdar\u012bt. T\u0101p\u0113c ar\u012b visa t\u0101 dziesmas noska\u0146a ir melanholiska. Protams, tas ir saist\u012bb\u0101 ar person\u012bg\u0101m liet\u0101m \u2013 ja tu kaut ko j\u016bti, tev ir k\u0101di p\u0101rdz\u012bvojumi, tas ir kaut kas no sirds \u2013 tad tu s\u0113di un raksti dzejas rindas.\u201d<\/p>\n<p>Pirm\u0101 dziesmas versija bija ang\u013cu valod\u0101, ko Markus sarakst\u012bja kop\u0101 ar draugu Rom\u0101nu, kur\u0161 ir no Ukrainas, apm\u0113ram pirms gada: \u201cP\u0113c tam es izdom\u0101ju, ka \u0161o dziesmu grib\u0113tu ieska\u0146ot latviski un kaut k\u0101 tas teksts t\u0101 \u013coti dabiski rad\u0101s. Tad es sapratu, ka tie\u0161i \u0161is rudens ir tas, kad vajag to izdar\u012bt.\u201d<\/p>\n<p><img loading=\"lazy\" decoding=\"async\" class=\"lazy lazy-hidden size-full wp-image-207667\" src=\"data:image\/gif;base64,R0lGODlhAQABAIAAAAAAAP\/\/\/yH5BAEAAAAALAAAAAABAAEAAAIBRAA7\" data-lazy-type=\"image\" data-lazy-src=\"https:\/\/www.europesays.com\/lv\/wp-content\/uploads\/2025\/09\/Ekranuznemums-2025-09-24-164722.jpg\" alt=\"\" width=\"818\" height=\"538\" data-lazy- data-lazy-\/>Foto \u2013 ekr\u0101nuz\u0146\u0113mums<\/p>\n<p>Dzied\u0101t\u0101jam \u0161is ir rado\u0161s, aiz\u0146emts laiks \u2013 ir gan n\u0101kusi klaj\u0101 jaun\u0101 dziesma, gan vi\u0146\u0161 s\u0101cis gatavoties jaunajai TV sezonai, un pavisam nesen vi\u0146\u0161 ieska\u0146oja dziesmu jaunajam TV seri\u0101lam \u201cLuksofors\u201d, kas Markusam bija pavisam jauna pieredze.<\/p>\n<p>Savuk\u0101rt dziesmas m\u016bzikas videoklips ir tapis \u013coti interesanti: \u201cTas ir saist\u012bts ar t\u0101m film\u0101m, kas ir par pasaules galu \u2013 kur visas ma\u0161\u012bnas apst\u0101jas un nekas nenotiek. Tad nu m\u0113s ar\u012b t\u0101 \u2013 kaut kur ejam, kaut ko mekl\u0113jam. Tad nu es k\u0101rt\u012bgi izvaz\u0101jos pa Latvijas laukiem un dub\u013ciem, lai realiz\u0113tu \u0161o te vizu\u0101lo versiju.\u201d<\/p>\n<p>Markus Riva viesojas raid\u012bjum\u0101 \u201c900 sekundes\u201d, video:<br \/><img decoding=\"async\" src=\"data:image\/gif;base64,R0lGODlhAQABAIAAAAAAAP\/\/\/yH5BAEAAAAALAAAAAABAAEAAAIBRAA7\" class=\"lazy lazy-hidden\" data-lazy-type=\"iframe\" data-lazy-src=\"&lt;iframe loading=&quot;lazy&quot; class=&quot;tv3play&quot; src=&quot;https:\/\/play.tv3.lv\/embed-video\/markus-riva-izdod-jaunu-dziesmu-latviesu-valoda-ja-pasaule-sonakt-apstasies,clip-10168825?autoplayOnHover=true&quot; width=&quot;640&quot; height=&quot;360&quot; frameborder=&quot;0&quot; scrolling=&quot;no&quot; allowfullscreen=&quot;allowfullscreen&quot;&gt;&lt;\/iframe&gt;\" alt=\"\"\/><\/p>\n<p>\u201cJa pasaule \u0161onakt apst\u0101sies\u201d, m\u016bzikas video:<br \/><img decoding=\"async\" src=\"data:image\/gif;base64,R0lGODlhAQABAIAAAAAAAP\/\/\/yH5BAEAAAAALAAAAAABAAEAAAIBRAA7\" class=\"lazy lazy-hidden\" data-lazy-type=\"iframe\" data-lazy-src=\"&lt;iframe loading=&quot;lazy&quot; title=&quot;YouTube video player&quot; src=&quot;https:\/\/www.youtube.com\/embed\/LO662n1VTxI?si=wr1J-IKCMOm8qqx3&quot; width=&quot;560&quot; height=&quot;315&quot; frameborder=&quot;0&quot; allowfullscreen=&quot;allowfullscreen&quot;&gt;&lt;\/iframe&gt;\" alt=\"\"\/><\/p>\n","protected":false},"excerpt":{"rendered":"Foto \u2013 ekr\u0101nuz\u0146\u0113mums Viens no Latvijas spilgt\u0101kajiem dzied\u0101t\u0101jiem Markus Riva n\u0101cis klaj\u0101 ar pavisam person\u012bg\u0101m atzi\u0146\u0101m, ko vi\u0146\u0161&hellip;\n","protected":false},"author":2,"featured_media":3866,"comment_status":"","ping_status":"","sticky":false,"template":"","format":"standard","meta":{"footnotes":""},"categories":[19],"tags":[89,90,35,39,38,1887,36,37,34,40,1888],"class_list":{"0":"post-3865","1":"post","2":"type-post","3":"status-publish","4":"format-standard","5":"has-post-thumbnail","7":"category-izklaide","8":"tag-entertainment","9":"tag-izklaide","10":"tag-latvia","11":"tag-latvian","12":"tag-latviesu","13":"tag-latviesu-dziedatajs","14":"tag-latviesu-valoda","15":"tag-latviesuvaloda","16":"tag-latvija","17":"tag-lv","18":"tag-markus-riva"},"share_on_mastodon":{"url":"","error":""},"_links":{"self":[{"href":"https:\/\/www.europesays.com\/lv\/wp-json\/wp\/v2\/posts\/3865","targetHints":{"allow":["GET"]}}],"collection":[{"href":"https:\/\/www.europesays.com\/lv\/wp-json\/wp\/v2\/posts"}],"about":[{"href":"https:\/\/www.europesays.com\/lv\/wp-json\/wp\/v2\/types\/post"}],"author":[{"embeddable":true,"href":"https:\/\/www.europesays.com\/lv\/wp-json\/wp\/v2\/users\/2"}],"replies":[{"embeddable":true,"href":"https:\/\/www.europesays.com\/lv\/wp-json\/wp\/v2\/comments?post=3865"}],"version-history":[{"count":0,"href":"https:\/\/www.europesays.com\/lv\/wp-json\/wp\/v2\/posts\/3865\/revisions"}],"wp:featuredmedia":[{"embeddable":true,"href":"https:\/\/www.europesays.com\/lv\/wp-json\/wp\/v2\/media\/3866"}],"wp:attachment":[{"href":"https:\/\/www.europesays.com\/lv\/wp-json\/wp\/v2\/media?parent=3865"}],"wp:term":[{"taxonomy":"category","embeddable":true,"href":"https:\/\/www.europesays.com\/lv\/wp-json\/wp\/v2\/categories?post=3865"},{"taxonomy":"post_tag","embeddable":true,"href":"https:\/\/www.europesays.com\/lv\/wp-json\/wp\/v2\/tags?post=3865"}],"curies":[{"name":"wp","href":"https:\/\/api.w.org\/{rel}","templated":true}]}}