{"id":38659,"date":"2025-11-03T10:00:06","date_gmt":"2025-11-03T10:00:06","guid":{"rendered":"https:\/\/www.europesays.com\/lv\/38659\/"},"modified":"2025-11-03T10:00:06","modified_gmt":"2025-11-03T10:00:06","slug":"markuss-rutentals-dueta-ar-katrinu-dimantu-izdod-dziesmu-velu-rita","status":"publish","type":"post","link":"https:\/\/www.europesays.com\/lv\/38659\/","title":{"rendered":"Markuss R\u016btent\u0101ls duet\u0101 ar Katr\u012bnu Dimantu izdod dziesmu &#8220;V\u0113lu r\u012bt\u0101&#8221;"},"content":{"rendered":"<p><a href=\"https:\/\/sejas.tvnet.lv\/term\/809680\/markuss-rutentals\" class=\"topicLink\" target=\"_blank\" rel=\"nofollow noopener\">Markuss R\u016btent\u0101ls<\/a> sevi Latvijas m\u016bzikas vid\u0113 pieteica 2025. gada august\u0101 ar debijas singlu &#8220;Atpaka\u013c&#8221;. Ruden\u012b rad\u012btais otrais ori\u0123in\u0101ldarbs &#8220;V\u0113lu r\u012bt\u0101&#8221; tapis kop\u0101 ar Katr\u012bnu Dimantu, ar kuru m\u016bzi\u0137is iepriek\u0161 kop\u0101 jau str\u0101d\u0101jis uz skatuves J\u0101\u0146a L\u016bs\u0113na un K\u0101r\u013ca V\u0113rdi\u0146a m\u016bzikl\u0101 &#8220;Zvaigznes b\u0113rns&#8221;, kur Katr\u012bna atveidoja vi\u0146a t\u0113la m\u0101tes lomu.<\/p>\n<p>Dziesmai rakstur\u012bgs indie pop-roka skan\u0113jums, kas apvienojum\u0101 ar dinamisk\u0101m tempa mai\u0146\u0101m un emocion\u0101lu tekstu klaus\u012bt\u0101jam \u013cauj iejusties dziesmas st\u0101sta noska\u0146\u0101.<\/p>\n<p>Katr\u012bna uzsver, ka vi\u0146ai bija interesanti sadarboties ar jauno, daudzsolo\u0161o m\u0101kslinieku: &#8220;Markum ir lieliska muzikalit\u0101te, ar vi\u0146u ir viegli kop\u0101 str\u0101d\u0101t un izstaig\u0101t muzik\u0101los ce\u013cus.<\/p>\n<p>Man pa\u0161ai \u0161\u0137iet, ka j\u0101dzied par t\u0113m\u0101m, kas ir aktu\u0101las, un ar\u012b man reiz\u0113m tas laiks aizskrien daudz \u0101tr\u0101k, nek\u0101 v\u0113l\u0113tos, tad nu mekl\u0113ju tos agros r\u012btus, kuros izgul\u0113ties un sp\u0113t mosties t\u0101, lai dienai esi gatavs uzreiz! Pa laika upi ejam m\u0113s, viens otru nepamanot, &#8211; ir mana m\u012b\u013c\u0101k\u0101 rindi\u0146a no dziesmas, jo man \u0161\u0137iet, ka ikdien\u0101 aizskrienam l\u012bdzcilv\u0113kiem gar\u0101m. Pie t\u0101 der piedom\u0101t.&#8221;<\/p>\n","protected":false},"excerpt":{"rendered":"Markuss R\u016btent\u0101ls sevi Latvijas m\u016bzikas vid\u0113 pieteica 2025. gada august\u0101 ar debijas singlu &#8220;Atpaka\u013c&#8221;. Ruden\u012b rad\u012btais otrais ori\u0123in\u0101ldarbs&hellip;\n","protected":false},"author":2,"featured_media":38660,"comment_status":"","ping_status":"","sticky":false,"template":"","format":"standard","meta":{"footnotes":""},"categories":[19],"tags":[89,90,11264,35,39,38,36,37,34,40,11265],"class_list":{"0":"post-38659","1":"post","2":"type-post","3":"status-publish","4":"format-standard","5":"has-post-thumbnail","7":"category-izklaide","8":"tag-entertainment","9":"tag-izklaide","10":"tag-katrina-dimanta","11":"tag-latvia","12":"tag-latvian","13":"tag-latviesu","14":"tag-latviesu-valoda","15":"tag-latviesuvaloda","16":"tag-latvija","17":"tag-lv","18":"tag-markuss-rutentals"},"share_on_mastodon":{"url":"https:\/\/pubeurope.com\/@lv\/115485187955124123","error":""},"_links":{"self":[{"href":"https:\/\/www.europesays.com\/lv\/wp-json\/wp\/v2\/posts\/38659","targetHints":{"allow":["GET"]}}],"collection":[{"href":"https:\/\/www.europesays.com\/lv\/wp-json\/wp\/v2\/posts"}],"about":[{"href":"https:\/\/www.europesays.com\/lv\/wp-json\/wp\/v2\/types\/post"}],"author":[{"embeddable":true,"href":"https:\/\/www.europesays.com\/lv\/wp-json\/wp\/v2\/users\/2"}],"replies":[{"embeddable":true,"href":"https:\/\/www.europesays.com\/lv\/wp-json\/wp\/v2\/comments?post=38659"}],"version-history":[{"count":0,"href":"https:\/\/www.europesays.com\/lv\/wp-json\/wp\/v2\/posts\/38659\/revisions"}],"wp:featuredmedia":[{"embeddable":true,"href":"https:\/\/www.europesays.com\/lv\/wp-json\/wp\/v2\/media\/38660"}],"wp:attachment":[{"href":"https:\/\/www.europesays.com\/lv\/wp-json\/wp\/v2\/media?parent=38659"}],"wp:term":[{"taxonomy":"category","embeddable":true,"href":"https:\/\/www.europesays.com\/lv\/wp-json\/wp\/v2\/categories?post=38659"},{"taxonomy":"post_tag","embeddable":true,"href":"https:\/\/www.europesays.com\/lv\/wp-json\/wp\/v2\/tags?post=38659"}],"curies":[{"name":"wp","href":"https:\/\/api.w.org\/{rel}","templated":true}]}}