{"id":38667,"date":"2025-11-03T10:10:07","date_gmt":"2025-11-03T10:10:07","guid":{"rendered":"https:\/\/www.europesays.com\/lv\/38667\/"},"modified":"2025-11-03T10:10:07","modified_gmt":"2025-11-03T10:10:07","slug":"ar-pieminas-pasakumiem-un-svinigiem-koncertiem-riga-atzimes-lacplesa-dienu-2","status":"publish","type":"post","link":"https:\/\/www.europesays.com\/lv\/38667\/","title":{"rendered":"Ar piemi\u0146as pas\u0101kumiem un svin\u012bgiem koncertiem R\u012bg\u0101 atz\u012bm\u0113s L\u0101\u010dpl\u0113\u0161a dienu"},"content":{"rendered":"<p>R\u012bgas pas\u0101kumu programmu s\u0101ks tradicion\u0101lais piemi\u0146as br\u012bdis Sudrabkalni\u0146\u0101, kur\u0101 piedal\u012bsies R\u012bgas domes un pa\u0161vald\u012bbas p\u0101rst\u0101vji, R\u012bgas Kurzemes rajona Politiski repres\u0113to biedr\u012bbas valdes priek\u0161s\u0113d\u0113t\u0101js Bierants Ign\u0101ts, kapel\u0101ns Guntis Kalme, R\u012bgas \u0100genskalna Valsts \u0123imn\u0101zijas jauktais koris &#8220;\u0100genskalns&#8221;, P\u0101rdaugavas kult\u016bras apvien\u012bbas Kult\u016bras centra &#8220;Imanta&#8221; v\u012bru kopa &#8220;Vilki&#8221;, Nacion\u0101lo bru\u0146oto sp\u0113ku \u0160t\u0101ba or\u0137estris un Zemessardzes Studentu k\u0101jnieku bataljona p\u0101rst\u0101vji.<\/p>\n<p>Savuk\u0101rt plkst. 16 ar piemi\u0146as br\u012bdi kritu\u0161o karav\u012bru piemi\u0146ai R\u012bgas Br\u0101\u013cu kapos s\u0101ksies ikgad\u0113jais pas\u0101kums &#8220;Br\u012bv\u012bbas c\u012bn\u012bt\u0101ju gars cauri visiem laikiem&#8221;, kura laik\u0101 ikviens var\u0113s pievienoties l\u0101pu g\u0101jienam no R\u012bgas Br\u0101\u013cu kapiem l\u012bdz Br\u012bv\u012bbas laukumam.<\/p>\n<p>Plkst. 18 notiks pas\u0101kums pie Br\u012bv\u012bbas pieminek\u013ca br\u012bv\u012bbas c\u012bn\u012bt\u0101ju godin\u0101\u0161anai, piedaloties v\u012bru kopai &#8220;Vilki&#8221;.<\/p>\n<p>P\u0113c t\u0101 g\u0101jiens turpin\u0101sies l\u012bdz 11. novembra krastmalai un nosl\u0113gsies plkst. 18.40 ar uguns plosta palai\u0161anu Daugav\u0101 pie Akmens tilta.<\/p>\n<p>P\u0113c plkst. 19 paredz\u0113ta sadzied\u0101\u0161an\u0101s Daugavmal\u0101 pie R\u012bgas pils m\u016bra v\u012bru kopas &#8220;Vilki&#8221; vad\u012bb\u0101.<\/p>\n<p>Godinot Latvijas br\u012bv\u012bbas c\u012b\u0146\u0101s kritu\u0161os c\u012bn\u012bt\u0101jus, no plkst. 19 Uzvaras parka teritorij\u0101 izskan\u0113s koncertprogramma &#8220;Saules m\u016b\u017es&#8221;.<\/p>\n<p>Taj\u0101 piedal\u012bsies postfolkloras grupa &#8220;I\u013c\u0123i&#8221;, jaunfolka grupa &#8220;Jauno J\u0101\u0146u or\u0137estris&#8221;, bet koncerta kulmin\u0101cij\u0101 izskan\u0113s jaundarbu programma &#8220;Saules m\u016b\u017es&#8221;, vair\u0101kiem dzied\u0101t\u0101jiem izpildot \u012bpa\u0161i \u0161im pas\u0101kumam kompon\u0113tas dziesmas ar tautas dziesmu v\u0101rdiem.<\/p>\n<p>Kult\u016bras pils &#8220;Zieme\u013cbl\u0101zma&#8221; sv\u0113tku laukum\u0101 plkst. 19 norisin\u0101sies pas\u0101kums &#8220;Sveces liesmu iededzam&#8221;, kur\u0101 paredz\u0113ta sadzied\u0101\u0161an\u0101s pie ugunskuriem.<\/p>\n<p>Taj\u0101 pa\u0161\u0101 laik\u0101 Kult\u016bras un tautas m\u0101kslas centr\u0101 &#8220;Maz\u0101 \u0123ilde&#8221; izskan\u0113s koncerts &#8220;Latvijas pakalnos ozoli deg!&#8221;.<\/p>\n<p>L\u0101\u010dpl\u0113\u0161a dienas vakar\u0101 norit\u0113s pas\u0101kums koncertz\u0101l\u0113 &#8220;Ave Sol&#8221; &#8220;Daugavmal\u0101 mier\u012bgs vakars&#8221;, kur\u0101 no plkst. 19 ar \u012bpa\u0161i \u0161im vakaram gatavotu programmu uzst\u0101sies Em\u012bla D\u0101rzi\u0146a jauktais koris un R\u012bgas kamerkoris &#8220;Ave Sol&#8221;.<\/p>\n<p>Savuk\u0101rt R\u012bgas Lutera bazn\u012bc\u0101 Tor\u0146akaln\u0101 \u0161aj\u0101 laik\u0101 uz koncertu &#8220;Br\u012bv\u012bbas gaism\u0101&#8221; aicin\u0101s or\u0137estris &#8220;R\u012bga&#8221;.<\/p>\n<p>No 11. novembra l\u012bdz 18. novembrim muzej\u0101 &#8220;R\u012bgas J\u016bgendstila centrs&#8221; gaid\u0101ma patriotisma ned\u0113\u013ca, kur\u0101 notiks lekcija &#8220;Latvijas valsts dibin\u0101\u0161ana&#8221;.<\/p>\n","protected":false},"excerpt":{"rendered":"R\u012bgas pas\u0101kumu programmu s\u0101ks tradicion\u0101lais piemi\u0146as br\u012bdis Sudrabkalni\u0146\u0101, kur\u0101 piedal\u012bsies R\u012bgas domes un pa\u0161vald\u012bbas p\u0101rst\u0101vji, R\u012bgas Kurzemes rajona&hellip;\n","protected":false},"author":2,"featured_media":38668,"comment_status":"","ping_status":"","sticky":false,"template":"","format":"standard","meta":{"footnotes":""},"categories":[12],"tags":[23,28,29,32,33,22,11267,30,31,35,39,38,36,37,34,40,20,11266,26,27,24,25,21],"class_list":{"0":"post-38667","1":"post","2":"type-post","3":"status-publish","4":"format-standard","5":"has-post-thumbnail","7":"category-latvija","8":"tag-aktualitates","9":"tag-breaking-news","10":"tag-breakingnews","11":"tag-featured-news","12":"tag-featurednews","13":"tag-headlines","14":"tag-lacplesa-diena","15":"tag-latest-news","16":"tag-latestnews","17":"tag-latvia","18":"tag-latvian","19":"tag-latviesu","20":"tag-latviesu-valoda","21":"tag-latviesuvaloda","22":"tag-latvija","23":"tag-lv","24":"tag-news","25":"tag-patriotu-nedela","26":"tag-popularakas-zinas","27":"tag-popularakaszinas","28":"tag-top-stories","29":"tag-topstories","30":"tag-zinas"},"share_on_mastodon":{"url":"https:\/\/pubeurope.com\/@lv\/115485227333043790","error":""},"_links":{"self":[{"href":"https:\/\/www.europesays.com\/lv\/wp-json\/wp\/v2\/posts\/38667","targetHints":{"allow":["GET"]}}],"collection":[{"href":"https:\/\/www.europesays.com\/lv\/wp-json\/wp\/v2\/posts"}],"about":[{"href":"https:\/\/www.europesays.com\/lv\/wp-json\/wp\/v2\/types\/post"}],"author":[{"embeddable":true,"href":"https:\/\/www.europesays.com\/lv\/wp-json\/wp\/v2\/users\/2"}],"replies":[{"embeddable":true,"href":"https:\/\/www.europesays.com\/lv\/wp-json\/wp\/v2\/comments?post=38667"}],"version-history":[{"count":0,"href":"https:\/\/www.europesays.com\/lv\/wp-json\/wp\/v2\/posts\/38667\/revisions"}],"wp:featuredmedia":[{"embeddable":true,"href":"https:\/\/www.europesays.com\/lv\/wp-json\/wp\/v2\/media\/38668"}],"wp:attachment":[{"href":"https:\/\/www.europesays.com\/lv\/wp-json\/wp\/v2\/media?parent=38667"}],"wp:term":[{"taxonomy":"category","embeddable":true,"href":"https:\/\/www.europesays.com\/lv\/wp-json\/wp\/v2\/categories?post=38667"},{"taxonomy":"post_tag","embeddable":true,"href":"https:\/\/www.europesays.com\/lv\/wp-json\/wp\/v2\/tags?post=38667"}],"curies":[{"name":"wp","href":"https:\/\/api.w.org\/{rel}","templated":true}]}}