{"id":38678,"date":"2025-11-03T10:27:07","date_gmt":"2025-11-03T10:27:07","guid":{"rendered":"https:\/\/www.europesays.com\/lv\/38678\/"},"modified":"2025-11-03T10:27:07","modified_gmt":"2025-11-03T10:27:07","slug":"luvras-skandalozo-zadzibu-pastradajusi-parastakie-amatieri","status":"publish","type":"post","link":"https:\/\/www.europesays.com\/lv\/38678\/","title":{"rendered":"Luvras skandalozo z\u0101dz\u012bbu pastr\u0101d\u0101ju\u0161i parast\u0101kie amatieri"},"content":{"rendered":"<p>K\u0101 pav\u0113st\u012bja Par\u012bzes prokurore Laur\u0113 Bekjo, dienas laik\u0101 notiku\u0161o nekaun\u012bgo z\u0101dz\u012bbu Luvr\u0101 pastr\u0101d\u0101ju\u0161i s\u012bki noziedznieki, nevis profesion\u0101\u013ci no organiz\u0113t\u0101s noziedz\u012bbas pasaules. Vi\u0146a raksturoja divus no aizdom\u0101s tur\u0113tajiem k\u0101 p\u0101ri ar b\u0113rniem.<\/p>\n<p>\u0160is pazi\u0146ojums izskan divas ned\u0113\u013cas p\u0113c tam, kad zag\u013ci novietoja nozagtu kravas automa\u0161\u012bnu pie pasaul\u0113 apmekl\u0113t\u0101k\u0101 muzeja un ar pac\u0113l\u0101ju iek\u013cuva muzej\u0101. Maz\u0101k nek\u0101 septi\u0146u min\u016b\u0161u laik\u0101 vi\u0146i aizb\u0113ga ar motorolleriem, l\u012bdzi pa\u0146emot d\u0101rgakme\u0146us, kuru v\u0113rt\u012bba tiek l\u0113sta apm\u0113ram 88 miljoni eiro apm\u0113r\u0101, raksta \u201cThe Guardian\u201d.<\/p>\n<p>\u0160\u012b z\u0101dz\u012bba Francij\u0101 izrais\u012bjusi pla\u0161u rezonansi. \u010cetri cilv\u0113ki l\u012bdz \u0161im ir aps\u016bdz\u0113ti, ta\u010du nozagtie d\u0101rgakme\u0146i, tostarp smaragdu un dimantu kaklarota, ko Napoleons I d\u0101vin\u0101ja savai otrajai sievai Marijai Lu\u012bzei, un diad\u0113ma ar 212 p\u0113rl\u0113m un gandr\u012bz 2000 dimantiem, kas k\u0101dreiz pieder\u0113jusi Napoleona III sievai Ei\u017eenijai \u2013 v\u0113l joproj\u0101m nav atrasti.<\/p>\n<p>Vismaz viens no laup\u012bt\u0101jiem joproj\u0101m nav notverts, sv\u0113tdien pazi\u0146oja prokurore.<\/p>\n<p>Francijas mediji ir spekul\u0113ju\u0161i, ka zag\u013ci biju\u0161i amatieri. K\u0101 noskaidrots, b\u0113got vi\u0146i bija nometu\u0161i visd\u0101rg\u0101ko no d\u0101rgliet\u0101m, k\u0101 ar\u012b notikuma viet\u0101 bija atst\u0101ju\u0161i instrumentus un citus priek\u0161metus, uz kuriem, iesp\u0113jams, saglab\u0101ju\u0161\u0101s vi\u0146u DNS p\u0113das.<\/p>\n<p>Sestdien prokurat\u016bra pazi\u0146oja, ka 38 gadus veca sieviete un 37 gadus vecs v\u012brietis ir aps\u016bdz\u0113ti un ievietoti pirmstiesas apcietin\u0101jum\u0101, jo pac\u0113l\u0101j\u0101, kas izmantots z\u0101dz\u012bbas laik\u0101, atrasta vi\u0146u DNS.<\/p>\n<p class=\"ad-desc ad-desc-main\">Saturs turpin\u0101s p\u0113c rekl\u0101mas<\/p>\n<p class=\"ad-desc ad-desc-sec\">Rekl\u0101ma<\/p>\n<p>V\u012brietim izvirz\u012btas aps\u016bdz\u012bbas par organiz\u0113tu z\u0101dz\u012bbu un noziedz\u012bgu sazv\u0113rest\u012bbu, bet vi\u0146a partnerei par l\u012bdzdal\u012bbu organiz\u0113t\u0101 z\u0101dz\u012bb\u0101 un noziedz\u012bg\u0101 sazv\u0113rest\u012bb\u0101.<\/p>\n<p>Bekjo raksturoja vi\u0146us k\u0101 p\u0101ri ar kop\u012bgiem b\u0113rniem. Vi\u0146i ir \u201cnoliegu\u0161i jebk\u0101du saist\u012bbu ar notiku\u0161o,\u201d vi\u0146a piebilda. Sieviete, par\u0101doties Par\u012bzes ties\u0101 sestdien, bija asar\u0101s, sakot, ka baid\u0101s par saviem b\u0113rniem un sevi.<\/p>\n<p class=\"tv3-fw-500\">Zi\u0146o par k\u013c\u016bdu rakst\u0101<\/p>\n<p class=\"d-md-block d-none\">Iez\u012bm\u0113 k\u013c\u016bdaino tekstu un spied Ctrl+Enter.<\/p>\n<p class=\"d-md-none d-block\">Iez\u012bm\u0113 k\u013c\u016bdaino tekstu un zi\u0146o par to!<\/p>\n","protected":false},"excerpt":{"rendered":"K\u0101 pav\u0113st\u012bja Par\u012bzes prokurore Laur\u0113 Bekjo, dienas laik\u0101 notiku\u0161o nekaun\u012bgo z\u0101dz\u012bbu Luvr\u0101 pastr\u0101d\u0101ju\u0161i s\u012bki noziedznieki, nevis profesion\u0101\u013ci no&hellip;\n","protected":false},"author":2,"featured_media":38679,"comment_status":"","ping_status":"","sticky":false,"template":"","format":"standard","meta":{"footnotes":""},"categories":[14],"tags":[23,57,28,29,32,33,22,30,31,35,39,38,36,37,34,11268,40,20,26,27,24,25,54,55,56,21,58],"class_list":{"0":"post-38678","1":"post","2":"type-post","3":"status-publish","4":"format-standard","5":"has-post-thumbnail","7":"category-zinas-no-arvalstim","8":"tag-aktualitates","9":"tag-arvalstim","10":"tag-breaking-news","11":"tag-breakingnews","12":"tag-featured-news","13":"tag-featurednews","14":"tag-headlines","15":"tag-latest-news","16":"tag-latestnews","17":"tag-latvia","18":"tag-latvian","19":"tag-latviesu","20":"tag-latviesu-valoda","21":"tag-latviesuvaloda","22":"tag-latvija","23":"tag-luvraparize","24":"tag-lv","25":"tag-news","26":"tag-popularakas-zinas","27":"tag-popularakaszinas","28":"tag-top-stories","29":"tag-topstories","30":"tag-world","31":"tag-world-news","32":"tag-worldnews","33":"tag-zinas","34":"tag-zinas-no-arvalstim"},"share_on_mastodon":{"url":"https:\/\/pubeurope.com\/@lv\/115485294188886145","error":""},"_links":{"self":[{"href":"https:\/\/www.europesays.com\/lv\/wp-json\/wp\/v2\/posts\/38678","targetHints":{"allow":["GET"]}}],"collection":[{"href":"https:\/\/www.europesays.com\/lv\/wp-json\/wp\/v2\/posts"}],"about":[{"href":"https:\/\/www.europesays.com\/lv\/wp-json\/wp\/v2\/types\/post"}],"author":[{"embeddable":true,"href":"https:\/\/www.europesays.com\/lv\/wp-json\/wp\/v2\/users\/2"}],"replies":[{"embeddable":true,"href":"https:\/\/www.europesays.com\/lv\/wp-json\/wp\/v2\/comments?post=38678"}],"version-history":[{"count":0,"href":"https:\/\/www.europesays.com\/lv\/wp-json\/wp\/v2\/posts\/38678\/revisions"}],"wp:featuredmedia":[{"embeddable":true,"href":"https:\/\/www.europesays.com\/lv\/wp-json\/wp\/v2\/media\/38679"}],"wp:attachment":[{"href":"https:\/\/www.europesays.com\/lv\/wp-json\/wp\/v2\/media?parent=38678"}],"wp:term":[{"taxonomy":"category","embeddable":true,"href":"https:\/\/www.europesays.com\/lv\/wp-json\/wp\/v2\/categories?post=38678"},{"taxonomy":"post_tag","embeddable":true,"href":"https:\/\/www.europesays.com\/lv\/wp-json\/wp\/v2\/tags?post=38678"}],"curies":[{"name":"wp","href":"https:\/\/api.w.org\/{rel}","templated":true}]}}