{"id":38707,"date":"2025-11-03T10:46:09","date_gmt":"2025-11-03T10:46:09","guid":{"rendered":"https:\/\/www.europesays.com\/lv\/38707\/"},"modified":"2025-11-03T10:46:09","modified_gmt":"2025-11-03T10:46:09","slug":"ukraini-no-hersonas-apgabala-dalisies-pieredze-par-valsts-aizsardzibu-saeimas-komisiju-kopsede","status":"publish","type":"post","link":"https:\/\/www.europesays.com\/lv\/38707\/","title":{"rendered":"Ukrai\u0146i no Hersonas apgabala dal\u012bsies pieredz\u0113 par valsts aizsardz\u012bbu Saeimas komisiju kops\u0113d\u0113"},"content":{"rendered":"<p>\t\t\t(03.11.2025.)\n\t\t<\/p>\n<p>\t\t\t\t\t<img decoding=\"async\" src=\"https:\/\/www.europesays.com\/lv\/wp-content\/uploads\/2025\/11\/YRqCLF.jpg\" alt=\"\"\/>\t\t\t\t<\/p>\n<p>Saeimas Aizsardz\u012bbas, iek\u0161lietu un korupcijas nov\u0113r\u0161anas un Nacion\u0101l\u0101s dro\u0161\u012bbas komisiju kops\u0113d\u0113 otrdien, 4.novembr\u012b, sav\u0101 pieredz\u0113 par visaptvero\u0161u valsts aizsardz\u012bbu dal\u012bsies Hersonas apgabala administr\u0101cijas p\u0101rst\u0101vji. S\u0113d\u0113 deput\u0101ti spried\u012bs par Ukrainas pieredzi, lai kvalitat\u012bv\u0101k veidotu visaptvero\u0161as m\u016bsu valsts aizsardz\u012bbas sist\u0113mu.\u00a0<\/p>\n<p>\u0160\u012b ir noz\u012bm\u012bga tik\u0161an\u0101s, jo spried\u012bsim par Ukrainas pieredzi \u2013 kritisko infrastrukt\u016bru, priorit\u0101ro pal\u012bdz\u012bbu, soci\u0101lo atbalstu, komunik\u0101ciju, psiholo\u0123isko pal\u012bdz\u012bbu, dezinform\u0101cijas apkaro\u0161anu un medic\u012bnisko pal\u012bdz\u012bbu. T\u0101pat \u012bpa\u0161u uzman\u012bbu piev\u0113rs\u012bsim pilsonisk\u0101s sabiedr\u012bbas iesaistei. Valsts aizsardz\u012bba nav iedom\u0101jama bez akt\u012bvas sabiedr\u012bbas l\u012bdzdal\u012bbas, sadarb\u012bbas starp instit\u016bcij\u0101m un iedz\u012bvot\u0101ju gatav\u012bbas sniegt savu ieguld\u012bjumu valsts dro\u0161\u012bbas un labkl\u0101j\u012bbas stiprin\u0101\u0161an\u0101, nor\u0101da Aizsardz\u012bbas komisijas priek\u0161s\u0113d\u0113t\u0101js Raimonds Bergmanis.<\/p>\n<p>Pl\u0101nots, ka kops\u0113d\u0113 piedal\u012bsies Hersonas apgabala valsts administr\u0101cijas vad\u012bt\u0101js Oleksandrs Prokudins (Oleksandr Prokudin), vad\u012bt\u0101ja vietnieks digit\u0101l\u0101s att\u012bst\u012bbas un Eiropas integr\u0101cijas jaut\u0101jumos Oleksandrs Toloko\u0146\u0146ikovs (Oleksandr Tolokonnikov) un Re\u0123ion\u0101l\u0101s valsts administr\u0101cijas departamenta Invest\u012bciju un eksporta att\u012bst\u012bbas biroja vad\u012bt\u0101ja Marija Bohodukhova (Mariia Bohodukhova). Uz s\u0113di aicin\u0101ti ar\u012b 20 nevalstisko organiz\u0101ciju p\u0101rst\u0101vji no Latvijas.<\/p>\n<p>T\u0101pat Ukrainas deleg\u0101cijai pl\u0101nota tik\u0161an\u0101s ar R\u012bgas domes p\u0101rst\u0101vjiem.<\/p>\n<p>Aizsardz\u012bbas un Nacion\u0101l\u0101s dro\u0161\u012bbas komisiju kops\u0113de 4.novembr\u012b notiks Saeimas Sarkanaj\u0101 z\u0101l\u0113, J\u0113kaba iel\u0101 11, R\u012bg\u0101, un t\u0101 s\u0101ksies\u00a0 pulksten 10.00.<\/p>\n<p>\u00a0<\/p>\n<p>Saeimas Preses dienests<\/p>\n","protected":false},"excerpt":{"rendered":"(03.11.2025.) Saeimas Aizsardz\u012bbas, iek\u0161lietu un korupcijas nov\u0113r\u0161anas un Nacion\u0101l\u0101s dro\u0161\u012bbas komisiju kops\u0113d\u0113 otrdien, 4.novembr\u012b, sav\u0101 pieredz\u0113 par visaptvero\u0161u&hellip;\n","protected":false},"author":2,"featured_media":38708,"comment_status":"","ping_status":"","sticky":false,"template":"","format":"standard","meta":{"footnotes":""},"categories":[12],"tags":[23,28,29,32,33,22,30,31,35,39,38,36,37,34,40,20,26,27,24,25,21],"class_list":{"0":"post-38707","1":"post","2":"type-post","3":"status-publish","4":"format-standard","5":"has-post-thumbnail","7":"category-latvija","8":"tag-aktualitates","9":"tag-breaking-news","10":"tag-breakingnews","11":"tag-featured-news","12":"tag-featurednews","13":"tag-headlines","14":"tag-latest-news","15":"tag-latestnews","16":"tag-latvia","17":"tag-latvian","18":"tag-latviesu","19":"tag-latviesu-valoda","20":"tag-latviesuvaloda","21":"tag-latvija","22":"tag-lv","23":"tag-news","24":"tag-popularakas-zinas","25":"tag-popularakaszinas","26":"tag-top-stories","27":"tag-topstories","28":"tag-zinas"},"share_on_mastodon":{"url":"https:\/\/pubeurope.com\/@lv\/115485369076793344","error":""},"_links":{"self":[{"href":"https:\/\/www.europesays.com\/lv\/wp-json\/wp\/v2\/posts\/38707","targetHints":{"allow":["GET"]}}],"collection":[{"href":"https:\/\/www.europesays.com\/lv\/wp-json\/wp\/v2\/posts"}],"about":[{"href":"https:\/\/www.europesays.com\/lv\/wp-json\/wp\/v2\/types\/post"}],"author":[{"embeddable":true,"href":"https:\/\/www.europesays.com\/lv\/wp-json\/wp\/v2\/users\/2"}],"replies":[{"embeddable":true,"href":"https:\/\/www.europesays.com\/lv\/wp-json\/wp\/v2\/comments?post=38707"}],"version-history":[{"count":0,"href":"https:\/\/www.europesays.com\/lv\/wp-json\/wp\/v2\/posts\/38707\/revisions"}],"wp:featuredmedia":[{"embeddable":true,"href":"https:\/\/www.europesays.com\/lv\/wp-json\/wp\/v2\/media\/38708"}],"wp:attachment":[{"href":"https:\/\/www.europesays.com\/lv\/wp-json\/wp\/v2\/media?parent=38707"}],"wp:term":[{"taxonomy":"category","embeddable":true,"href":"https:\/\/www.europesays.com\/lv\/wp-json\/wp\/v2\/categories?post=38707"},{"taxonomy":"post_tag","embeddable":true,"href":"https:\/\/www.europesays.com\/lv\/wp-json\/wp\/v2\/tags?post=38707"}],"curies":[{"name":"wp","href":"https:\/\/api.w.org\/{rel}","templated":true}]}}