{"id":38711,"date":"2025-11-03T10:48:09","date_gmt":"2025-11-03T10:48:09","guid":{"rendered":"https:\/\/www.europesays.com\/lv\/38711\/"},"modified":"2025-11-03T10:48:09","modified_gmt":"2025-11-03T10:48:09","slug":"miks-galvanovskis-dava-klausitajiem-nedaudz-vieglaku-dziesmu-no-gaidama-albuma","status":"publish","type":"post","link":"https:\/\/www.europesays.com\/lv\/38711\/","title":{"rendered":"Miks Galvanovskis d\u0101v\u0101 klaus\u012bt\u0101jiem &#8220;nedaudz viegl\u0101ku&#8221; dziesmu no gaid\u0101m\u0101 albuma"},"content":{"rendered":"<p>\u0160odien pie klaus\u012bt\u0101jiem non\u0101k Mika gaid\u0101m\u0101 albuma sest\u0101 dziesma \u2013 \u201cK\u0101 b\u016btu, ja b\u016btu\u201d. Album\u0101 kopum\u0101 b\u016bs dzirdamas 10 jaunas dziesmas. Miks izdom\u0101jis izdot dziesmas pa vienai, lai \u012bpa\u0161i piev\u0113rstu uzman\u012bbu katram singlam atsevi\u0161\u0137i.<\/p>\n<p>\u201c\u0160\u012b dziesma daudziem klaus\u012bt\u0101jiem, iesp\u0113jams, b\u016bs p\u0101rsteigums, jo t\u0101 ir nedaudz \u201cviegl\u0101ka\u201d k\u0101 l\u012bdz \u0161im izn\u0101ku\u0161\u0101s albuma kompoz\u012bcijas. \u0160\u012b dziesma tika uzrakst\u012bta jau pirms k\u0101da laici\u0146a un man ir prieks, ka t\u0101 beidzot ir non\u0101kusi pie klaus\u012bt\u0101jiem. Interesanti ir tas, ka es pirmo reizi izl\u0113mu dziesmai nelikt kl\u0101t papildus da\u013cas, piem\u0113ram ar \u0123it\u0101ras soli\u0146u, un izdot to mazliet gar\u0101ku par div\u0101m min\u016bt\u0113m.<\/p>\n<blockquote class=\"quote ck-widget\" contenteditable=\"false\">\n<p>Dziesmas st\u0101sts ir par nenotiku\u0161u m\u012blest\u012bbu, jo bie\u017ei vien t\u0101 paliek neizboj\u0101ta. Jo nevar jau izboj\u0101t to, kas nav noticis,\u201d<\/p>\n<\/blockquote>\n<p>Dziesmas ierakst\u0101 piedal\u012bjies Mika Galvanovska grupas pamatsast\u0101vs &#8211; Kristens Kup\u010ds, M\u0101rcis Bri\u0161ka, J\u0101nis Narbuts un Reinis Bri\u0123is.<\/p>\n<p>Video uz\u0146\u0113mis Elvis L\u0101cis.<\/p>\n<p><img decoding=\"async\" class=\"figure__image\" onclick=\"triggerEvent('articleImageClick', { id: 17254766, focus: 'single-image', focusIndex: '17254766' })\" onkeydown=\"if (event.key === 'Enter') {&#10;        triggerEvent('articleImageClick', { id: 17254766, focus: 'single-image', focusIndex: '17254766' })&#10;        }\" role=\"button\" tabindex=\"0\" data-focus-from=\"single-image\" data-focus-index=\"17254766\" src=\"https:\/\/www.europesays.com\/lv\/wp-content\/uploads\/2025\/11\/17254766t1haa76.png\" onload=\"this.parentElement.classList.remove('figure__image-loading')\" alt=\"\"\/> Foto: Publicit\u0101tes foto<\/p>\n","protected":false},"excerpt":{"rendered":"\u0160odien pie klaus\u012bt\u0101jiem non\u0101k Mika gaid\u0101m\u0101 albuma sest\u0101 dziesma \u2013 \u201cK\u0101 b\u016btu, ja b\u016btu\u201d. Album\u0101 kopum\u0101 b\u016bs dzirdamas&hellip;\n","protected":false},"author":2,"featured_media":38712,"comment_status":"","ping_status":"","sticky":false,"template":"","format":"standard","meta":{"footnotes":""},"categories":[19],"tags":[63,65,60,89,59,90,70,64,35,39,38,36,37,34,40,68,69,66,67,62,21,61],"class_list":{"0":"post-38711","1":"post","2":"type-post","3":"status-publish","4":"format-standard","5":"has-post-thumbnail","7":"category-izklaide","8":"tag-arvalstis","9":"tag-auto","10":"tag-egoiste","11":"tag-entertainment","12":"tag-financenet","13":"tag-izklaide","14":"tag-klik","15":"tag-kultura","16":"tag-latvia","17":"tag-latvian","18":"tag-latviesu","19":"tag-latviesu-valoda","20":"tag-latviesuvaloda","21":"tag-latvija","22":"tag-lv","23":"tag-maja","24":"tag-receptes","25":"tag-sejas","26":"tag-sports","27":"tag-viedokli","28":"tag-zinas","29":"tag-zinatne"},"share_on_mastodon":{"url":"https:\/\/pubeurope.com\/@lv\/115485376939366405","error":""},"_links":{"self":[{"href":"https:\/\/www.europesays.com\/lv\/wp-json\/wp\/v2\/posts\/38711","targetHints":{"allow":["GET"]}}],"collection":[{"href":"https:\/\/www.europesays.com\/lv\/wp-json\/wp\/v2\/posts"}],"about":[{"href":"https:\/\/www.europesays.com\/lv\/wp-json\/wp\/v2\/types\/post"}],"author":[{"embeddable":true,"href":"https:\/\/www.europesays.com\/lv\/wp-json\/wp\/v2\/users\/2"}],"replies":[{"embeddable":true,"href":"https:\/\/www.europesays.com\/lv\/wp-json\/wp\/v2\/comments?post=38711"}],"version-history":[{"count":0,"href":"https:\/\/www.europesays.com\/lv\/wp-json\/wp\/v2\/posts\/38711\/revisions"}],"wp:featuredmedia":[{"embeddable":true,"href":"https:\/\/www.europesays.com\/lv\/wp-json\/wp\/v2\/media\/38712"}],"wp:attachment":[{"href":"https:\/\/www.europesays.com\/lv\/wp-json\/wp\/v2\/media?parent=38711"}],"wp:term":[{"taxonomy":"category","embeddable":true,"href":"https:\/\/www.europesays.com\/lv\/wp-json\/wp\/v2\/categories?post=38711"},{"taxonomy":"post_tag","embeddable":true,"href":"https:\/\/www.europesays.com\/lv\/wp-json\/wp\/v2\/tags?post=38711"}],"curies":[{"name":"wp","href":"https:\/\/api.w.org\/{rel}","templated":true}]}}