{"id":38715,"date":"2025-11-03T10:50:07","date_gmt":"2025-11-03T10:50:07","guid":{"rendered":"https:\/\/www.europesays.com\/lv\/38715\/"},"modified":"2025-11-03T10:50:07","modified_gmt":"2025-11-03T10:50:07","slug":"ryanair-ceturksna-pelna-pieaugusi-par-20-dienas-bizness","status":"publish","type":"post","link":"https:\/\/www.europesays.com\/lv\/38715\/","title":{"rendered":"Ryanair ceturk\u0161\u0146a pe\u013c\u0146a pieaugusi par 20% :: Dienas Bizness"},"content":{"rendered":"<p class=\"text-font font-size--text-xlarge margin-3--bottom font-weight--bold padding-1--top\">\u012arijas zemo cenu aviosabiedr\u012bba &#8220;Ryanair&#8221; pl\u0101no palielin\u0101t bonusus saviem darbiniekiem par pie\u0137ertiem pasa\u017eieriem, kas m\u0113\u0123in\u0101ju\u0161i ienest lidma\u0161\u012bn\u0101s p\u0101r\u0101k lielu rokas bag\u0101\u017eu.<\/p>\n<p class=\"text-font font-size--text-xlarge margin-3--bottom\">Uz\u0146\u0113muma vad\u012bt\u0101js Maikls O&#8217;L\u012brijs pazi\u0146oja, ka vi\u0146\u0161 &#8220;nek\u0101d\u0101 zi\u0146\u0101 neatvainojas&#8221; par to, ka tiek pie\u0137erti cilv\u0113ki, kuri &#8220;apkr\u0101pj sist\u0113mu&#8221;.<\/p>\n<p class=\"text-font font-size--text-xlarge margin-3--bottom\">O&#8217;L\u012brijs preses konferenc\u0113 London\u0101 sac\u012bja reportieriem, ka aviosabiedr\u012bba pl\u0101no no novembra palielin\u0101t bonusus person\u0101lam pie iek\u0101p\u0161anas v\u0101rtiem, kas p\u0101rtver pasa\u017eierus ar p\u0101r\u0101k lielu rokas bag\u0101\u017eu, no 1,50 eiro l\u012bdz 2,50 eiro par somu.<\/p>\n<p class=\"text-font font-size--text-xlarge margin-3--bottom\">Paredz\u0113ts ar\u012b atcelt maksim\u0101lo robe\u017eu \u0161\u0101diem bonusiem, kas bija 80 eiro m\u0113nes\u012b.<\/p>\n<p class=\"text-font font-size--text-xlarge margin-3--bottom\">Pasa\u017eieriem, kas lido ar &#8220;Ryanair&#8221; lidma\u0161\u012bn\u0101m, ir j\u0101iev\u0113ro stingri bag\u0101\u017eas noteikumi. Ja pasa\u017eieris aiznesis p\u0101r\u0101k lielu somu l\u012bdz iek\u0101p\u0161anas v\u0101rtiem, par t\u0101s ievieto\u0161anu bag\u0101\u017eas nodal\u012bjum\u0101 paredz\u0113ts piemaks\u0101t l\u012bdz 87 eiro.<\/p>\n","protected":false},"excerpt":{"rendered":"\u012arijas zemo cenu aviosabiedr\u012bba &#8220;Ryanair&#8221; pl\u0101no palielin\u0101t bonusus saviem darbiniekiem par pie\u0137ertiem pasa\u017eieriem, kas m\u0113\u0123in\u0101ju\u0161i ienest lidma\u0161\u012bn\u0101s p\u0101r\u0101k&hellip;\n","protected":false},"author":2,"featured_media":38716,"comment_status":"","ping_status":"","sticky":false,"template":"","format":"standard","meta":{"footnotes":""},"categories":[16],"tags":[869,77,870,76,867,35,39,38,36,37,34,871,868,40,21],"class_list":{"0":"post-38715","1":"post","2":"type-post","3":"status-publish","4":"format-standard","5":"has-post-thumbnail","7":"category-bizness","8":"tag-biznesa-zinas","9":"tag-bizness","10":"tag-bizness-latvija","11":"tag-business","12":"tag-dienas-zinas","13":"tag-latvia","14":"tag-latvian","15":"tag-latviesu","16":"tag-latviesu-valoda","17":"tag-latviesuvaloda","18":"tag-latvija","19":"tag-latvijas-biznesa-zinas","20":"tag-latvijas-zinas","21":"tag-lv","22":"tag-zinas"},"share_on_mastodon":{"url":"https:\/\/pubeurope.com\/@lv\/115485384675828314","error":""},"_links":{"self":[{"href":"https:\/\/www.europesays.com\/lv\/wp-json\/wp\/v2\/posts\/38715","targetHints":{"allow":["GET"]}}],"collection":[{"href":"https:\/\/www.europesays.com\/lv\/wp-json\/wp\/v2\/posts"}],"about":[{"href":"https:\/\/www.europesays.com\/lv\/wp-json\/wp\/v2\/types\/post"}],"author":[{"embeddable":true,"href":"https:\/\/www.europesays.com\/lv\/wp-json\/wp\/v2\/users\/2"}],"replies":[{"embeddable":true,"href":"https:\/\/www.europesays.com\/lv\/wp-json\/wp\/v2\/comments?post=38715"}],"version-history":[{"count":0,"href":"https:\/\/www.europesays.com\/lv\/wp-json\/wp\/v2\/posts\/38715\/revisions"}],"wp:featuredmedia":[{"embeddable":true,"href":"https:\/\/www.europesays.com\/lv\/wp-json\/wp\/v2\/media\/38716"}],"wp:attachment":[{"href":"https:\/\/www.europesays.com\/lv\/wp-json\/wp\/v2\/media?parent=38715"}],"wp:term":[{"taxonomy":"category","embeddable":true,"href":"https:\/\/www.europesays.com\/lv\/wp-json\/wp\/v2\/categories?post=38715"},{"taxonomy":"post_tag","embeddable":true,"href":"https:\/\/www.europesays.com\/lv\/wp-json\/wp\/v2\/tags?post=38715"}],"curies":[{"name":"wp","href":"https:\/\/api.w.org\/{rel}","templated":true}]}}