{"id":38717,"date":"2025-11-03T10:51:08","date_gmt":"2025-11-03T10:51:08","guid":{"rendered":"https:\/\/www.europesays.com\/lv\/38717\/"},"modified":"2025-11-03T10:51:08","modified_gmt":"2025-11-03T10:51:08","slug":"asv-ir-pietiekami-daudz-kodolierocu-lai-150-reizes-uzspridzinatu-pasauli-pazino-tramps","status":"publish","type":"post","link":"https:\/\/www.europesays.com\/lv\/38717\/","title":{"rendered":"ASV ir pietiekami daudz kodoliero\u010du, lai 150 reizes uzspridzin\u0101tu pasauli, pazi\u0146o Tramps"},"content":{"rendered":"<p>Tas notika da\u017eas min\u016btes pirms tam, kad Dienvidkorej\u0101 s\u0101k\u0101s Trampa un \u0136\u012bnas prezidenta Sji Dzji\u0146pina samits. Savuk\u0101rt Krievijas diktators Vladimirs Putins tre\u0161dien bija pazi\u0146ojis, ka Maskava, neraugoties uz Va\u0161ingtonas br\u012bdin\u0101jumiem, ir veiksm\u012bgi izm\u0113\u0123in\u0101jusi ar atomreaktoru darbin\u0101mu torp\u0113du, kas sp\u0113j\u012bga nest kodolgalvi\u0146u.<\/p>\n<p>Nav skaidrs, vai Trampa izteikumi noz\u012bm\u0113, ka ASV gatavotos veikt pirmo kodolspr\u0101dzienu kop\u0161 1992. gada.<\/p>\n<p>&#8220;Es saku, ka m\u0113s izm\u0113\u0123in\u0101sim kodoliero\u010dus t\u0101, k\u0101 to dara citas valstis, j\u0101,&#8221; prezidents atbild\u0113ja uz CBS jaut\u0101jumu, vai tiek pl\u0101nota ASV pirm\u0101 kodoliero\u010da deton\u0113\u0161ana p\u0113d\u0113jo 30 gadu laik\u0101.<\/p>\n<p>Gadu desmitiem Zieme\u013ckoreja ir bijusi vien\u012bg\u0101 valsts, par kuras kodolizm\u0113\u0123in\u0101jumiem ir zin\u0101ms publiski.<\/p>\n<p>Krievija un \u0136\u012bna ofici\u0101li kodolizm\u0113\u0123in\u0101jumus nav veiku\u0161as attiec\u012bgi kop\u0161 1990. un 1996. gada.<\/p>\n<p>&#8220;Vi\u0146i neiet un nest\u0101sta par to,&#8221; citu valstu kodolizm\u0113\u0123in\u0101jumus koment\u0113ja Tramps.<\/p>\n<p>&#8220;Vi\u0146i [kodoliero\u010dus] izm\u0113\u0123ina dzi\u013ci pazem\u0113, kur cilv\u0113ki nezina, kas tie\u0161i tiek izm\u0113\u0123in\u0101ts. Ir j\u016btama neliela vibr\u0101cija,&#8221; paskaidroja prezidents.<\/p>\n<p>Vienlaikus ASV ener\u0123\u0113tikas ministrs Kriss Raits sv\u0113tdien intervij\u0101 telev\u012bzijas kan\u0101lam &#8220;Fox News&#8221; izteic\u0101s, ka, vi\u0146apr\u0101t, pa\u0161laik runa ir par sist\u0113mas izm\u0113\u0123in\u0101jumiem, kas nav kodoleksplozijas.<\/p>\n<p>ASV kop\u0161 1996. gada ir parakst\u012bju\u0161as Visaptvero\u0161o kodolizm\u0113\u0123in\u0101jumu aizlieguma l\u012bgumu, kas aizliedz visus atomizm\u0113\u0123in\u0101jumu spr\u0101dzienus gan milit\u0101riem, gan civiliem m\u0113r\u0137iem.<\/p>\n","protected":false},"excerpt":{"rendered":"Tas notika da\u017eas min\u016btes pirms tam, kad Dienvidkorej\u0101 s\u0101k\u0101s Trampa un \u0136\u012bnas prezidenta Sji Dzji\u0146pina samits. Savuk\u0101rt Krievijas&hellip;\n","protected":false},"author":2,"featured_media":38718,"comment_status":"","ping_status":"","sticky":false,"template":"","format":"standard","meta":{"footnotes":""},"categories":[14],"tags":[23,57,292,28,29,32,33,22,4213,9483,30,31,35,39,38,36,37,34,40,20,26,27,24,25,54,55,56,21,58],"class_list":{"0":"post-38717","1":"post","2":"type-post","3":"status-publish","4":"format-standard","5":"has-post-thumbnail","7":"category-zinas-no-arvalstim","8":"tag-aktualitates","9":"tag-arvalstim","10":"tag-asv","11":"tag-breaking-news","12":"tag-breakingnews","13":"tag-featured-news","14":"tag-featurednews","15":"tag-headlines","16":"tag-kina","17":"tag-kodolieroci","18":"tag-latest-news","19":"tag-latestnews","20":"tag-latvia","21":"tag-latvian","22":"tag-latviesu","23":"tag-latviesu-valoda","24":"tag-latviesuvaloda","25":"tag-latvija","26":"tag-lv","27":"tag-news","28":"tag-popularakas-zinas","29":"tag-popularakaszinas","30":"tag-top-stories","31":"tag-topstories","32":"tag-world","33":"tag-world-news","34":"tag-worldnews","35":"tag-zinas","36":"tag-zinas-no-arvalstim"},"share_on_mastodon":{"url":"https:\/\/pubeurope.com\/@lv\/115485388592311285","error":""},"_links":{"self":[{"href":"https:\/\/www.europesays.com\/lv\/wp-json\/wp\/v2\/posts\/38717","targetHints":{"allow":["GET"]}}],"collection":[{"href":"https:\/\/www.europesays.com\/lv\/wp-json\/wp\/v2\/posts"}],"about":[{"href":"https:\/\/www.europesays.com\/lv\/wp-json\/wp\/v2\/types\/post"}],"author":[{"embeddable":true,"href":"https:\/\/www.europesays.com\/lv\/wp-json\/wp\/v2\/users\/2"}],"replies":[{"embeddable":true,"href":"https:\/\/www.europesays.com\/lv\/wp-json\/wp\/v2\/comments?post=38717"}],"version-history":[{"count":0,"href":"https:\/\/www.europesays.com\/lv\/wp-json\/wp\/v2\/posts\/38717\/revisions"}],"wp:featuredmedia":[{"embeddable":true,"href":"https:\/\/www.europesays.com\/lv\/wp-json\/wp\/v2\/media\/38718"}],"wp:attachment":[{"href":"https:\/\/www.europesays.com\/lv\/wp-json\/wp\/v2\/media?parent=38717"}],"wp:term":[{"taxonomy":"category","embeddable":true,"href":"https:\/\/www.europesays.com\/lv\/wp-json\/wp\/v2\/categories?post=38717"},{"taxonomy":"post_tag","embeddable":true,"href":"https:\/\/www.europesays.com\/lv\/wp-json\/wp\/v2\/tags?post=38717"}],"curies":[{"name":"wp","href":"https:\/\/api.w.org\/{rel}","templated":true}]}}