{"id":38719,"date":"2025-11-03T10:52:10","date_gmt":"2025-11-03T10:52:10","guid":{"rendered":"https:\/\/www.europesays.com\/lv\/38719\/"},"modified":"2025-11-03T10:52:10","modified_gmt":"2025-11-03T10:52:10","slug":"ilmars-dzenis-fakti-un-neskaidribas-par-navi-amerika","status":"publish","type":"post","link":"https:\/\/www.europesays.com\/lv\/38719\/","title":{"rendered":"Ilm\u0101rs Dzenis \u2013 fakti un neskaidr\u012bbas par n\u0101vi Amerik\u0101"},"content":{"rendered":"<p class=\"descr\">Zi\u0146a par \u0161l\u0101gerdzied\u0101t\u0101ja Ilm\u0101ra Dze\u0146a n\u0101vi uz dzimteni no Amerikas ce\u013coja vair\u0101k nek\u0101 m\u0113nesi. Un ar\u012b v\u0113l tagad nav \u012bstas skaidr\u012bbas, kur atdusas &#8220;Tauren\u012bt, mans tauren\u012bt&#8221; un citu popul\u0101ru kompoz\u012bciju autors un izpild\u012bt\u0101js, v\u0113st\u012bts Evijas Kalnb\u0113rzas materi\u0101l\u0101 &#8220;Apklususi viena no skaist\u0101kaj\u0101m latvie\u0161u bals\u012bm&#8221; izdevum\u0101 &#8220;Priv\u0101t\u0101 Dz\u012bve&#8221;.<\/p>\n<p>Pag\u0101ju\u0161aj\u0101 ned\u0113\u013c\u0101 sabiedriskaj\u0101 medij\u0101 tika v\u0113st\u012bts, ka <a href=\"https:\/\/nra.lv\/birka\/ilmars-dzenis\/\" target=\"_blank\" rel=\"noopener nofollow\">Dzenis<\/a> guld\u012bts zemes kl\u0113p\u012b Latvie\u0161u Br\u0101\u013cu kapos Katskilos, net\u0101lu no \u0145ujorkas, blakus savai m\u0101tei un sievai.<\/p>\n<blockquote><p>Amerikas latvie\u0161u av\u012bzes Laiks redaktore Ligita Kovtuna atkl\u0101j, ka vi\u0146as r\u012bc\u012bb\u0101 eso\u0161\u0101 inform\u0101cija to ne\u013cauj tik dro\u0161i apgalvot, lai ar\u012b iepriek\u0161 tie\u0161\u0101m biju\u0161as zi\u0146as, ka Ilm\u0101rs apglab\u0101jams tie\u0161i tur. &#8220;Es sazin\u0101jos ar \u0161o kapu p\u0101rvaldnieku, un vi\u0146am nav datu ne par Ilm\u0101ra, ne Silvijas apbed\u012b\u0161anu. \u0160ajos kapos gu\u013c Dze\u0146a mamma un pusbr\u0101lis Visvaldis,&#8221; teic Kovtuna.<\/p><\/blockquote>\n<p>Vi\u0146a atkl\u0101j, ka v\u0113sts par Dze\u0146a do\u0161anos m\u016b\u017e\u012bb\u0101 latvie\u0161u kopien\u0101 Amerik\u0101 izplat\u012bjusies glu\u017ei k\u0101 pa klusajiem telefoniem, jo ofici\u0101li nekur s\u0113ru zi\u0146a nav tikusi public\u0113ta. Ligita pirms k\u0101da laika par dzied\u0101t\u0101ja n\u0101vi uzzin\u0101jusi no Ilm\u0101ra pazi\u0146as M\u0101ras Pr\u0101vs. &#8220;Pag\u0101ju\u0161\u0101s ned\u0113\u013cas s\u0101kum\u0101 \u0161o s\u0113ru zi\u0146u pav\u0113st\u012bju \u010cik\u0101gas piec\u012b\u0161u dal\u012bbniecei Lorijai Vudai, vi\u0146a savuk\u0101rt Armandam Birkenam,&#8221; skaidro Amerikas latvie\u0161u av\u012bzes Laiks redaktore.<\/p>\n","protected":false},"excerpt":{"rendered":"Zi\u0146a par \u0161l\u0101gerdzied\u0101t\u0101ja Ilm\u0101ra Dze\u0146a n\u0101vi uz dzimteni no Amerikas ce\u013coja vair\u0101k nek\u0101 m\u0113nesi. Un ar\u012b v\u0113l tagad&hellip;\n","protected":false},"author":2,"featured_media":38720,"comment_status":"","ping_status":"","sticky":false,"template":"","format":"standard","meta":{"footnotes":""},"categories":[12],"tags":[23,28,29,32,33,22,30,31,35,39,38,36,37,34,40,20,26,27,24,25,21],"class_list":{"0":"post-38719","1":"post","2":"type-post","3":"status-publish","4":"format-standard","5":"has-post-thumbnail","7":"category-latvija","8":"tag-aktualitates","9":"tag-breaking-news","10":"tag-breakingnews","11":"tag-featured-news","12":"tag-featurednews","13":"tag-headlines","14":"tag-latest-news","15":"tag-latestnews","16":"tag-latvia","17":"tag-latvian","18":"tag-latviesu","19":"tag-latviesu-valoda","20":"tag-latviesuvaloda","21":"tag-latvija","22":"tag-lv","23":"tag-news","24":"tag-popularakas-zinas","25":"tag-popularakaszinas","26":"tag-top-stories","27":"tag-topstories","28":"tag-zinas"},"share_on_mastodon":{"url":"https:\/\/pubeurope.com\/@lv\/115485392599724687","error":""},"_links":{"self":[{"href":"https:\/\/www.europesays.com\/lv\/wp-json\/wp\/v2\/posts\/38719","targetHints":{"allow":["GET"]}}],"collection":[{"href":"https:\/\/www.europesays.com\/lv\/wp-json\/wp\/v2\/posts"}],"about":[{"href":"https:\/\/www.europesays.com\/lv\/wp-json\/wp\/v2\/types\/post"}],"author":[{"embeddable":true,"href":"https:\/\/www.europesays.com\/lv\/wp-json\/wp\/v2\/users\/2"}],"replies":[{"embeddable":true,"href":"https:\/\/www.europesays.com\/lv\/wp-json\/wp\/v2\/comments?post=38719"}],"version-history":[{"count":0,"href":"https:\/\/www.europesays.com\/lv\/wp-json\/wp\/v2\/posts\/38719\/revisions"}],"wp:featuredmedia":[{"embeddable":true,"href":"https:\/\/www.europesays.com\/lv\/wp-json\/wp\/v2\/media\/38720"}],"wp:attachment":[{"href":"https:\/\/www.europesays.com\/lv\/wp-json\/wp\/v2\/media?parent=38719"}],"wp:term":[{"taxonomy":"category","embeddable":true,"href":"https:\/\/www.europesays.com\/lv\/wp-json\/wp\/v2\/categories?post=38719"},{"taxonomy":"post_tag","embeddable":true,"href":"https:\/\/www.europesays.com\/lv\/wp-json\/wp\/v2\/tags?post=38719"}],"curies":[{"name":"wp","href":"https:\/\/api.w.org\/{rel}","templated":true}]}}