{"id":38733,"date":"2025-11-03T10:59:09","date_gmt":"2025-11-03T10:59:09","guid":{"rendered":"https:\/\/www.europesays.com\/lv\/38733\/"},"modified":"2025-11-03T10:59:09","modified_gmt":"2025-11-03T10:59:09","slug":"sporta-pedagogijas-akademija-cel-trauksmi-par-nodarbinatibu-augstskolas-vadiba-uzsver-parmainas-raksts","status":"publish","type":"post","link":"https:\/\/www.europesays.com\/lv\/38733\/","title":{"rendered":"Sporta pedago\u0123ijas akad\u0113mij\u0101 ce\u013c trauksmi par nodarbin\u0101t\u012bbu, augstskolas vad\u012bba uzsver p\u0101rmai\u0146as \/ Raksts"},"content":{"rendered":"<p>P\u0113c Latvijas Sporta pedago\u0123ijas akad\u0113mijas (LSPA) pievieno\u0161anas R\u012bgas Stradi\u0146a universit\u0101tei (RSU) rais\u012bjusies vi\u013c\u0146o\u0161an\u0101s LSPA darbinieku vid\u016b, jo da\u017ei jau zaud\u0113ju\u0161i darbu un vair\u0101ki citi pasniedz\u0113ji ir nezi\u0146\u0101 par n\u0101kotni.\u00a0L\u0113mumu\u00a0par LSPA pievieno\u0161anu RSU pie\u0146\u0113ma\u00a02022. gada beig\u0101s, un abas augst\u0101k\u0101s izgl\u012bt\u012bbas iest\u0101des 2024. gada s\u0101kum\u0101 vienoj\u0101s par reorganiz\u0101cijas pl\u0101na izpildi.<\/p>\n<p>\u012aSUM\u0100:<\/p>\n<ul>\n<li>Reorganiz\u0101cijas start\u0101 visiem LSPA pasniedz\u0113jiem sol\u012bts saglab\u0101t\u00a0darbu, ta\u010du tas uzteikts virknei kol\u0113\u0123u, saka lektore Anastasija Ropa.<\/li>\n<li>P\u0101rmai\u0146as augstskol\u0101 nosaka m\u0101c\u012bbu satura p\u0101rskat\u012b\u0161ana, nor\u0101da\u00a0LSPA direktore Di\u0101na Laipniece.\u00a0<\/li>\n<li>\u0100rzemju studenti augstskol\u0101 pievienoti latvie\u0161u valodas grup\u0101m, Ropa ap\u0161auba vi\u0146u izgl\u012bt\u012bbas procesa efektivit\u0101ti.<\/li>\n<li>K\u0101 risin\u0101jumu \u0101rvalstu studentiem, liel\u0101koties ukrai\u0146iem, pied\u0101v\u0101 latvie\u0161u valodas apm\u0101c\u012bbu un stud\u0113\u0161anu latviski. \u00a0<\/li>\n<li>Lektoriem, kuri\u00a0turpm\u0101k neb\u016btu m\u0101c\u012bbsp\u0113ki, pied\u0101v\u0101 p\u0101rkvalific\u0113ties darbam administr\u0101cij\u0101, saka Ropa; Laipniecei t\u0101di gad\u012bjumi nav zin\u0101mi.<\/li>\n<\/ul>\n<p style=\"margin-left:0cm; margin-right:0cm\">Sporta terminolo\u0123iju ang\u013cu valod\u0101 pasniedz lektore Anastasija Ropa, un vi\u0146a apgalvo, ka reorganiz\u0101cijas s\u0101kum\u0101 LSPA pasniedz\u0113jiem sol\u012bts visiem saglab\u0101t\u00a0darbu ar\u012b p\u0113c pievieno\u0161anas RSU. Ta\u010du realit\u0101t\u0113 darbs uzteikts virknei kol\u0113\u0123u, bet vi\u0146as pa\u0161as n\u0101kotne esot migl\u0101 t\u012bta. \u00a0<\/p>\n<p style=\"margin-left:0cm; margin-right:0cm\">&#8220;Ar\u012b sol\u012bja, ka konsolid\u0101cija neietekm\u0113s studentu pieredzi. Ja es, piem\u0113ram, nezinu, vai str\u0101d\u0101\u0161u n\u0101kamaj\u0101 semestr\u012b, tad tas nevar neietekm\u0113t studiju procesu,&#8221; uzsv\u0113ra Ropa. &#8220;Visi kol\u0113\u0123i, protams, ir profesion\u0101li un cent\u012bgi, bet, ja m\u0113s nezin\u0101m, vai str\u0101d\u0101sim, m\u0113s neieguld\u012bsim tikpat daudz laika, pilnveidojot studiju kursu, kas varb\u016bt n\u0101kamaj\u0101 semestr\u012b vai n\u0101kamaj\u0101 m\u0101c\u012bbu gad\u0101 vairs neb\u016bs.&#8221;<\/p>\n<p style=\"margin-left:0cm; margin-right:0cm\">Savuk\u0101rt LSPA direktore Di\u0101na Laipniece\u00a0uzsv\u0113ra, ka<\/p>\n<blockquote>\n<p style=\"margin-left:0cm; margin-right:0cm\">p\u0101rmai\u0146as nosaka m\u0101c\u012bbu satura p\u0101rskat\u012b\u0161ana.<\/p>\n<\/blockquote>\n<p style=\"margin-left:0cm; margin-right:0cm\">&#8220;Mums nav vairs atsevi\u0161\u0137a priek\u0161meta \u2013 valodas, ko \u0161eit [LSPA] m\u0101c\u012bja diezgan primit\u012bv\u0101 veid\u0101. Ja cilv\u0113ks ir pabeidzis skolu,\u00a0 tad vi\u0146am b\u016btu j\u0101prot ang\u013cu valoda,&#8221; nor\u0101d\u012bja Laipniece. &#8220;L\u012bdz ar to nav vairs atsevi\u0161\u0137a valodu priek\u0161meta, ir sporta studiju priek\u0161meti. L\u012bdz ar to, j\u0101, piln\u012bgi noteikti notiek izmai\u0146as.&#8221;<\/p>\n<p style=\"margin-left:0cm; margin-right:0cm\">Ar notieko\u0161o LSPA nav apmierin\u0101ta virkne biju\u0161o un eso\u0161o darbinieku, ta\u010du Ropa ir vien\u012bg\u0101, kura gatava kritiku paust publiski. Ropa akcent\u0113, ka \u0101rzemju studenti ir pievienoti latvie\u0161u valodas grup\u0101m, t\u0101p\u0113c \u013coti ap\u0161aub\u0101ma esot vi\u0146u izgl\u012bt\u012bbas procesa efektivit\u0101te.<\/p>\n<p style=\"margin-left:0cm; margin-right:0cm\">&#8220;Es \u012bsti ar tiem studentiem nestr\u0101d\u0101ju, bet nevaru iedom\u0101ties, k\u0101d\u0101 veid\u0101 pasniedz\u0113js var\u0113s str\u0101d\u0101t ar studentiem, kuri ir no \u0101rvalst\u012bm,&#8221; teica Ropa. &#8220;Vi\u0146i nezina latvie\u0161u valodu tik labi, lai m\u0101c\u012btos. Iepriek\u0161\u0113jos divus gadus \u2013 studiju pirmaj\u0101 un otraj\u0101 kurs\u0101 \u2013 vi\u0146i ar\u012b nezin\u0101ja, ka vi\u0146iem b\u016bs j\u0101turpina studijas [latviski]. Cik pilnv\u0113rt\u012bgi vi\u0146i var m\u0101c\u012bties, tas ir jaut\u0101jums.&#8221;<\/p>\n<p style=\"margin-left:0cm; margin-right:0cm\">LSPA direktore, kura amat\u0101 ir vien p\u0101ris m\u0113ne\u0161us, \u0161\u0101du situ\u0101ciju nenoliedz, ta\u010du paskaidroja, ka t\u0101 ir izveidojusies v\u0113l pirms reorganiz\u0101cijas.<\/p>\n<blockquote>\n<p style=\"margin-left:0cm; margin-right:0cm\">\u0100rvalstu studenti uz\u0146emti, lai gan nav bijis nevienas licenc\u0113tas studiju programmas ang\u013cu valod\u0101.<\/p>\n<\/blockquote>\n<p style=\"margin-left:0cm; margin-right:0cm\">K\u0101 risin\u0101jums \u0101rvalstu studentiem, no kuriem liel\u0101k\u0101 da\u013ca esot ukrai\u0146i, pied\u0101v\u0101ta latvie\u0161u valodas apm\u0101c\u012bba\u00a0un studiju turpin\u0101\u0161ana latviski. \u00a0<\/p>\n<p style=\"margin-left:0cm; margin-right:0cm\">&#8220;Da\u017ei run\u0101 jau \u013coti labi, da\u017ei \u2013 ne tik labi. Bet tas \u0161obr\u012bd ir vien\u012bgais risin\u0101jums, jo visas m\u016bsu sporta studijas ir latvie\u0161u valod\u0101. Tas ir ne perfekts risin\u0101jums \u013coti joc\u012bgai situ\u0101cijai,&#8221; past\u0101st\u012bja LSPA direktore\u00a0Laipniece.<\/p>\n<p style=\"margin-left:0cm; margin-right:0cm\">Ropa apgalvo, ka lektoriem, kuriem\u00a0turpm\u0101k nepl\u0101no m\u0101c\u012bbsp\u0113ku lomu, pied\u0101v\u0101ts p\u0101rkvalific\u0113ties un str\u0101d\u0101t administr\u0101cij\u0101. Tas esot pretrun\u0101 reorganiz\u0101cijas b\u016bt\u012bbai, jo t\u0101d\u0113j\u0101di palielin\u0101tu administrat\u012bvo resursu.<\/p>\n<p style=\"margin-left:0cm; margin-right:0cm\">&#8220;Pirmk\u0101rt,\u00a0mums tom\u0113r interes\u0113 m\u016bsu profesija. Otrk\u0101rt, tas ir tom\u0113r diezgan sare\u017e\u0123\u012bti [p\u0101rkvalific\u0113ties]. Nu, es nekad neesmu m\u0101c\u012bjusies par sekret\u0101ri,&#8221; teica Ropa.<\/p>\n<p style=\"margin-left:0cm; margin-right:0cm\">Savuk\u0101rt Laipniece\u00a0nevienu t\u0101du gad\u012bjumu nezina, un ir p\u0101rliecin\u0101ta, ka par LSPA notieko\u0161ajiem procesiem ir piln\u012bgi inform\u0113ta.\u00a0Laipniece paskaidroja, ka vi\u0146as vad\u012bt\u0101 iest\u0101de pa\u0161laik veic v\u0113rien\u012bgas p\u0101rmai\u0146as izgl\u012bt\u012bbas satur\u0101, un da\u013cai darbinieku tas nepat\u012bk.<\/p>\n<blockquote>\n<p style=\"margin-left:0cm; margin-right:0cm\">Piln\u012bgi no jauna tiekot izstr\u0101d\u0101ta ma\u0123istra programma sporta zin\u0101tn\u0113, t\u0101pat vair\u0101kos priek\u0161metos nol\u016bkoti lektori no Skandin\u0101vijas valst\u012bm.<\/p>\n<\/blockquote>\n<p style=\"margin-left:0cm; margin-right:0cm\">Prec\u012bz\u0101k konsolid\u0101cijas pl\u0101nus Laipniece gan neatkl\u0101j, nor\u0101dot, ka par katru virzienu, ko pl\u0101nots b\u016btiski main\u012bt vai atcelt, b\u016btu nepiecie\u0161ama \u013coti gara un detaliz\u0113ta saruna.<\/p>\n<p>                    Valodas k\u013c\u016bda rakst\u0101?<\/p>\n<p class=\"d-none d-md-block\">Iez\u012bm\u0113jiet tekstu un spiediet Ctrl+Enter, lai nos\u016bt\u012btu labojamo teksta fragmentu redaktoram! Par faktu k\u013c\u016bd\u0101m l\u016bdzam zi\u0146ot e-past\u0101 <a href=\"https:\/\/www.lsm.lv\/cdn-cgi\/l\/email-protection\" class=\"__cf_email__\" data-cfemail=\"384a5d5c59535b51525978544b5516544e\" rel=\"nofollow noopener\" target=\"_blank\">[email\u00a0protected]<\/a>.<\/p>\n<p class=\"d-md-none\">Iez\u012bm\u0113jiet tekstu un spiediet uz Zi\u0146ot par k\u013c\u016bdu pogas, lai nos\u016bt\u012btu labojamo teksta fragmentu redaktoram!<\/p>\n<p>\n                    Zi\u0146ot par k\u013c\u016bdu\n                <\/p>\n","protected":false},"excerpt":{"rendered":"P\u0113c Latvijas Sporta pedago\u0123ijas akad\u0113mijas (LSPA) pievieno\u0161anas R\u012bgas Stradi\u0146a universit\u0101tei (RSU) rais\u012bjusies vi\u013c\u0146o\u0161an\u0101s LSPA darbinieku vid\u016b, jo da\u017ei&hellip;\n","protected":false},"author":2,"featured_media":38734,"comment_status":"","ping_status":"","sticky":false,"template":"","format":"standard","meta":{"footnotes":""},"categories":[5],"tags":[23,28,29,32,33,22,30,31,35,39,38,36,37,34,40,20,26,27,24,25,21],"class_list":{"0":"post-38733","1":"post","2":"type-post","3":"status-publish","4":"format-standard","5":"has-post-thumbnail","7":"category-aktualitates","8":"tag-aktualitates","9":"tag-breaking-news","10":"tag-breakingnews","11":"tag-featured-news","12":"tag-featurednews","13":"tag-headlines","14":"tag-latest-news","15":"tag-latestnews","16":"tag-latvia","17":"tag-latvian","18":"tag-latviesu","19":"tag-latviesu-valoda","20":"tag-latviesuvaloda","21":"tag-latvija","22":"tag-lv","23":"tag-news","24":"tag-popularakas-zinas","25":"tag-popularakaszinas","26":"tag-top-stories","27":"tag-topstories","28":"tag-zinas"},"share_on_mastodon":{"url":"https:\/\/pubeurope.com\/@lv\/115485420029703377","error":""},"_links":{"self":[{"href":"https:\/\/www.europesays.com\/lv\/wp-json\/wp\/v2\/posts\/38733","targetHints":{"allow":["GET"]}}],"collection":[{"href":"https:\/\/www.europesays.com\/lv\/wp-json\/wp\/v2\/posts"}],"about":[{"href":"https:\/\/www.europesays.com\/lv\/wp-json\/wp\/v2\/types\/post"}],"author":[{"embeddable":true,"href":"https:\/\/www.europesays.com\/lv\/wp-json\/wp\/v2\/users\/2"}],"replies":[{"embeddable":true,"href":"https:\/\/www.europesays.com\/lv\/wp-json\/wp\/v2\/comments?post=38733"}],"version-history":[{"count":0,"href":"https:\/\/www.europesays.com\/lv\/wp-json\/wp\/v2\/posts\/38733\/revisions"}],"wp:featuredmedia":[{"embeddable":true,"href":"https:\/\/www.europesays.com\/lv\/wp-json\/wp\/v2\/media\/38734"}],"wp:attachment":[{"href":"https:\/\/www.europesays.com\/lv\/wp-json\/wp\/v2\/media?parent=38733"}],"wp:term":[{"taxonomy":"category","embeddable":true,"href":"https:\/\/www.europesays.com\/lv\/wp-json\/wp\/v2\/categories?post=38733"},{"taxonomy":"post_tag","embeddable":true,"href":"https:\/\/www.europesays.com\/lv\/wp-json\/wp\/v2\/tags?post=38733"}],"curies":[{"name":"wp","href":"https:\/\/api.w.org\/{rel}","templated":true}]}}