{"id":38781,"date":"2025-11-03T11:27:08","date_gmt":"2025-11-03T11:27:08","guid":{"rendered":"https:\/\/www.europesays.com\/lv\/38781\/"},"modified":"2025-11-03T11:27:08","modified_gmt":"2025-11-03T11:27:08","slug":"krievija-vairs-nav-drosiba-ukraini-pamainijusi-kara-geografiju","status":"publish","type":"post","link":"https:\/\/www.europesays.com\/lv\/38781\/","title":{"rendered":"Krievija vairs nav dro\u0161\u012bb\u0101 \u2013 ukrai\u0146i pamain\u012bju\u0161i kara \u0123eogr\u0101fiju"},"content":{"rendered":"<p>    <img decoding=\"async\" src=\"https:\/\/www.europesays.com\/lv\/wp-content\/uploads\/2025\/11\/afp_346l7bl-1-800x534.jpg\" alt=\"&#10;Ukrainas bru\u0146oto sp\u0113ku virspav\u0113lnieks Oleksandrs Sirskis (foto \u2013 vid\u016b) p\u0113ta karti kop\u0101 ar Ukrainas prezidentu Volodomiru Zelenski (foto \u2013 pirmais no lab\u0101s).&#10;\"\/><\/p>\n<p>Ukrainas bru\u0146oto sp\u0113ku virspav\u0113lnieks Oleksandrs Sirskis (foto \u2013 vid\u016b) p\u0113ta karti kop\u0101 ar Ukrainas prezidentu Volodomiru Zelenski (foto \u2013 pirmais no lab\u0101s).<\/p>\n<p>Foto: AFP\/SCANPIX\n<\/p>\n<p>Ukrainas veidotie droni p\u0113d\u0113jos m\u0113ne\u0161os p\u0101rb\u012bda kara robe\u017eas dzi\u013c\u0101k Krievijas teritorij\u0101, tr\u0101pot nevis milit\u0101rajiem objektiem pie l\u012bnijas, bet naftas p\u0101rstr\u0101des r\u016bpn\u012bc\u0101m, degvielas kr\u0101tuv\u0113m un lo\u0123istikas mezgliem Krievijas vidien\u0113.<\/p>\n<p>        Las\u012bt\u0101kie<br \/>\n        <a data-imagesrc=\"{&quot;300&quot;:&quot;https:\\\/\\\/lastatic.ams3.cdn.digitaloceanspaces.com\\\/2021\\\/11\\\/kakis6-300x199.jpg&quot;,&quot;1024&quot;:&quot;https:\\\/\\\/lastatic.ams3.cdn.digitaloceanspaces.com\\\/2021\\\/11\\\/kakis6-1024x680.jpg&quot;,&quot;768&quot;:&quot;https:\\\/\\\/lastatic.ams3.cdn.digitaloceanspaces.com\\\/2021\\\/11\\\/kakis6-768x510.jpg&quot;,&quot;200&quot;:&quot;https:\\\/\\\/lastatic.ams3.cdn.digitaloceanspaces.com\\\/2021\\\/11\\\/kakis6-200x133.jpg&quot;,&quot;400&quot;:&quot;https:\\\/\\\/lastatic.ams3.cdn.digitaloceanspaces.com\\\/2021\\\/11\\\/kakis6-400x265.jpg&quot;,&quot;500&quot;:&quot;https:\\\/\\\/lastatic.ams3.cdn.digitaloceanspaces.com\\\/2021\\\/11\\\/kakis6-500x332.jpg&quot;,&quot;800&quot;:&quot;https:\\\/\\\/lastatic.ams3.cdn.digitaloceanspaces.com\\\/2021\\\/11\\\/kakis6-800x531.jpg&quot;,&quot;1000&quot;:&quot;https:\\\/\\\/lastatic.ams3.cdn.digitaloceanspaces.com\\\/2021\\\/11\\\/kakis6-1000x664.jpg&quot;,&quot;1252&quot;:&quot;https:\\\/\\\/lastatic.ams3.cdn.digitaloceanspaces.com\\\/2021\\\/11\\\/kakis6.jpg&quot;}\" data-focuspoint=\"&quot;&quot;\" data-p=\"2459691\" href=\"https:\/\/www.la.lv\/berzesanas-gar-kajam-gulesana-virsu-astes-kustinasana-iemacies-saprast-ko-kakis-tev-sadi-saka\" class=\"content-item lazy-load\" wp_automatic_readability=\"28\" rel=\"nofollow noopener\" target=\"_blank\"><\/p>\n<p>                                <img decoding=\"async\" src=\"\" alt=\"\" style=\"\" data-imageid=\"\"\/><\/p>\n<p>                                M\u0101jas<\/p>\n<p>\n                                                Berz\u0113\u0161an\u0101s gar k\u0101j\u0101m, gul\u0113\u0161ana virs\u016b, astes kustin\u0101\u0161ana \u2013 iem\u0101cies saprast, ko ka\u0137is tev \u0161\u0101di \u201csaka\u201d\n                            <\/p>\n<p><\/a><a data-imagesrc=\"{&quot;300&quot;:&quot;https:\\\/\\\/lastatic.ams3.cdn.digitaloceanspaces.com\\\/2019\\\/09\\\/shutterstock_1394650529-300x200.jpg&quot;,&quot;768&quot;:&quot;https:\\\/\\\/lastatic.ams3.cdn.digitaloceanspaces.com\\\/2019\\\/09\\\/shutterstock_1394650529-768x513.jpg&quot;,&quot;200&quot;:&quot;https:\\\/\\\/lastatic.ams3.cdn.digitaloceanspaces.com\\\/2019\\\/09\\\/shutterstock_1394650529-200x134.jpg&quot;,&quot;400&quot;:&quot;https:\\\/\\\/lastatic.ams3.cdn.digitaloceanspaces.com\\\/2019\\\/09\\\/shutterstock_1394650529-400x267.jpg&quot;,&quot;500&quot;:&quot;https:\\\/\\\/lastatic.ams3.cdn.digitaloceanspaces.com\\\/2019\\\/09\\\/shutterstock_1394650529-500x334.jpg&quot;,&quot;800&quot;:&quot;https:\\\/\\\/lastatic.ams3.cdn.digitaloceanspaces.com\\\/2019\\\/09\\\/shutterstock_1394650529.jpg&quot;}\" data-focuspoint=\"&quot;&quot;\" data-p=\"2455909\" href=\"https:\/\/www.la.lv\/7-produkti-kurus-ieklaujot-uztura-katru-dienu-sanemsiet-teju-visas-organismam-nepieciesamas-baribas-vielas\" class=\"content-item lazy-load\" wp_automatic_readability=\"27.5\" rel=\"nofollow noopener\" target=\"_blank\"><\/p>\n<p>                                <img decoding=\"async\" src=\"\" alt=\"\" style=\"\" data-imageid=\"\"\/><\/p>\n<p>                                Veselam<\/p>\n<p>\n                                                7 produkti, kurus iek\u013caujot uztur\u0101 katru dienu, sa\u0146emsiet teju visas organismam nepiecie\u0161am\u0101s bar\u012bbas vielas\n                            <\/p>\n<p><\/a><a data-imagesrc=\"{&quot;300&quot;:&quot;https:\\\/\\\/lastatic.ams3.cdn.digitaloceanspaces.com\\\/2019\\\/09\\\/LET_22175967-1-300x221.jpg&quot;,&quot;768&quot;:&quot;https:\\\/\\\/lastatic.ams3.cdn.digitaloceanspaces.com\\\/2019\\\/09\\\/LET_22175967-1-768x567.jpg&quot;,&quot;200&quot;:&quot;https:\\\/\\\/lastatic.ams3.cdn.digitaloceanspaces.com\\\/2019\\\/09\\\/LET_22175967-1-200x148.jpg&quot;,&quot;400&quot;:&quot;https:\\\/\\\/lastatic.ams3.cdn.digitaloceanspaces.com\\\/2019\\\/09\\\/LET_22175967-1-400x295.jpg&quot;,&quot;500&quot;:&quot;https:\\\/\\\/lastatic.ams3.cdn.digitaloceanspaces.com\\\/2019\\\/09\\\/LET_22175967-1-500x369.jpg&quot;,&quot;800&quot;:&quot;https:\\\/\\\/lastatic.ams3.cdn.digitaloceanspaces.com\\\/2019\\\/09\\\/LET_22175967-1-800x590.jpg&quot;,&quot;1000&quot;:&quot;https:\\\/\\\/lastatic.ams3.cdn.digitaloceanspaces.com\\\/2019\\\/09\\\/LET_22175967-1.jpg&quot;}\" data-focuspoint=\"&quot;&quot;\" data-p=\"2459716\" href=\"https:\/\/www.la.lv\/tas-ir-noticis-atbildot-uz-jautajumu-kapec-latvijai-jaizstajas-no-stambulas-konvencijas-ingmars-lidaka-parspejis-pats-savu-aizver-muti\" class=\"content-item lazy-load\" wp_automatic_readability=\"27.5\" rel=\"nofollow noopener\" target=\"_blank\"><\/p>\n<p>                                <img decoding=\"async\" src=\"\" alt=\"\" style=\"\" data-imageid=\"\"\/><\/p>\n<p>\n                                                Tas ir noticis! Atbildot uz jaut\u0101jumu, k\u0101p\u0113c Latvijai j\u0101izst\u0101jas no Stambulas konvencijas, Ingm\u0101rs L\u012bdaka p\u0101rsp\u0113jis pats savu \u201cAizver muti!\u201d\n                            <\/p>\n<p><\/a><br \/>\n        <a class=\"read-more\" href=\"https:\/\/www.la.lv\/top\" rel=\"nofollow noopener\" target=\"_blank\">Las\u012bt citas zi\u0146as<\/a><\/p>\n<p>K\u0101 v\u0113sta <a href=\"https:\/\/www.euronews.com\/2025\/11\/03\/built-in-the-shadows-launched-at-night-ukraines-long-range-drone-strikes-on-russian-refine\" rel=\"noopener nofollow\" target=\"_blank\">\u201cEuronews\u201d<\/a>, \u0161\u012b oper\u0101cija k\u013c\u016bst par strat\u0113\u0123isku pav\u0113rsienu. Pirmo reizi kop\u0161 pilna m\u0113roga iebrukuma s\u0101kuma Krievija spiesta apzin\u0101ties, ka ar\u012b t\u0101s iek\u0161ien\u0113 vairs nav dro\u0161i.<\/p>\n<p>Ukrainas pa\u0161u izgatavotie t\u0101l\u0101s darb\u012bbas droni vairs nav tikai nelieli taktiskie r\u012bki, ko izmanto pie frontes l\u012bnijas. Slepen\u0101s darbn\u012bc\u0101s Ukrainas rietumos, bie\u017ei vien \u0101rpus klasisk\u0101s r\u016bpniec\u012bbas kontroles, tiek b\u016bv\u0113ti vienk\u0101r\u0161i, bet efekt\u012bvi bezpilota lidapar\u0101ti, kuru darb\u012bbas r\u0101diuss sasniedz l\u012bdz pat 1000 kilometriem.<\/p>\n<p>    CITI \u0160OBR\u012aD LASA<\/p>\n<p>Droni tiek palaisti no improviz\u0113tiem lidlaukiem, galvenok\u0101rt nakt\u012bs, kad tie var nepaman\u012bti \u0161\u0137\u0113rsot Krievijas robe\u017eu un tr\u0101p\u012bt augsta riska infrastrukt\u016brai.<\/p>\n<p>\u201c500 kilometru viet\u0101 tie tagad nolido 1000. Veiksm\u012bgai oper\u0101cijai nepiecie\u0161ami tr\u012bs faktori: droni, cilv\u0113ki un pl\u0101no\u0161ana. M\u0113s v\u0113lamies sasniegt vislab\u0101ko iesp\u0113jamo rezult\u0101tu. Mums t\u0101 ir sv\u0113ta misija,\u201d nor\u0101da viens no oper\u0101ciju vad\u012bt\u0101jiem.<\/p>\n<p>Viens no visbie\u017e\u0101k izmantotajiem Ukrainas droniem ir \u201cLyuty\u201d drons \u2013 korpuss k\u0101 desai, viens propelleris un tr\u012bsst\u016brveida aste. \u0160\u012b vienk\u0101r\u0161\u012bba un zem\u0101s izmaksas \u013cauj tos ra\u017eot masveid\u0101. Tie\u0161i \u0161o vienk\u0101r\u0161\u012bbu eksperti uzskata par vienu no Ukrainas priek\u0161roc\u012bb\u0101m. Liels daudzums viegli aizst\u0101jamu ier\u012b\u010du, nevis da\u017ei sare\u017e\u0123\u012bti un d\u0101rgi agreg\u0101ti. <\/p>\n<p>Ukrainas droni jau sk\u0101ru\u0161i vismaz 16 Krievijas naftas p\u0101rstr\u0101des r\u016bpn\u012bcas, kas, p\u0113c \u201cCarnegie Endowment\u201d anal\u012bti\u0137u apl\u0113s\u0113m, veido ap 38% no visas Krievijas nomin\u0101l\u0101s naftas p\u0101rstr\u0101des jaudas.<\/p>\n<p>Lai gan da\u013ca r\u016bpn\u012bcu atjaunoja darb\u012bbu p\u0101ris ned\u0113\u013cu laik\u0101, triecieni lika Maskavai noteikt iek\u0161\u0113jos degvielas ierobe\u017eojumus, ieviest eksporta kontroles un p\u0101rskat\u012bt avi\u0101cijas degvielas sadali.<\/p>\n<p>Starptautisk\u0101 Ener\u0123\u0113tikas a\u0123ent\u016bra l\u0113\u0161, ka Ukrainas triecieni samazin\u0101ju\u0161i Krievijas p\u0101rstr\u0101des apjomus par aptuveni 500 000 barelu dien\u0101.<\/p>\n<p>Ukrainas prezidents Volodimirs Zelenskis pazi\u0146ojis, ka Krievija var\u0113tu b\u016bt zaud\u0113jusi l\u012bdz pat 20% benz\u012bna pieg\u0101\u017eu, pateicoties Ukrainas bezpilota lidapar\u0101tiem.<\/p>\n<p>L\u012bdz \u0161im Krievija karadarb\u012bb\u0101 balst\u012bj\u0101s uz p\u0101rliec\u012bbu, ka t\u0101s teritorija ir neaizskarama. Tagad tas ir main\u012bjies. Droni liek p\u0101rk\u0101rtot lo\u0123istiku, izklied\u0113t degvielas kr\u0101jumus un papla\u0161in\u0101t gaisa aizsardz\u012bbas zonas dzi\u013ci iek\u0161ien\u0113.<\/p>\n<p>Turkl\u0101t Ukraina \u0161\u0101di demonstr\u0113 ar\u012b savu tehnolo\u0123isko autonomiju. \u0160ie iero\u010di ir pa\u0161u izgatavoti un nav atkar\u012bgi no Rietumu pieg\u0101d\u0113m, kuras p\u0113d\u0113j\u0101 laik\u0101 iestr\u0113gu\u0161as politiskos str\u012bdos.<\/p>\n<p>Ta\u010du ar\u012b \u0161\u012b oper\u0101cija nav bez upuriem. Ukrainas dronu operatori atz\u012bst, ka tikai aptuveni 30% lidapar\u0101tu sasniedz m\u0113r\u0137i. Liel\u0101k\u0101 da\u013ca tiek notriekta vai zaud\u0113ta tehnisku iemeslu d\u0113\u013c.<\/p>\n<p>Dronu uzbrukumi dzi\u013ci Krievijas teritorij\u0101 vairs nav epizodiski. T\u0101 k\u013c\u016bst par sistem\u0101tisku, ilgtermi\u0146a taktiku, kas maina visu kara uztveri. <\/p>\n<p>Ukraina pier\u0101da, ka ar viedumu, pa\u0161iniciat\u012bvu un tehnolo\u0123ij\u0101m var main\u012bt ar\u012b Krievijas p\u0101rliec\u012bbu par savu neaizskaram\u012bbu.<\/p>\n<p>T\u0113mas<\/p>\n<p>    SAIST\u012aTIE RAKSTI<\/p>\n","protected":false},"excerpt":{"rendered":"Ukrainas bru\u0146oto sp\u0113ku virspav\u0113lnieks Oleksandrs Sirskis (foto \u2013 vid\u016b) p\u0113ta karti kop\u0101 ar Ukrainas prezidentu Volodomiru Zelenski (foto&hellip;\n","protected":false},"author":2,"featured_media":38782,"comment_status":"","ping_status":"","sticky":false,"template":"","format":"standard","meta":{"footnotes":""},"categories":[14],"tags":[23,57,28,29,32,33,22,30,31,35,39,38,36,37,34,40,20,26,27,24,25,54,55,56,21,58],"class_list":{"0":"post-38781","1":"post","2":"type-post","3":"status-publish","4":"format-standard","5":"has-post-thumbnail","7":"category-zinas-no-arvalstim","8":"tag-aktualitates","9":"tag-arvalstim","10":"tag-breaking-news","11":"tag-breakingnews","12":"tag-featured-news","13":"tag-featurednews","14":"tag-headlines","15":"tag-latest-news","16":"tag-latestnews","17":"tag-latvia","18":"tag-latvian","19":"tag-latviesu","20":"tag-latviesu-valoda","21":"tag-latviesuvaloda","22":"tag-latvija","23":"tag-lv","24":"tag-news","25":"tag-popularakas-zinas","26":"tag-popularakaszinas","27":"tag-top-stories","28":"tag-topstories","29":"tag-world","30":"tag-world-news","31":"tag-worldnews","32":"tag-zinas","33":"tag-zinas-no-arvalstim"},"share_on_mastodon":{"url":"https:\/\/pubeurope.com\/@lv\/115485530124768238","error":""},"_links":{"self":[{"href":"https:\/\/www.europesays.com\/lv\/wp-json\/wp\/v2\/posts\/38781","targetHints":{"allow":["GET"]}}],"collection":[{"href":"https:\/\/www.europesays.com\/lv\/wp-json\/wp\/v2\/posts"}],"about":[{"href":"https:\/\/www.europesays.com\/lv\/wp-json\/wp\/v2\/types\/post"}],"author":[{"embeddable":true,"href":"https:\/\/www.europesays.com\/lv\/wp-json\/wp\/v2\/users\/2"}],"replies":[{"embeddable":true,"href":"https:\/\/www.europesays.com\/lv\/wp-json\/wp\/v2\/comments?post=38781"}],"version-history":[{"count":0,"href":"https:\/\/www.europesays.com\/lv\/wp-json\/wp\/v2\/posts\/38781\/revisions"}],"wp:featuredmedia":[{"embeddable":true,"href":"https:\/\/www.europesays.com\/lv\/wp-json\/wp\/v2\/media\/38782"}],"wp:attachment":[{"href":"https:\/\/www.europesays.com\/lv\/wp-json\/wp\/v2\/media?parent=38781"}],"wp:term":[{"taxonomy":"category","embeddable":true,"href":"https:\/\/www.europesays.com\/lv\/wp-json\/wp\/v2\/categories?post=38781"},{"taxonomy":"post_tag","embeddable":true,"href":"https:\/\/www.europesays.com\/lv\/wp-json\/wp\/v2\/tags?post=38781"}],"curies":[{"name":"wp","href":"https:\/\/api.w.org\/{rel}","templated":true}]}}