{"id":38783,"date":"2025-11-03T11:29:11","date_gmt":"2025-11-03T11:29:11","guid":{"rendered":"https:\/\/www.europesays.com\/lv\/38783\/"},"modified":"2025-11-03T11:29:11","modified_gmt":"2025-11-03T11:29:11","slug":"policija-noskir-vucica-pretiniekus-un-atbalstitajus","status":"publish","type":"post","link":"https:\/\/www.europesays.com\/lv\/38783\/","title":{"rendered":"policija no\u0161\u0137ir Vu\u010di\u010da pretiniekus un atbalst\u012bt\u0101jus"},"content":{"rendered":"<p>Policistu \u0137\u0113des no\u0161\u0137\u012bra savstarp\u0113ji naid\u012bgi noska\u0146otos demonstrantus, kas viens otru apsauk\u0101ja un apm\u0113t\u0101ja ar pudel\u0113m, petard\u0113m un trok\u0161\u0146a gran\u0101t\u0101m.<\/p>\n<p>Sestdien t\u016bksto\u0161iem cilv\u0113ku no visas valsts pulc\u0113j\u0101s Serbijas otraj\u0101 liel\u0101kaj\u0101 pils\u0113t\u0101 Novisad\u0101, lai piemin\u0113tu pirms gada dzelzce\u013ca stacij\u0101 notiku\u0161\u0101s tra\u0123\u0113dijas upurus. Tikm\u0113r spriedze pieauga ar\u012b Belgrad\u0101, kur izveidoj\u0101s pretst\u0101ve starp vair\u0101kiem t\u016bksto\u0161iem opoz\u012bcijas atbalst\u012bt\u0101ju un vald\u012bbas loj\u0101listiem.<\/p>\n<p>Pag\u0101ju\u0161\u0101 gada 1. novembr\u012b Novisadas dzelzce\u013ca stacij\u0101, kas bija nesen atjaunota, sabruka nojume, nogalinot 16 cilv\u0113kus. Negad\u012bjums izrais\u012bja Serbij\u0101 sa\u0161utumu par korupciju un b\u016bvniec\u012bbas projektu iesp\u0113jamu nepietiekamu uzraudz\u012bbu.<\/p>\n<p>\u0160\u012b tra\u0123\u0113dija izrais\u012bja protestu vilni, kur\u0101 iesaist\u012bju\u0161ies pla\u0161i sabiedr\u012bbas sl\u0101\u0146i, un demonstr\u0101cijas joproj\u0101m turpin\u0101s.<\/p>\n<p>Pret vald\u012bbu noska\u0146otie protest\u0113t\u0101ji Belgrad\u0101 pauda atbalstu Dijanai Hrkai, kuras d\u0113ls Stefans g\u0101ja boj\u0101 Novisadas stacijas tra\u0123\u0113dij\u0101. Hrka sv\u0113tdien pazi\u0146oja, ka s\u0101k badastreiku net\u0101lu no tel\u0161u pils\u0113ti\u0146as, ko mart\u0101 pie parlamenta \u0113kas izveidoja Vu\u010di\u010da atbalst\u012bt\u0101ji un kas praktiski kalpo k\u0101 dz\u012bvais vairogs Vu\u010di\u010dam, jo ar cilv\u0113kiem piepilda parku un ielu pie Vu\u010di\u010da biroja un parlamenta \u0113kas.<\/p>\n","protected":false},"excerpt":{"rendered":"Policistu \u0137\u0113des no\u0161\u0137\u012bra savstarp\u0113ji naid\u012bgi noska\u0146otos demonstrantus, kas viens otru apsauk\u0101ja un apm\u0113t\u0101ja ar pudel\u0113m, petard\u0113m un trok\u0161\u0146a&hellip;\n","protected":false},"author":2,"featured_media":38784,"comment_status":"","ping_status":"","sticky":false,"template":"","format":"standard","meta":{"footnotes":""},"categories":[5],"tags":[23,8033,28,29,32,33,22,30,31,35,39,38,36,37,34,40,20,26,27,4204,243,24,25,21],"class_list":{"0":"post-38783","1":"post","2":"type-post","3":"status-publish","4":"format-standard","5":"has-post-thumbnail","7":"category-aktualitates","8":"tag-aktualitates","9":"tag-aleksandrs-vucics","10":"tag-breaking-news","11":"tag-breakingnews","12":"tag-featured-news","13":"tag-featurednews","14":"tag-headlines","15":"tag-latest-news","16":"tag-latestnews","17":"tag-latvia","18":"tag-latvian","19":"tag-latviesu","20":"tag-latviesu-valoda","21":"tag-latviesuvaloda","22":"tag-latvija","23":"tag-lv","24":"tag-news","25":"tag-popularakas-zinas","26":"tag-popularakaszinas","27":"tag-protesti","28":"tag-serbija","29":"tag-top-stories","30":"tag-topstories","31":"tag-zinas"},"share_on_mastodon":{"url":"https:\/\/pubeurope.com\/@lv\/115485538025345611","error":""},"_links":{"self":[{"href":"https:\/\/www.europesays.com\/lv\/wp-json\/wp\/v2\/posts\/38783","targetHints":{"allow":["GET"]}}],"collection":[{"href":"https:\/\/www.europesays.com\/lv\/wp-json\/wp\/v2\/posts"}],"about":[{"href":"https:\/\/www.europesays.com\/lv\/wp-json\/wp\/v2\/types\/post"}],"author":[{"embeddable":true,"href":"https:\/\/www.europesays.com\/lv\/wp-json\/wp\/v2\/users\/2"}],"replies":[{"embeddable":true,"href":"https:\/\/www.europesays.com\/lv\/wp-json\/wp\/v2\/comments?post=38783"}],"version-history":[{"count":0,"href":"https:\/\/www.europesays.com\/lv\/wp-json\/wp\/v2\/posts\/38783\/revisions"}],"wp:featuredmedia":[{"embeddable":true,"href":"https:\/\/www.europesays.com\/lv\/wp-json\/wp\/v2\/media\/38784"}],"wp:attachment":[{"href":"https:\/\/www.europesays.com\/lv\/wp-json\/wp\/v2\/media?parent=38783"}],"wp:term":[{"taxonomy":"category","embeddable":true,"href":"https:\/\/www.europesays.com\/lv\/wp-json\/wp\/v2\/categories?post=38783"},{"taxonomy":"post_tag","embeddable":true,"href":"https:\/\/www.europesays.com\/lv\/wp-json\/wp\/v2\/tags?post=38783"}],"curies":[{"name":"wp","href":"https:\/\/api.w.org\/{rel}","templated":true}]}}